{"id":867,"date":"2018-08-25T23:41:22","date_gmt":"2018-08-25T21:41:22","guid":{"rendered":"http:\/\/brezice.eu\/festival\/?p=867"},"modified":"2018-08-25T23:42:53","modified_gmt":"2018-08-25T21:42:53","slug":"finalisti-drugega-dela-polfinala-25-08-2018","status":"publish","type":"post","link":"https:\/\/brezice.eu\/festival\/finalisti-drugega-dela-polfinala-25-08-2018\/","title":{"rendered":"Finalisti drugega dela polfinala 25.08.2018"},"content":{"rendered":"<p>Izbrani so drugi finalist, ki se bodo predstavili na velikem finalu v nedeljo, 26.08.2018:<\/p>\n<p><strong>Od 6 do 9 let<\/strong><\/p>\n<p>Manca \u017derjav<br \/>\n\u017dana Urisk<br \/>\nDoroteja Egari\u0107<\/p>\n<p><strong>od 10 do 13 let<\/strong><\/p>\n<p>Eva Julija Borov\u0161ak<br \/>\nValentina Mali\u0161evi\u0107<br \/>\nAnja Bajuk<br \/>\nJakov Jozinovi\u0107<br \/>\nEma Petrej<br \/>\nGabriela Brai\u010di\u0107<br \/>\nMa\u0161a Smiljani\u0107<\/p>\n<p><strong>od 14 do 17 let\u00a0<\/strong><\/p>\n<p>Maja Tomi\u0107<br \/>\nJanja Jesenko<br \/>\nLana \u0160kof<br \/>\n\u017diva Strgar<br \/>\nManca Tomin\u0161ek<br \/>\n\u0160pela Sever<br \/>\nSara Andri\u0107<\/p>\n<p>Iskreno \u010destitamo vsem finalistom in vsem ostalim, ki si delite odli\u010dno 4. mesto Mednarodnega otro\u0161kega pevskega festivala Bre\u017eice 2018!<\/p>\n","protected":false},"excerpt":{"rendered":"<p>Izbrani so drugi finalist, ki se bodo predstavili na velikem finalu v nedeljo, 26.08.2018: Od 6 do 9 let Manca \u017derjav \u017dana Urisk Doroteja Egari\u0107 od 10 do 13 let Eva Julija Borov\u0161ak Valentina Mali\u0161evi\u0107 Anja Bajuk Jakov Jozinovi\u0107 Ema Petrej Gabriela Brai\u010di\u0107 Ma\u0161a Smiljani\u0107 od 14 do 17 let\u00a0 Maja Tomi\u0107 Janja Jesenko Lana &hellip; <\/p>\n<p class=\"link-more\"><a href=\"https:\/\/brezice.eu\/festival\/finalisti-drugega-dela-polfinala-25-08-2018\/\" class=\"more-link\">Preberi ve\u010d<span class=\"screen-reader-text\"> &#8220;Finalisti drugega dela polfinala 25.08.2018&#8221;<\/span><\/a><\/p>\n","protected":false},"author":1,"featured_media":873,"comment_status":"open","ping_status":"open","sticky":false,"template":"","format":"standard","meta":{"footnotes":""},"categories":[1],"tags":[],"class_list":["post-867","post","type-post","status-publish","format-standard","has-post-thumbnail","hentry","category-obvestila"],"yoast_head":"<!-- This site is optimized with the Yoast SEO plugin v27.4 - https:\/\/yoast.com\/product\/yoast-seo-wordpress\/ -->\n<title>Finalisti drugega dela polfinala 25.08.2018 - Mednarodni otro\u0161ki pevski festival Bre\u017eice<\/title>\n<meta name=\"robots\" content=\"index, follow, max-snippet:-1, max-image-preview:large, max-video-preview:-1\" \/>\n<link rel=\"canonical\" href=\"https:\/\/brezice.eu\/festival\/finalisti-drugega-dela-polfinala-25-08-2018\/\" \/>\n<meta property=\"og:locale\" content=\"sl_SI\" \/>\n<meta property=\"og:type\" content=\"article\" \/>\n<meta property=\"og:title\" content=\"Finalisti drugega dela polfinala 25.08.2018 - Mednarodni otro\u0161ki pevski festival Bre\u017eice\" \/>\n<meta property=\"og:description\" content=\"Izbrani so drugi finalist, ki se bodo predstavili na velikem finalu v nedeljo, 26.08.2018: Od 6 do 9 let Manca \u017derjav \u017dana Urisk Doroteja Egari\u0107 od 10 do 13 let Eva Julija Borov\u0161ak Valentina Mali\u0161evi\u0107 Anja Bajuk Jakov Jozinovi\u0107 Ema Petrej Gabriela Brai\u010di\u0107 Ma\u0161a Smiljani\u0107 od 14 do 17 let\u00a0 Maja Tomi\u0107 Janja Jesenko Lana &hellip; Preberi ve\u010d &quot;Finalisti drugega dela polfinala 25.08.2018&quot;\" \/>\n<meta property=\"og:url\" content=\"https:\/\/brezice.eu\/festival\/finalisti-drugega-dela-polfinala-25-08-2018\/\" \/>\n<meta property=\"og:site_name\" content=\"Mednarodni otro\u0161ki pevski festival Bre\u017eice\" \/>\n<meta property=\"article:published_time\" content=\"2018-08-25T21:41:22+00:00\" \/>\n<meta property=\"article:modified_time\" content=\"2018-08-25T21:42:53+00:00\" \/>\n<meta property=\"og:image\" content=\"https:\/\/brezice.eu\/festival\/wp-content\/uploads\/2018\/08\/izbor-Finalistov-25.08.2018.jpg\" \/>\n\t<meta property=\"og:image:width\" content=\"1600\" \/>\n\t<meta property=\"og:image:height\" content=\"800\" \/>\n\t<meta property=\"og:image:type\" content=\"image\/jpeg\" \/>\n<meta name=\"author\" content=\"Maks\" \/>\n<meta name=\"twitter:card\" content=\"summary_large_image\" \/>\n<meta name=\"twitter:label1\" content=\"Written by\" \/>\n\t<meta name=\"twitter:data1\" content=\"Maks\" \/>\n<script type=\"application\/ld+json\" class=\"yoast-schema-graph\">{\"@context\":\"https:\\\/\\\/schema.org\",\"@graph\":[{\"@type\":\"Article\",\"@id\":\"https:\\\/\\\/brezice.eu\\\/festival\\\/finalisti-drugega-dela-polfinala-25-08-2018\\\/#article\",\"isPartOf\":{\"@id\":\"https:\\\/\\\/brezice.eu\\\/festival\\\/finalisti-drugega-dela-polfinala-25-08-2018\\\/\"},\"author\":{\"name\":\"Maks\",\"@id\":\"https:\\\/\\\/brezice.eu\\\/festival\\\/#\\\/schema\\\/person\\\/3d072c5f979e85b05a4ce581efa89f7f\"},\"headline\":\"Finalisti drugega dela polfinala 25.08.2018\",\"datePublished\":\"2018-08-25T21:41:22+00:00\",\"dateModified\":\"2018-08-25T21:42:53+00:00\",\"mainEntityOfPage\":{\"@id\":\"https:\\\/\\\/brezice.eu\\\/festival\\\/finalisti-drugega-dela-polfinala-25-08-2018\\\/\"},\"wordCount\":86,\"commentCount\":1,\"publisher\":{\"@id\":\"https:\\\/\\\/brezice.eu\\\/festival\\\/#organization\"},\"image\":{\"@id\":\"https:\\\/\\\/brezice.eu\\\/festival\\\/finalisti-drugega-dela-polfinala-25-08-2018\\\/#primaryimage\"},\"thumbnailUrl\":\"https:\\\/\\\/brezice.eu\\\/festival\\\/wp-content\\\/uploads\\\/2018\\\/08\\\/izbor-Finalistov-25.08.2018.jpg\",\"articleSection\":[\"Obvestila\"],\"inLanguage\":\"sl-SI\"},{\"@type\":\"WebPage\",\"@id\":\"https:\\\/\\\/brezice.eu\\\/festival\\\/finalisti-drugega-dela-polfinala-25-08-2018\\\/\",\"url\":\"https:\\\/\\\/brezice.eu\\\/festival\\\/finalisti-drugega-dela-polfinala-25-08-2018\\\/\",\"name\":\"Finalisti drugega dela polfinala 25.08.2018 - Mednarodni otro\u0161ki pevski festival Bre\u017eice\",\"isPartOf\":{\"@id\":\"https:\\\/\\\/brezice.eu\\\/festival\\\/#website\"},\"primaryImageOfPage\":{\"@id\":\"https:\\\/\\\/brezice.eu\\\/festival\\\/finalisti-drugega-dela-polfinala-25-08-2018\\\/#primaryimage\"},\"image\":{\"@id\":\"https:\\\/\\\/brezice.eu\\\/festival\\\/finalisti-drugega-dela-polfinala-25-08-2018\\\/#primaryimage\"},\"thumbnailUrl\":\"https:\\\/\\\/brezice.eu\\\/festival\\\/wp-content\\\/uploads\\\/2018\\\/08\\\/izbor-Finalistov-25.08.2018.jpg\",\"datePublished\":\"2018-08-25T21:41:22+00:00\",\"dateModified\":\"2018-08-25T21:42:53+00:00\",\"breadcrumb\":{\"@id\":\"https:\\\/\\\/brezice.eu\\\/festival\\\/finalisti-drugega-dela-polfinala-25-08-2018\\\/#breadcrumb\"},\"inLanguage\":\"sl-SI\",\"potentialAction\":[{\"@type\":\"ReadAction\",\"target\":[\"https:\\\/\\\/brezice.eu\\\/festival\\\/finalisti-drugega-dela-polfinala-25-08-2018\\\/\"]}]},{\"@type\":\"ImageObject\",\"inLanguage\":\"sl-SI\",\"@id\":\"https:\\\/\\\/brezice.eu\\\/festival\\\/finalisti-drugega-dela-polfinala-25-08-2018\\\/#primaryimage\",\"url\":\"https:\\\/\\\/brezice.eu\\\/festival\\\/wp-content\\\/uploads\\\/2018\\\/08\\\/izbor-Finalistov-25.08.2018.jpg\",\"contentUrl\":\"https:\\\/\\\/brezice.eu\\\/festival\\\/wp-content\\\/uploads\\\/2018\\\/08\\\/izbor-Finalistov-25.08.2018.jpg\",\"width\":1600,\"height\":800},{\"@type\":\"BreadcrumbList\",\"@id\":\"https:\\\/\\\/brezice.eu\\\/festival\\\/finalisti-drugega-dela-polfinala-25-08-2018\\\/#breadcrumb\",\"itemListElement\":[{\"@type\":\"ListItem\",\"position\":1,\"name\":\"Home\",\"item\":\"https:\\\/\\\/brezice.eu\\\/festival\\\/\"},{\"@type\":\"ListItem\",\"position\":2,\"name\":\"Finalisti drugega dela polfinala 25.08.2018\"}]},{\"@type\":\"WebSite\",\"@id\":\"https:\\\/\\\/brezice.eu\\\/festival\\\/#website\",\"url\":\"https:\\\/\\\/brezice.eu\\\/festival\\\/\",\"name\":\"Mednarodni otro\u0161ki pevski festival Bre\u017eice\",\"description\":\"Predstavljamo vam najbolj\u0161e mlade evropske pevce od 6 do vklju\u010dno 17 let\",\"publisher\":{\"@id\":\"https:\\\/\\\/brezice.eu\\\/festival\\\/#organization\"},\"potentialAction\":[{\"@type\":\"SearchAction\",\"target\":{\"@type\":\"EntryPoint\",\"urlTemplate\":\"https:\\\/\\\/brezice.eu\\\/festival\\\/?s={search_term_string}\"},\"query-input\":{\"@type\":\"PropertyValueSpecification\",\"valueRequired\":true,\"valueName\":\"search_term_string\"}}],\"inLanguage\":\"sl-SI\"},{\"@type\":\"Organization\",\"@id\":\"https:\\\/\\\/brezice.eu\\\/festival\\\/#organization\",\"name\":\"Mednarodni otro\u0161ki pevski festival Bre\u017eice\",\"url\":\"https:\\\/\\\/brezice.eu\\\/festival\\\/\",\"logo\":{\"@type\":\"ImageObject\",\"inLanguage\":\"sl-SI\",\"@id\":\"https:\\\/\\\/brezice.eu\\\/festival\\\/#\\\/schema\\\/logo\\\/image\\\/\",\"url\":\"https:\\\/\\\/brezice.eu\\\/festival\\\/wp-content\\\/uploads\\\/2020\\\/02\\\/cropped-MOPFBrezice-logo-z-belim-ozadjem-transparent-1.png\",\"contentUrl\":\"https:\\\/\\\/brezice.eu\\\/festival\\\/wp-content\\\/uploads\\\/2020\\\/02\\\/cropped-MOPFBrezice-logo-z-belim-ozadjem-transparent-1.png\",\"width\":990,\"height\":250,\"caption\":\"Mednarodni otro\u0161ki pevski festival Bre\u017eice\"},\"image\":{\"@id\":\"https:\\\/\\\/brezice.eu\\\/festival\\\/#\\\/schema\\\/logo\\\/image\\\/\"}},{\"@type\":\"Person\",\"@id\":\"https:\\\/\\\/brezice.eu\\\/festival\\\/#\\\/schema\\\/person\\\/3d072c5f979e85b05a4ce581efa89f7f\",\"name\":\"Maks\",\"image\":{\"@type\":\"ImageObject\",\"inLanguage\":\"sl-SI\",\"@id\":\"https:\\\/\\\/secure.gravatar.com\\\/avatar\\\/0a63dd2b7395063206299376ba60cf09eb4aa0142b18376a136d022186d600a6?s=96&d=mm&r=g\",\"url\":\"https:\\\/\\\/secure.gravatar.com\\\/avatar\\\/0a63dd2b7395063206299376ba60cf09eb4aa0142b18376a136d022186d600a6?s=96&d=mm&r=g\",\"contentUrl\":\"https:\\\/\\\/secure.gravatar.com\\\/avatar\\\/0a63dd2b7395063206299376ba60cf09eb4aa0142b18376a136d022186d600a6?s=96&d=mm&r=g\",\"caption\":\"Maks\"},\"url\":\"https:\\\/\\\/brezice.eu\\\/festival\\\/author\\\/maks\\\/\"}]}<\/script>\n<!-- \/ Yoast SEO plugin. -->","yoast_head_json":{"title":"Finalisti drugega dela polfinala 25.08.2018 - Mednarodni otro\u0161ki pevski festival Bre\u017eice","robots":{"index":"index","follow":"follow","max-snippet":"max-snippet:-1","max-image-preview":"max-image-preview:large","max-video-preview":"max-video-preview:-1"},"canonical":"https:\/\/brezice.eu\/festival\/finalisti-drugega-dela-polfinala-25-08-2018\/","og_locale":"sl_SI","og_type":"article","og_title":"Finalisti drugega dela polfinala 25.08.2018 - Mednarodni otro\u0161ki pevski festival Bre\u017eice","og_description":"Izbrani so drugi finalist, ki se bodo predstavili na velikem finalu v nedeljo, 26.08.2018: Od 6 do 9 let Manca \u017derjav \u017dana Urisk Doroteja Egari\u0107 od 10 do 13 let Eva Julija Borov\u0161ak Valentina Mali\u0161evi\u0107 Anja Bajuk Jakov Jozinovi\u0107 Ema Petrej Gabriela Brai\u010di\u0107 Ma\u0161a Smiljani\u0107 od 14 do 17 let\u00a0 Maja Tomi\u0107 Janja Jesenko Lana &hellip; Preberi ve\u010d \"Finalisti drugega dela polfinala 25.08.2018\"","og_url":"https:\/\/brezice.eu\/festival\/finalisti-drugega-dela-polfinala-25-08-2018\/","og_site_name":"Mednarodni otro\u0161ki pevski festival Bre\u017eice","article_published_time":"2018-08-25T21:41:22+00:00","article_modified_time":"2018-08-25T21:42:53+00:00","og_image":[{"width":1600,"height":800,"url":"https:\/\/brezice.eu\/festival\/wp-content\/uploads\/2018\/08\/izbor-Finalistov-25.08.2018.jpg","type":"image\/jpeg"}],"author":"Maks","twitter_card":"summary_large_image","twitter_misc":{"Written by":"Maks"},"schema":{"@context":"https:\/\/schema.org","@graph":[{"@type":"Article","@id":"https:\/\/brezice.eu\/festival\/finalisti-drugega-dela-polfinala-25-08-2018\/#article","isPartOf":{"@id":"https:\/\/brezice.eu\/festival\/finalisti-drugega-dela-polfinala-25-08-2018\/"},"author":{"name":"Maks","@id":"https:\/\/brezice.eu\/festival\/#\/schema\/person\/3d072c5f979e85b05a4ce581efa89f7f"},"headline":"Finalisti drugega dela polfinala 25.08.2018","datePublished":"2018-08-25T21:41:22+00:00","dateModified":"2018-08-25T21:42:53+00:00","mainEntityOfPage":{"@id":"https:\/\/brezice.eu\/festival\/finalisti-drugega-dela-polfinala-25-08-2018\/"},"wordCount":86,"commentCount":1,"publisher":{"@id":"https:\/\/brezice.eu\/festival\/#organization"},"image":{"@id":"https:\/\/brezice.eu\/festival\/finalisti-drugega-dela-polfinala-25-08-2018\/#primaryimage"},"thumbnailUrl":"https:\/\/brezice.eu\/festival\/wp-content\/uploads\/2018\/08\/izbor-Finalistov-25.08.2018.jpg","articleSection":["Obvestila"],"inLanguage":"sl-SI"},{"@type":"WebPage","@id":"https:\/\/brezice.eu\/festival\/finalisti-drugega-dela-polfinala-25-08-2018\/","url":"https:\/\/brezice.eu\/festival\/finalisti-drugega-dela-polfinala-25-08-2018\/","name":"Finalisti drugega dela polfinala 25.08.2018 - Mednarodni otro\u0161ki pevski festival Bre\u017eice","isPartOf":{"@id":"https:\/\/brezice.eu\/festival\/#website"},"primaryImageOfPage":{"@id":"https:\/\/brezice.eu\/festival\/finalisti-drugega-dela-polfinala-25-08-2018\/#primaryimage"},"image":{"@id":"https:\/\/brezice.eu\/festival\/finalisti-drugega-dela-polfinala-25-08-2018\/#primaryimage"},"thumbnailUrl":"https:\/\/brezice.eu\/festival\/wp-content\/uploads\/2018\/08\/izbor-Finalistov-25.08.2018.jpg","datePublished":"2018-08-25T21:41:22+00:00","dateModified":"2018-08-25T21:42:53+00:00","breadcrumb":{"@id":"https:\/\/brezice.eu\/festival\/finalisti-drugega-dela-polfinala-25-08-2018\/#breadcrumb"},"inLanguage":"sl-SI","potentialAction":[{"@type":"ReadAction","target":["https:\/\/brezice.eu\/festival\/finalisti-drugega-dela-polfinala-25-08-2018\/"]}]},{"@type":"ImageObject","inLanguage":"sl-SI","@id":"https:\/\/brezice.eu\/festival\/finalisti-drugega-dela-polfinala-25-08-2018\/#primaryimage","url":"https:\/\/brezice.eu\/festival\/wp-content\/uploads\/2018\/08\/izbor-Finalistov-25.08.2018.jpg","contentUrl":"https:\/\/brezice.eu\/festival\/wp-content\/uploads\/2018\/08\/izbor-Finalistov-25.08.2018.jpg","width":1600,"height":800},{"@type":"BreadcrumbList","@id":"https:\/\/brezice.eu\/festival\/finalisti-drugega-dela-polfinala-25-08-2018\/#breadcrumb","itemListElement":[{"@type":"ListItem","position":1,"name":"Home","item":"https:\/\/brezice.eu\/festival\/"},{"@type":"ListItem","position":2,"name":"Finalisti drugega dela polfinala 25.08.2018"}]},{"@type":"WebSite","@id":"https:\/\/brezice.eu\/festival\/#website","url":"https:\/\/brezice.eu\/festival\/","name":"Mednarodni otro\u0161ki pevski festival Bre\u017eice","description":"Predstavljamo vam najbolj\u0161e mlade evropske pevce od 6 do vklju\u010dno 17 let","publisher":{"@id":"https:\/\/brezice.eu\/festival\/#organization"},"potentialAction":[{"@type":"SearchAction","target":{"@type":"EntryPoint","urlTemplate":"https:\/\/brezice.eu\/festival\/?s={search_term_string}"},"query-input":{"@type":"PropertyValueSpecification","valueRequired":true,"valueName":"search_term_string"}}],"inLanguage":"sl-SI"},{"@type":"Organization","@id":"https:\/\/brezice.eu\/festival\/#organization","name":"Mednarodni otro\u0161ki pevski festival Bre\u017eice","url":"https:\/\/brezice.eu\/festival\/","logo":{"@type":"ImageObject","inLanguage":"sl-SI","@id":"https:\/\/brezice.eu\/festival\/#\/schema\/logo\/image\/","url":"https:\/\/brezice.eu\/festival\/wp-content\/uploads\/2020\/02\/cropped-MOPFBrezice-logo-z-belim-ozadjem-transparent-1.png","contentUrl":"https:\/\/brezice.eu\/festival\/wp-content\/uploads\/2020\/02\/cropped-MOPFBrezice-logo-z-belim-ozadjem-transparent-1.png","width":990,"height":250,"caption":"Mednarodni otro\u0161ki pevski festival Bre\u017eice"},"image":{"@id":"https:\/\/brezice.eu\/festival\/#\/schema\/logo\/image\/"}},{"@type":"Person","@id":"https:\/\/brezice.eu\/festival\/#\/schema\/person\/3d072c5f979e85b05a4ce581efa89f7f","name":"Maks","image":{"@type":"ImageObject","inLanguage":"sl-SI","@id":"https:\/\/secure.gravatar.com\/avatar\/0a63dd2b7395063206299376ba60cf09eb4aa0142b18376a136d022186d600a6?s=96&d=mm&r=g","url":"https:\/\/secure.gravatar.com\/avatar\/0a63dd2b7395063206299376ba60cf09eb4aa0142b18376a136d022186d600a6?s=96&d=mm&r=g","contentUrl":"https:\/\/secure.gravatar.com\/avatar\/0a63dd2b7395063206299376ba60cf09eb4aa0142b18376a136d022186d600a6?s=96&d=mm&r=g","caption":"Maks"},"url":"https:\/\/brezice.eu\/festival\/author\/maks\/"}]}},"rttpg_featured_image_url":{"full":["https:\/\/brezice.eu\/festival\/wp-content\/uploads\/2018\/08\/izbor-Finalistov-25.08.2018.jpg",1600,800,false],"landscape":["https:\/\/brezice.eu\/festival\/wp-content\/uploads\/2018\/08\/izbor-Finalistov-25.08.2018.jpg",1600,800,false],"portraits":["https:\/\/brezice.eu\/festival\/wp-content\/uploads\/2018\/08\/izbor-Finalistov-25.08.2018.jpg",1600,800,false],"thumbnail":["https:\/\/brezice.eu\/festival\/wp-content\/uploads\/2018\/08\/izbor-Finalistov-25.08.2018-150x150.jpg",150,150,true],"medium":["https:\/\/brezice.eu\/festival\/wp-content\/uploads\/2018\/08\/izbor-Finalistov-25.08.2018-300x150.jpg",300,150,true],"large":["https:\/\/brezice.eu\/festival\/wp-content\/uploads\/2018\/08\/izbor-Finalistov-25.08.2018-1024x512.jpg",525,263,true],"1536x1536":["https:\/\/brezice.eu\/festival\/wp-content\/uploads\/2018\/08\/izbor-Finalistov-25.08.2018.jpg",1536,768,false],"2048x2048":["https:\/\/brezice.eu\/festival\/wp-content\/uploads\/2018\/08\/izbor-Finalistov-25.08.2018.jpg",1600,800,false],"twentyseventeen-featured-image":["https:\/\/brezice.eu\/festival\/wp-content\/uploads\/2018\/08\/izbor-Finalistov-25.08.2018.jpg",1600,800,false],"twentyseventeen-thumbnail-avatar":["https:\/\/brezice.eu\/festival\/wp-content\/uploads\/2018\/08\/izbor-Finalistov-25.08.2018-100x100.jpg",100,100,true]},"rttpg_author":{"display_name":"Maks","author_link":"https:\/\/brezice.eu\/festival\/author\/maks\/"},"rttpg_comment":2,"rttpg_category":"<a href=\"https:\/\/brezice.eu\/festival\/category\/obvestila\/\" rel=\"category tag\">Obvestila<\/a>","rttpg_excerpt":"Izbrani so drugi finalist, ki se bodo predstavili na velikem finalu v nedeljo, 26.08.2018: Od 6 do 9 let Manca \u017derjav \u017dana Urisk Doroteja Egari\u0107 od 10 do 13 let Eva Julija Borov\u0161ak Valentina Mali\u0161evi\u0107 Anja Bajuk Jakov Jozinovi\u0107 Ema Petrej Gabriela Brai\u010di\u0107 Ma\u0161a Smiljani\u0107 od 14 do 17 let\u00a0 Maja Tomi\u0107 Janja Jesenko Lana&hellip;","_links":{"self":[{"href":"https:\/\/brezice.eu\/festival\/wp-json\/wp\/v2\/posts\/867","targetHints":{"allow":["GET"]}}],"collection":[{"href":"https:\/\/brezice.eu\/festival\/wp-json\/wp\/v2\/posts"}],"about":[{"href":"https:\/\/brezice.eu\/festival\/wp-json\/wp\/v2\/types\/post"}],"author":[{"embeddable":true,"href":"https:\/\/brezice.eu\/festival\/wp-json\/wp\/v2\/users\/1"}],"replies":[{"embeddable":true,"href":"https:\/\/brezice.eu\/festival\/wp-json\/wp\/v2\/comments?post=867"}],"version-history":[{"count":2,"href":"https:\/\/brezice.eu\/festival\/wp-json\/wp\/v2\/posts\/867\/revisions"}],"predecessor-version":[{"id":876,"href":"https:\/\/brezice.eu\/festival\/wp-json\/wp\/v2\/posts\/867\/revisions\/876"}],"wp:featuredmedia":[{"embeddable":true,"href":"https:\/\/brezice.eu\/festival\/wp-json\/wp\/v2\/media\/873"}],"wp:attachment":[{"href":"https:\/\/brezice.eu\/festival\/wp-json\/wp\/v2\/media?parent=867"}],"wp:term":[{"taxonomy":"category","embeddable":true,"href":"https:\/\/brezice.eu\/festival\/wp-json\/wp\/v2\/categories?post=867"},{"taxonomy":"post_tag","embeddable":true,"href":"https:\/\/brezice.eu\/festival\/wp-json\/wp\/v2\/tags?post=867"}],"curies":[{"name":"wp","href":"https:\/\/api.w.org\/{rel}","templated":true}]}}