{"id":817,"date":"2018-08-24T23:40:55","date_gmt":"2018-08-24T21:40:55","guid":{"rendered":"http:\/\/brezice.eu\/festival\/?p=817"},"modified":"2018-08-24T23:40:55","modified_gmt":"2018-08-24T21:40:55","slug":"finalisti-prvega-dela-polfinala-24-08-2018","status":"publish","type":"post","link":"https:\/\/brezice.eu\/festival\/finalisti-prvega-dela-polfinala-24-08-2018\/","title":{"rendered":"Finalisti prvega dela polfinala 24.08.2018"},"content":{"rendered":"<p>Izbrani so prvi finalist, ki se bodo predstavili na velikem finalu v nedeljo, 26.08.2018:<\/p>\n<p><strong>Od 6 do 9 let<\/strong><\/p>\n<p>Tiana Vlaisavljevi\u0107<br \/>\nTia Grubelnik<br \/>\nLucija Ple\u0161a<br \/>\nHajdi Haler<\/p>\n<p><strong>od 10 do 13 let<\/strong><\/p>\n<p>Lucija Jagar<br \/>\nDora Petrej<br \/>\nMaja Pero\u0161<br \/>\nTara Vidovi\u0107<br \/>\nRoberta Moha\u010d<\/p>\n<p><strong>od 14 do 17 let\u00a0<\/strong><\/p>\n<p>Manca Mihelin<br \/>\nMia Smiljani\u0107<br \/>\nAna Grdadolnik<br \/>\nNika Pastuovi\u0107<br \/>\nNika \u010ci\u017emek<br \/>\nLaura Nikolanci<br \/>\nMa\u0161a Rogelj<br \/>\nAida Perko Praner<\/p>\n<p>Iskreno \u010destitamo vsem finalistom in vsem ostalim, ki si delite odli\u010dno 4. mesto Mednarodnega otro\u0161kega pevskega festivala Bre\u017eice 2018!<\/p>\n","protected":false},"excerpt":{"rendered":"<p>Izbrani so prvi finalist, ki se bodo predstavili na velikem finalu v nedeljo, 26.08.2018: Od 6 do 9 let Tiana Vlaisavljevi\u0107 Tia Grubelnik Lucija Ple\u0161a Hajdi Haler od 10 do 13 let Lucija Jagar Dora Petrej Maja Pero\u0161 Tara Vidovi\u0107 Roberta Moha\u010d od 14 do 17 let\u00a0 Manca Mihelin Mia Smiljani\u0107 Ana Grdadolnik Nika Pastuovi\u0107 &hellip; <\/p>\n<p class=\"link-more\"><a href=\"https:\/\/brezice.eu\/festival\/finalisti-prvega-dela-polfinala-24-08-2018\/\" class=\"more-link\">Preberi ve\u010d<span class=\"screen-reader-text\"> &#8220;Finalisti prvega dela polfinala 24.08.2018&#8221;<\/span><\/a><\/p>\n","protected":false},"author":1,"featured_media":825,"comment_status":"open","ping_status":"open","sticky":false,"template":"","format":"standard","meta":{"footnotes":""},"categories":[1],"tags":[],"class_list":["post-817","post","type-post","status-publish","format-standard","has-post-thumbnail","hentry","category-obvestila"],"yoast_head":"<!-- This site is optimized with the Yoast SEO plugin v27.4 - https:\/\/yoast.com\/product\/yoast-seo-wordpress\/ -->\n<title>Finalisti prvega dela polfinala 24.08.2018 - Mednarodni otro\u0161ki pevski festival Bre\u017eice<\/title>\n<meta name=\"robots\" content=\"index, follow, max-snippet:-1, max-image-preview:large, max-video-preview:-1\" \/>\n<link rel=\"canonical\" href=\"https:\/\/brezice.eu\/festival\/finalisti-prvega-dela-polfinala-24-08-2018\/\" \/>\n<meta property=\"og:locale\" content=\"sl_SI\" \/>\n<meta property=\"og:type\" content=\"article\" \/>\n<meta property=\"og:title\" content=\"Finalisti prvega dela polfinala 24.08.2018 - Mednarodni otro\u0161ki pevski festival Bre\u017eice\" \/>\n<meta property=\"og:description\" content=\"Izbrani so prvi finalist, ki se bodo predstavili na velikem finalu v nedeljo, 26.08.2018: Od 6 do 9 let Tiana Vlaisavljevi\u0107 Tia Grubelnik Lucija Ple\u0161a Hajdi Haler od 10 do 13 let Lucija Jagar Dora Petrej Maja Pero\u0161 Tara Vidovi\u0107 Roberta Moha\u010d od 14 do 17 let\u00a0 Manca Mihelin Mia Smiljani\u0107 Ana Grdadolnik Nika Pastuovi\u0107 &hellip; Preberi ve\u010d &quot;Finalisti prvega dela polfinala 24.08.2018&quot;\" \/>\n<meta property=\"og:url\" content=\"https:\/\/brezice.eu\/festival\/finalisti-prvega-dela-polfinala-24-08-2018\/\" \/>\n<meta property=\"og:site_name\" content=\"Mednarodni otro\u0161ki pevski festival Bre\u017eice\" \/>\n<meta property=\"article:published_time\" content=\"2018-08-24T21:40:55+00:00\" \/>\n<meta property=\"og:image\" content=\"https:\/\/brezice.eu\/festival\/wp-content\/uploads\/2018\/08\/Izbor-Finalistov-24.08.2018.jpg\" \/>\n\t<meta property=\"og:image:width\" content=\"1600\" \/>\n\t<meta property=\"og:image:height\" content=\"800\" \/>\n\t<meta property=\"og:image:type\" content=\"image\/jpeg\" \/>\n<meta name=\"author\" content=\"Maks\" \/>\n<meta name=\"twitter:card\" content=\"summary_large_image\" \/>\n<meta name=\"twitter:label1\" content=\"Written by\" \/>\n\t<meta name=\"twitter:data1\" content=\"Maks\" \/>\n<script type=\"application\/ld+json\" class=\"yoast-schema-graph\">{\"@context\":\"https:\\\/\\\/schema.org\",\"@graph\":[{\"@type\":\"Article\",\"@id\":\"https:\\\/\\\/brezice.eu\\\/festival\\\/finalisti-prvega-dela-polfinala-24-08-2018\\\/#article\",\"isPartOf\":{\"@id\":\"https:\\\/\\\/brezice.eu\\\/festival\\\/finalisti-prvega-dela-polfinala-24-08-2018\\\/\"},\"author\":{\"name\":\"Maks\",\"@id\":\"https:\\\/\\\/brezice.eu\\\/festival\\\/#\\\/schema\\\/person\\\/3d072c5f979e85b05a4ce581efa89f7f\"},\"headline\":\"Finalisti prvega dela polfinala 24.08.2018\",\"datePublished\":\"2018-08-24T21:40:55+00:00\",\"mainEntityOfPage\":{\"@id\":\"https:\\\/\\\/brezice.eu\\\/festival\\\/finalisti-prvega-dela-polfinala-24-08-2018\\\/\"},\"wordCount\":84,\"commentCount\":0,\"publisher\":{\"@id\":\"https:\\\/\\\/brezice.eu\\\/festival\\\/#organization\"},\"image\":{\"@id\":\"https:\\\/\\\/brezice.eu\\\/festival\\\/finalisti-prvega-dela-polfinala-24-08-2018\\\/#primaryimage\"},\"thumbnailUrl\":\"https:\\\/\\\/brezice.eu\\\/festival\\\/wp-content\\\/uploads\\\/2018\\\/08\\\/Izbor-Finalistov-24.08.2018.jpg\",\"articleSection\":[\"Obvestila\"],\"inLanguage\":\"sl-SI\"},{\"@type\":\"WebPage\",\"@id\":\"https:\\\/\\\/brezice.eu\\\/festival\\\/finalisti-prvega-dela-polfinala-24-08-2018\\\/\",\"url\":\"https:\\\/\\\/brezice.eu\\\/festival\\\/finalisti-prvega-dela-polfinala-24-08-2018\\\/\",\"name\":\"Finalisti prvega dela polfinala 24.08.2018 - Mednarodni otro\u0161ki pevski festival Bre\u017eice\",\"isPartOf\":{\"@id\":\"https:\\\/\\\/brezice.eu\\\/festival\\\/#website\"},\"primaryImageOfPage\":{\"@id\":\"https:\\\/\\\/brezice.eu\\\/festival\\\/finalisti-prvega-dela-polfinala-24-08-2018\\\/#primaryimage\"},\"image\":{\"@id\":\"https:\\\/\\\/brezice.eu\\\/festival\\\/finalisti-prvega-dela-polfinala-24-08-2018\\\/#primaryimage\"},\"thumbnailUrl\":\"https:\\\/\\\/brezice.eu\\\/festival\\\/wp-content\\\/uploads\\\/2018\\\/08\\\/Izbor-Finalistov-24.08.2018.jpg\",\"datePublished\":\"2018-08-24T21:40:55+00:00\",\"breadcrumb\":{\"@id\":\"https:\\\/\\\/brezice.eu\\\/festival\\\/finalisti-prvega-dela-polfinala-24-08-2018\\\/#breadcrumb\"},\"inLanguage\":\"sl-SI\",\"potentialAction\":[{\"@type\":\"ReadAction\",\"target\":[\"https:\\\/\\\/brezice.eu\\\/festival\\\/finalisti-prvega-dela-polfinala-24-08-2018\\\/\"]}]},{\"@type\":\"ImageObject\",\"inLanguage\":\"sl-SI\",\"@id\":\"https:\\\/\\\/brezice.eu\\\/festival\\\/finalisti-prvega-dela-polfinala-24-08-2018\\\/#primaryimage\",\"url\":\"https:\\\/\\\/brezice.eu\\\/festival\\\/wp-content\\\/uploads\\\/2018\\\/08\\\/Izbor-Finalistov-24.08.2018.jpg\",\"contentUrl\":\"https:\\\/\\\/brezice.eu\\\/festival\\\/wp-content\\\/uploads\\\/2018\\\/08\\\/Izbor-Finalistov-24.08.2018.jpg\",\"width\":1600,\"height\":800},{\"@type\":\"BreadcrumbList\",\"@id\":\"https:\\\/\\\/brezice.eu\\\/festival\\\/finalisti-prvega-dela-polfinala-24-08-2018\\\/#breadcrumb\",\"itemListElement\":[{\"@type\":\"ListItem\",\"position\":1,\"name\":\"Home\",\"item\":\"https:\\\/\\\/brezice.eu\\\/festival\\\/\"},{\"@type\":\"ListItem\",\"position\":2,\"name\":\"Finalisti prvega dela polfinala 24.08.2018\"}]},{\"@type\":\"WebSite\",\"@id\":\"https:\\\/\\\/brezice.eu\\\/festival\\\/#website\",\"url\":\"https:\\\/\\\/brezice.eu\\\/festival\\\/\",\"name\":\"Mednarodni otro\u0161ki pevski festival Bre\u017eice\",\"description\":\"Predstavljamo vam najbolj\u0161e mlade evropske pevce od 6 do vklju\u010dno 17 let\",\"publisher\":{\"@id\":\"https:\\\/\\\/brezice.eu\\\/festival\\\/#organization\"},\"potentialAction\":[{\"@type\":\"SearchAction\",\"target\":{\"@type\":\"EntryPoint\",\"urlTemplate\":\"https:\\\/\\\/brezice.eu\\\/festival\\\/?s={search_term_string}\"},\"query-input\":{\"@type\":\"PropertyValueSpecification\",\"valueRequired\":true,\"valueName\":\"search_term_string\"}}],\"inLanguage\":\"sl-SI\"},{\"@type\":\"Organization\",\"@id\":\"https:\\\/\\\/brezice.eu\\\/festival\\\/#organization\",\"name\":\"Mednarodni otro\u0161ki pevski festival Bre\u017eice\",\"url\":\"https:\\\/\\\/brezice.eu\\\/festival\\\/\",\"logo\":{\"@type\":\"ImageObject\",\"inLanguage\":\"sl-SI\",\"@id\":\"https:\\\/\\\/brezice.eu\\\/festival\\\/#\\\/schema\\\/logo\\\/image\\\/\",\"url\":\"https:\\\/\\\/brezice.eu\\\/festival\\\/wp-content\\\/uploads\\\/2020\\\/02\\\/cropped-MOPFBrezice-logo-z-belim-ozadjem-transparent-1.png\",\"contentUrl\":\"https:\\\/\\\/brezice.eu\\\/festival\\\/wp-content\\\/uploads\\\/2020\\\/02\\\/cropped-MOPFBrezice-logo-z-belim-ozadjem-transparent-1.png\",\"width\":990,\"height\":250,\"caption\":\"Mednarodni otro\u0161ki pevski festival Bre\u017eice\"},\"image\":{\"@id\":\"https:\\\/\\\/brezice.eu\\\/festival\\\/#\\\/schema\\\/logo\\\/image\\\/\"}},{\"@type\":\"Person\",\"@id\":\"https:\\\/\\\/brezice.eu\\\/festival\\\/#\\\/schema\\\/person\\\/3d072c5f979e85b05a4ce581efa89f7f\",\"name\":\"Maks\",\"image\":{\"@type\":\"ImageObject\",\"inLanguage\":\"sl-SI\",\"@id\":\"https:\\\/\\\/secure.gravatar.com\\\/avatar\\\/0a63dd2b7395063206299376ba60cf09eb4aa0142b18376a136d022186d600a6?s=96&d=mm&r=g\",\"url\":\"https:\\\/\\\/secure.gravatar.com\\\/avatar\\\/0a63dd2b7395063206299376ba60cf09eb4aa0142b18376a136d022186d600a6?s=96&d=mm&r=g\",\"contentUrl\":\"https:\\\/\\\/secure.gravatar.com\\\/avatar\\\/0a63dd2b7395063206299376ba60cf09eb4aa0142b18376a136d022186d600a6?s=96&d=mm&r=g\",\"caption\":\"Maks\"},\"url\":\"https:\\\/\\\/brezice.eu\\\/festival\\\/author\\\/maks\\\/\"}]}<\/script>\n<!-- \/ Yoast SEO plugin. -->","yoast_head_json":{"title":"Finalisti prvega dela polfinala 24.08.2018 - Mednarodni otro\u0161ki pevski festival Bre\u017eice","robots":{"index":"index","follow":"follow","max-snippet":"max-snippet:-1","max-image-preview":"max-image-preview:large","max-video-preview":"max-video-preview:-1"},"canonical":"https:\/\/brezice.eu\/festival\/finalisti-prvega-dela-polfinala-24-08-2018\/","og_locale":"sl_SI","og_type":"article","og_title":"Finalisti prvega dela polfinala 24.08.2018 - Mednarodni otro\u0161ki pevski festival Bre\u017eice","og_description":"Izbrani so prvi finalist, ki se bodo predstavili na velikem finalu v nedeljo, 26.08.2018: Od 6 do 9 let Tiana Vlaisavljevi\u0107 Tia Grubelnik Lucija Ple\u0161a Hajdi Haler od 10 do 13 let Lucija Jagar Dora Petrej Maja Pero\u0161 Tara Vidovi\u0107 Roberta Moha\u010d od 14 do 17 let\u00a0 Manca Mihelin Mia Smiljani\u0107 Ana Grdadolnik Nika Pastuovi\u0107 &hellip; Preberi ve\u010d \"Finalisti prvega dela polfinala 24.08.2018\"","og_url":"https:\/\/brezice.eu\/festival\/finalisti-prvega-dela-polfinala-24-08-2018\/","og_site_name":"Mednarodni otro\u0161ki pevski festival Bre\u017eice","article_published_time":"2018-08-24T21:40:55+00:00","og_image":[{"width":1600,"height":800,"url":"https:\/\/brezice.eu\/festival\/wp-content\/uploads\/2018\/08\/Izbor-Finalistov-24.08.2018.jpg","type":"image\/jpeg"}],"author":"Maks","twitter_card":"summary_large_image","twitter_misc":{"Written by":"Maks"},"schema":{"@context":"https:\/\/schema.org","@graph":[{"@type":"Article","@id":"https:\/\/brezice.eu\/festival\/finalisti-prvega-dela-polfinala-24-08-2018\/#article","isPartOf":{"@id":"https:\/\/brezice.eu\/festival\/finalisti-prvega-dela-polfinala-24-08-2018\/"},"author":{"name":"Maks","@id":"https:\/\/brezice.eu\/festival\/#\/schema\/person\/3d072c5f979e85b05a4ce581efa89f7f"},"headline":"Finalisti prvega dela polfinala 24.08.2018","datePublished":"2018-08-24T21:40:55+00:00","mainEntityOfPage":{"@id":"https:\/\/brezice.eu\/festival\/finalisti-prvega-dela-polfinala-24-08-2018\/"},"wordCount":84,"commentCount":0,"publisher":{"@id":"https:\/\/brezice.eu\/festival\/#organization"},"image":{"@id":"https:\/\/brezice.eu\/festival\/finalisti-prvega-dela-polfinala-24-08-2018\/#primaryimage"},"thumbnailUrl":"https:\/\/brezice.eu\/festival\/wp-content\/uploads\/2018\/08\/Izbor-Finalistov-24.08.2018.jpg","articleSection":["Obvestila"],"inLanguage":"sl-SI"},{"@type":"WebPage","@id":"https:\/\/brezice.eu\/festival\/finalisti-prvega-dela-polfinala-24-08-2018\/","url":"https:\/\/brezice.eu\/festival\/finalisti-prvega-dela-polfinala-24-08-2018\/","name":"Finalisti prvega dela polfinala 24.08.2018 - Mednarodni otro\u0161ki pevski festival Bre\u017eice","isPartOf":{"@id":"https:\/\/brezice.eu\/festival\/#website"},"primaryImageOfPage":{"@id":"https:\/\/brezice.eu\/festival\/finalisti-prvega-dela-polfinala-24-08-2018\/#primaryimage"},"image":{"@id":"https:\/\/brezice.eu\/festival\/finalisti-prvega-dela-polfinala-24-08-2018\/#primaryimage"},"thumbnailUrl":"https:\/\/brezice.eu\/festival\/wp-content\/uploads\/2018\/08\/Izbor-Finalistov-24.08.2018.jpg","datePublished":"2018-08-24T21:40:55+00:00","breadcrumb":{"@id":"https:\/\/brezice.eu\/festival\/finalisti-prvega-dela-polfinala-24-08-2018\/#breadcrumb"},"inLanguage":"sl-SI","potentialAction":[{"@type":"ReadAction","target":["https:\/\/brezice.eu\/festival\/finalisti-prvega-dela-polfinala-24-08-2018\/"]}]},{"@type":"ImageObject","inLanguage":"sl-SI","@id":"https:\/\/brezice.eu\/festival\/finalisti-prvega-dela-polfinala-24-08-2018\/#primaryimage","url":"https:\/\/brezice.eu\/festival\/wp-content\/uploads\/2018\/08\/Izbor-Finalistov-24.08.2018.jpg","contentUrl":"https:\/\/brezice.eu\/festival\/wp-content\/uploads\/2018\/08\/Izbor-Finalistov-24.08.2018.jpg","width":1600,"height":800},{"@type":"BreadcrumbList","@id":"https:\/\/brezice.eu\/festival\/finalisti-prvega-dela-polfinala-24-08-2018\/#breadcrumb","itemListElement":[{"@type":"ListItem","position":1,"name":"Home","item":"https:\/\/brezice.eu\/festival\/"},{"@type":"ListItem","position":2,"name":"Finalisti prvega dela polfinala 24.08.2018"}]},{"@type":"WebSite","@id":"https:\/\/brezice.eu\/festival\/#website","url":"https:\/\/brezice.eu\/festival\/","name":"Mednarodni otro\u0161ki pevski festival Bre\u017eice","description":"Predstavljamo vam najbolj\u0161e mlade evropske pevce od 6 do vklju\u010dno 17 let","publisher":{"@id":"https:\/\/brezice.eu\/festival\/#organization"},"potentialAction":[{"@type":"SearchAction","target":{"@type":"EntryPoint","urlTemplate":"https:\/\/brezice.eu\/festival\/?s={search_term_string}"},"query-input":{"@type":"PropertyValueSpecification","valueRequired":true,"valueName":"search_term_string"}}],"inLanguage":"sl-SI"},{"@type":"Organization","@id":"https:\/\/brezice.eu\/festival\/#organization","name":"Mednarodni otro\u0161ki pevski festival Bre\u017eice","url":"https:\/\/brezice.eu\/festival\/","logo":{"@type":"ImageObject","inLanguage":"sl-SI","@id":"https:\/\/brezice.eu\/festival\/#\/schema\/logo\/image\/","url":"https:\/\/brezice.eu\/festival\/wp-content\/uploads\/2020\/02\/cropped-MOPFBrezice-logo-z-belim-ozadjem-transparent-1.png","contentUrl":"https:\/\/brezice.eu\/festival\/wp-content\/uploads\/2020\/02\/cropped-MOPFBrezice-logo-z-belim-ozadjem-transparent-1.png","width":990,"height":250,"caption":"Mednarodni otro\u0161ki pevski festival Bre\u017eice"},"image":{"@id":"https:\/\/brezice.eu\/festival\/#\/schema\/logo\/image\/"}},{"@type":"Person","@id":"https:\/\/brezice.eu\/festival\/#\/schema\/person\/3d072c5f979e85b05a4ce581efa89f7f","name":"Maks","image":{"@type":"ImageObject","inLanguage":"sl-SI","@id":"https:\/\/secure.gravatar.com\/avatar\/0a63dd2b7395063206299376ba60cf09eb4aa0142b18376a136d022186d600a6?s=96&d=mm&r=g","url":"https:\/\/secure.gravatar.com\/avatar\/0a63dd2b7395063206299376ba60cf09eb4aa0142b18376a136d022186d600a6?s=96&d=mm&r=g","contentUrl":"https:\/\/secure.gravatar.com\/avatar\/0a63dd2b7395063206299376ba60cf09eb4aa0142b18376a136d022186d600a6?s=96&d=mm&r=g","caption":"Maks"},"url":"https:\/\/brezice.eu\/festival\/author\/maks\/"}]}},"rttpg_featured_image_url":{"full":["https:\/\/brezice.eu\/festival\/wp-content\/uploads\/2018\/08\/Izbor-Finalistov-24.08.2018.jpg",1600,800,false],"landscape":["https:\/\/brezice.eu\/festival\/wp-content\/uploads\/2018\/08\/Izbor-Finalistov-24.08.2018.jpg",1600,800,false],"portraits":["https:\/\/brezice.eu\/festival\/wp-content\/uploads\/2018\/08\/Izbor-Finalistov-24.08.2018.jpg",1600,800,false],"thumbnail":["https:\/\/brezice.eu\/festival\/wp-content\/uploads\/2018\/08\/Izbor-Finalistov-24.08.2018-150x150.jpg",150,150,true],"medium":["https:\/\/brezice.eu\/festival\/wp-content\/uploads\/2018\/08\/Izbor-Finalistov-24.08.2018-300x150.jpg",300,150,true],"large":["https:\/\/brezice.eu\/festival\/wp-content\/uploads\/2018\/08\/Izbor-Finalistov-24.08.2018-1024x512.jpg",525,263,true],"1536x1536":["https:\/\/brezice.eu\/festival\/wp-content\/uploads\/2018\/08\/Izbor-Finalistov-24.08.2018.jpg",1536,768,false],"2048x2048":["https:\/\/brezice.eu\/festival\/wp-content\/uploads\/2018\/08\/Izbor-Finalistov-24.08.2018.jpg",1600,800,false],"twentyseventeen-featured-image":["https:\/\/brezice.eu\/festival\/wp-content\/uploads\/2018\/08\/Izbor-Finalistov-24.08.2018.jpg",1600,800,false],"twentyseventeen-thumbnail-avatar":["https:\/\/brezice.eu\/festival\/wp-content\/uploads\/2018\/08\/Izbor-Finalistov-24.08.2018-100x100.jpg",100,100,true]},"rttpg_author":{"display_name":"Maks","author_link":"https:\/\/brezice.eu\/festival\/author\/maks\/"},"rttpg_comment":0,"rttpg_category":"<a href=\"https:\/\/brezice.eu\/festival\/category\/obvestila\/\" rel=\"category tag\">Obvestila<\/a>","rttpg_excerpt":"Izbrani so prvi finalist, ki se bodo predstavili na velikem finalu v nedeljo, 26.08.2018: Od 6 do 9 let Tiana Vlaisavljevi\u0107 Tia Grubelnik Lucija Ple\u0161a Hajdi Haler od 10 do 13 let Lucija Jagar Dora Petrej Maja Pero\u0161 Tara Vidovi\u0107 Roberta Moha\u010d od 14 do 17 let\u00a0 Manca Mihelin Mia Smiljani\u0107 Ana Grdadolnik Nika Pastuovi\u0107&hellip;","_links":{"self":[{"href":"https:\/\/brezice.eu\/festival\/wp-json\/wp\/v2\/posts\/817","targetHints":{"allow":["GET"]}}],"collection":[{"href":"https:\/\/brezice.eu\/festival\/wp-json\/wp\/v2\/posts"}],"about":[{"href":"https:\/\/brezice.eu\/festival\/wp-json\/wp\/v2\/types\/post"}],"author":[{"embeddable":true,"href":"https:\/\/brezice.eu\/festival\/wp-json\/wp\/v2\/users\/1"}],"replies":[{"embeddable":true,"href":"https:\/\/brezice.eu\/festival\/wp-json\/wp\/v2\/comments?post=817"}],"version-history":[{"count":1,"href":"https:\/\/brezice.eu\/festival\/wp-json\/wp\/v2\/posts\/817\/revisions"}],"predecessor-version":[{"id":818,"href":"https:\/\/brezice.eu\/festival\/wp-json\/wp\/v2\/posts\/817\/revisions\/818"}],"wp:featuredmedia":[{"embeddable":true,"href":"https:\/\/brezice.eu\/festival\/wp-json\/wp\/v2\/media\/825"}],"wp:attachment":[{"href":"https:\/\/brezice.eu\/festival\/wp-json\/wp\/v2\/media?parent=817"}],"wp:term":[{"taxonomy":"category","embeddable":true,"href":"https:\/\/brezice.eu\/festival\/wp-json\/wp\/v2\/categories?post=817"},{"taxonomy":"post_tag","embeddable":true,"href":"https:\/\/brezice.eu\/festival\/wp-json\/wp\/v2\/tags?post=817"}],"curies":[{"name":"wp","href":"https:\/\/api.w.org\/{rel}","templated":true}]}}