{"id":573,"date":"2018-06-30T01:58:27","date_gmt":"2018-06-29T23:58:27","guid":{"rendered":"http:\/\/brezice.eu\/festival\/?p=573"},"modified":"2018-06-30T02:20:31","modified_gmt":"2018-06-30T00:20:31","slug":"seznam-udelezencev-2018","status":"publish","type":"post","link":"https:\/\/brezice.eu\/festival\/seznam-udelezencev-2018\/","title":{"rendered":"Seznam udele\u017eencev 2018"},"content":{"rendered":"<p>Seznam udele\u017eencev, ki so opravili avdicijo:<\/p>\n<p><iframe loading=\"lazy\" src=\"https:\/\/docs.google.com\/spreadsheets\/d\/e\/2PACX-1vRzW5cTkgCayFrD1ERX31mr1Wil0-d9xauTOIp98L-Yx2f-JwozxETy5ImS1mL1cyb_9ScMDhJaaJln\/pubhtml?widget=true&amp;headers=false\" width=\"100%\" height=\"1500px\"><span data-mce-type=\"bookmark\" style=\"display: inline-block; width: 0px; overflow: hidden; line-height: 0;\" class=\"mce_SELRES_start\">\ufeff<\/span><\/iframe><\/p>\n<p>Letos smo imeli organizatorji Mednarodnega otro\u0161kega pevskega festivala Bre\u017eice izredno nehvale\u017eno delo, saj smo morali izbirati med 119 prijavljenimi kandidati, le 63 udele\u017eencev MOPF Bre\u017eice 2018, zaradi \u010dasovne omejitve posameznih prireditev. Zaradi tega smo morali zavrniti tudi veliko odli\u010dnih pevk in pevcev, ki bi jih sicer brez zadr\u017eka sprejeli. V ve\u010dih primerih je odlo\u010dala \u017ee ena to\u010dka, zato vse, ki vas letos nismo mogli sprejeti vabimo, da se ponovno prijavite na na\u0161o avdicijo \u017ee naslednje leto. Hvale\u017eni vam bomo!<\/p>\n<p>Hvala vsem za va\u0161e sodelovanje na avdicijah in s tem izkazano zaupanje. Vsi, ki ste sprejeti, boste v kratkem prejeli v podpis prijavno dokumentacijo in kontrolni list z vsemi podatki o prijavi.<\/p>\n","protected":false},"excerpt":{"rendered":"<p>Seznam udele\u017eencev, ki so opravili avdicijo: \ufeff Letos smo imeli organizatorji Mednarodnega otro\u0161kega pevskega festivala Bre\u017eice izredno nehvale\u017eno delo, saj smo morali izbirati med 119 prijavljenimi kandidati, le 63 udele\u017eencev MOPF Bre\u017eice 2018, zaradi \u010dasovne omejitve posameznih prireditev. Zaradi tega smo morali zavrniti tudi veliko odli\u010dnih pevk in pevcev, ki bi jih sicer brez zadr\u017eka &hellip; <\/p>\n<p class=\"link-more\"><a href=\"https:\/\/brezice.eu\/festival\/seznam-udelezencev-2018\/\" class=\"more-link\">Preberi ve\u010d<span class=\"screen-reader-text\"> &#8220;Seznam udele\u017eencev 2018&#8221;<\/span><\/a><\/p>\n","protected":false},"author":1,"featured_media":0,"comment_status":"open","ping_status":"open","sticky":false,"template":"","format":"standard","meta":{"footnotes":""},"categories":[1,10],"tags":[],"class_list":["post-573","post","type-post","status-publish","format-standard","hentry","category-obvestila","category-udelezenci-2018"],"yoast_head":"<!-- This site is optimized with the Yoast SEO plugin v27.4 - https:\/\/yoast.com\/product\/yoast-seo-wordpress\/ -->\n<title>Seznam udele\u017eencev 2018 - Mednarodni otro\u0161ki pevski festival Bre\u017eice<\/title>\n<meta name=\"robots\" content=\"index, follow, max-snippet:-1, max-image-preview:large, max-video-preview:-1\" \/>\n<link rel=\"canonical\" href=\"https:\/\/brezice.eu\/festival\/seznam-udelezencev-2018\/\" \/>\n<meta property=\"og:locale\" content=\"sl_SI\" \/>\n<meta property=\"og:type\" content=\"article\" \/>\n<meta property=\"og:title\" content=\"Seznam udele\u017eencev 2018 - Mednarodni otro\u0161ki pevski festival Bre\u017eice\" \/>\n<meta property=\"og:description\" content=\"Seznam udele\u017eencev, ki so opravili avdicijo: \ufeff Letos smo imeli organizatorji Mednarodnega otro\u0161kega pevskega festivala Bre\u017eice izredno nehvale\u017eno delo, saj smo morali izbirati med 119 prijavljenimi kandidati, le 63 udele\u017eencev MOPF Bre\u017eice 2018, zaradi \u010dasovne omejitve posameznih prireditev. Zaradi tega smo morali zavrniti tudi veliko odli\u010dnih pevk in pevcev, ki bi jih sicer brez zadr\u017eka &hellip; Preberi ve\u010d &quot;Seznam udele\u017eencev 2018&quot;\" \/>\n<meta property=\"og:url\" content=\"https:\/\/brezice.eu\/festival\/seznam-udelezencev-2018\/\" \/>\n<meta property=\"og:site_name\" content=\"Mednarodni otro\u0161ki pevski festival Bre\u017eice\" \/>\n<meta property=\"article:published_time\" content=\"2018-06-29T23:58:27+00:00\" \/>\n<meta property=\"article:modified_time\" content=\"2018-06-30T00:20:31+00:00\" \/>\n<meta name=\"author\" content=\"Maks\" \/>\n<meta name=\"twitter:card\" content=\"summary_large_image\" \/>\n<meta name=\"twitter:label1\" content=\"Written by\" \/>\n\t<meta name=\"twitter:data1\" content=\"Maks\" \/>\n\t<meta name=\"twitter:label2\" content=\"Est. reading time\" \/>\n\t<meta name=\"twitter:data2\" content=\"1 minuta\" \/>\n<script type=\"application\/ld+json\" class=\"yoast-schema-graph\">{\"@context\":\"https:\\\/\\\/schema.org\",\"@graph\":[{\"@type\":\"Article\",\"@id\":\"https:\\\/\\\/brezice.eu\\\/festival\\\/seznam-udelezencev-2018\\\/#article\",\"isPartOf\":{\"@id\":\"https:\\\/\\\/brezice.eu\\\/festival\\\/seznam-udelezencev-2018\\\/\"},\"author\":{\"name\":\"Maks\",\"@id\":\"https:\\\/\\\/brezice.eu\\\/festival\\\/#\\\/schema\\\/person\\\/3d072c5f979e85b05a4ce581efa89f7f\"},\"headline\":\"Seznam udele\u017eencev 2018\",\"datePublished\":\"2018-06-29T23:58:27+00:00\",\"dateModified\":\"2018-06-30T00:20:31+00:00\",\"mainEntityOfPage\":{\"@id\":\"https:\\\/\\\/brezice.eu\\\/festival\\\/seznam-udelezencev-2018\\\/\"},\"wordCount\":131,\"commentCount\":0,\"publisher\":{\"@id\":\"https:\\\/\\\/brezice.eu\\\/festival\\\/#organization\"},\"articleSection\":[\"Obvestila\",\"Udele\u017eenci 2018\"],\"inLanguage\":\"sl-SI\"},{\"@type\":\"WebPage\",\"@id\":\"https:\\\/\\\/brezice.eu\\\/festival\\\/seznam-udelezencev-2018\\\/\",\"url\":\"https:\\\/\\\/brezice.eu\\\/festival\\\/seznam-udelezencev-2018\\\/\",\"name\":\"Seznam udele\u017eencev 2018 - Mednarodni otro\u0161ki pevski festival Bre\u017eice\",\"isPartOf\":{\"@id\":\"https:\\\/\\\/brezice.eu\\\/festival\\\/#website\"},\"datePublished\":\"2018-06-29T23:58:27+00:00\",\"dateModified\":\"2018-06-30T00:20:31+00:00\",\"breadcrumb\":{\"@id\":\"https:\\\/\\\/brezice.eu\\\/festival\\\/seznam-udelezencev-2018\\\/#breadcrumb\"},\"inLanguage\":\"sl-SI\",\"potentialAction\":[{\"@type\":\"ReadAction\",\"target\":[\"https:\\\/\\\/brezice.eu\\\/festival\\\/seznam-udelezencev-2018\\\/\"]}]},{\"@type\":\"BreadcrumbList\",\"@id\":\"https:\\\/\\\/brezice.eu\\\/festival\\\/seznam-udelezencev-2018\\\/#breadcrumb\",\"itemListElement\":[{\"@type\":\"ListItem\",\"position\":1,\"name\":\"Home\",\"item\":\"https:\\\/\\\/brezice.eu\\\/festival\\\/\"},{\"@type\":\"ListItem\",\"position\":2,\"name\":\"Seznam udele\u017eencev 2018\"}]},{\"@type\":\"WebSite\",\"@id\":\"https:\\\/\\\/brezice.eu\\\/festival\\\/#website\",\"url\":\"https:\\\/\\\/brezice.eu\\\/festival\\\/\",\"name\":\"Mednarodni otro\u0161ki pevski festival Bre\u017eice\",\"description\":\"Predstavljamo vam najbolj\u0161e mlade evropske pevce od 6 do vklju\u010dno 17 let\",\"publisher\":{\"@id\":\"https:\\\/\\\/brezice.eu\\\/festival\\\/#organization\"},\"potentialAction\":[{\"@type\":\"SearchAction\",\"target\":{\"@type\":\"EntryPoint\",\"urlTemplate\":\"https:\\\/\\\/brezice.eu\\\/festival\\\/?s={search_term_string}\"},\"query-input\":{\"@type\":\"PropertyValueSpecification\",\"valueRequired\":true,\"valueName\":\"search_term_string\"}}],\"inLanguage\":\"sl-SI\"},{\"@type\":\"Organization\",\"@id\":\"https:\\\/\\\/brezice.eu\\\/festival\\\/#organization\",\"name\":\"Mednarodni otro\u0161ki pevski festival Bre\u017eice\",\"url\":\"https:\\\/\\\/brezice.eu\\\/festival\\\/\",\"logo\":{\"@type\":\"ImageObject\",\"inLanguage\":\"sl-SI\",\"@id\":\"https:\\\/\\\/brezice.eu\\\/festival\\\/#\\\/schema\\\/logo\\\/image\\\/\",\"url\":\"https:\\\/\\\/brezice.eu\\\/festival\\\/wp-content\\\/uploads\\\/2020\\\/02\\\/cropped-MOPFBrezice-logo-z-belim-ozadjem-transparent-1.png\",\"contentUrl\":\"https:\\\/\\\/brezice.eu\\\/festival\\\/wp-content\\\/uploads\\\/2020\\\/02\\\/cropped-MOPFBrezice-logo-z-belim-ozadjem-transparent-1.png\",\"width\":990,\"height\":250,\"caption\":\"Mednarodni otro\u0161ki pevski festival Bre\u017eice\"},\"image\":{\"@id\":\"https:\\\/\\\/brezice.eu\\\/festival\\\/#\\\/schema\\\/logo\\\/image\\\/\"}},{\"@type\":\"Person\",\"@id\":\"https:\\\/\\\/brezice.eu\\\/festival\\\/#\\\/schema\\\/person\\\/3d072c5f979e85b05a4ce581efa89f7f\",\"name\":\"Maks\",\"image\":{\"@type\":\"ImageObject\",\"inLanguage\":\"sl-SI\",\"@id\":\"https:\\\/\\\/secure.gravatar.com\\\/avatar\\\/0a63dd2b7395063206299376ba60cf09eb4aa0142b18376a136d022186d600a6?s=96&d=mm&r=g\",\"url\":\"https:\\\/\\\/secure.gravatar.com\\\/avatar\\\/0a63dd2b7395063206299376ba60cf09eb4aa0142b18376a136d022186d600a6?s=96&d=mm&r=g\",\"contentUrl\":\"https:\\\/\\\/secure.gravatar.com\\\/avatar\\\/0a63dd2b7395063206299376ba60cf09eb4aa0142b18376a136d022186d600a6?s=96&d=mm&r=g\",\"caption\":\"Maks\"},\"url\":\"https:\\\/\\\/brezice.eu\\\/festival\\\/author\\\/maks\\\/\"}]}<\/script>\n<!-- \/ Yoast SEO plugin. -->","yoast_head_json":{"title":"Seznam udele\u017eencev 2018 - Mednarodni otro\u0161ki pevski festival Bre\u017eice","robots":{"index":"index","follow":"follow","max-snippet":"max-snippet:-1","max-image-preview":"max-image-preview:large","max-video-preview":"max-video-preview:-1"},"canonical":"https:\/\/brezice.eu\/festival\/seznam-udelezencev-2018\/","og_locale":"sl_SI","og_type":"article","og_title":"Seznam udele\u017eencev 2018 - Mednarodni otro\u0161ki pevski festival Bre\u017eice","og_description":"Seznam udele\u017eencev, ki so opravili avdicijo: \ufeff Letos smo imeli organizatorji Mednarodnega otro\u0161kega pevskega festivala Bre\u017eice izredno nehvale\u017eno delo, saj smo morali izbirati med 119 prijavljenimi kandidati, le 63 udele\u017eencev MOPF Bre\u017eice 2018, zaradi \u010dasovne omejitve posameznih prireditev. Zaradi tega smo morali zavrniti tudi veliko odli\u010dnih pevk in pevcev, ki bi jih sicer brez zadr\u017eka &hellip; Preberi ve\u010d \"Seznam udele\u017eencev 2018\"","og_url":"https:\/\/brezice.eu\/festival\/seznam-udelezencev-2018\/","og_site_name":"Mednarodni otro\u0161ki pevski festival Bre\u017eice","article_published_time":"2018-06-29T23:58:27+00:00","article_modified_time":"2018-06-30T00:20:31+00:00","author":"Maks","twitter_card":"summary_large_image","twitter_misc":{"Written by":"Maks","Est. reading time":"1 minuta"},"schema":{"@context":"https:\/\/schema.org","@graph":[{"@type":"Article","@id":"https:\/\/brezice.eu\/festival\/seznam-udelezencev-2018\/#article","isPartOf":{"@id":"https:\/\/brezice.eu\/festival\/seznam-udelezencev-2018\/"},"author":{"name":"Maks","@id":"https:\/\/brezice.eu\/festival\/#\/schema\/person\/3d072c5f979e85b05a4ce581efa89f7f"},"headline":"Seznam udele\u017eencev 2018","datePublished":"2018-06-29T23:58:27+00:00","dateModified":"2018-06-30T00:20:31+00:00","mainEntityOfPage":{"@id":"https:\/\/brezice.eu\/festival\/seznam-udelezencev-2018\/"},"wordCount":131,"commentCount":0,"publisher":{"@id":"https:\/\/brezice.eu\/festival\/#organization"},"articleSection":["Obvestila","Udele\u017eenci 2018"],"inLanguage":"sl-SI"},{"@type":"WebPage","@id":"https:\/\/brezice.eu\/festival\/seznam-udelezencev-2018\/","url":"https:\/\/brezice.eu\/festival\/seznam-udelezencev-2018\/","name":"Seznam udele\u017eencev 2018 - Mednarodni otro\u0161ki pevski festival Bre\u017eice","isPartOf":{"@id":"https:\/\/brezice.eu\/festival\/#website"},"datePublished":"2018-06-29T23:58:27+00:00","dateModified":"2018-06-30T00:20:31+00:00","breadcrumb":{"@id":"https:\/\/brezice.eu\/festival\/seznam-udelezencev-2018\/#breadcrumb"},"inLanguage":"sl-SI","potentialAction":[{"@type":"ReadAction","target":["https:\/\/brezice.eu\/festival\/seznam-udelezencev-2018\/"]}]},{"@type":"BreadcrumbList","@id":"https:\/\/brezice.eu\/festival\/seznam-udelezencev-2018\/#breadcrumb","itemListElement":[{"@type":"ListItem","position":1,"name":"Home","item":"https:\/\/brezice.eu\/festival\/"},{"@type":"ListItem","position":2,"name":"Seznam udele\u017eencev 2018"}]},{"@type":"WebSite","@id":"https:\/\/brezice.eu\/festival\/#website","url":"https:\/\/brezice.eu\/festival\/","name":"Mednarodni otro\u0161ki pevski festival Bre\u017eice","description":"Predstavljamo vam najbolj\u0161e mlade evropske pevce od 6 do vklju\u010dno 17 let","publisher":{"@id":"https:\/\/brezice.eu\/festival\/#organization"},"potentialAction":[{"@type":"SearchAction","target":{"@type":"EntryPoint","urlTemplate":"https:\/\/brezice.eu\/festival\/?s={search_term_string}"},"query-input":{"@type":"PropertyValueSpecification","valueRequired":true,"valueName":"search_term_string"}}],"inLanguage":"sl-SI"},{"@type":"Organization","@id":"https:\/\/brezice.eu\/festival\/#organization","name":"Mednarodni otro\u0161ki pevski festival Bre\u017eice","url":"https:\/\/brezice.eu\/festival\/","logo":{"@type":"ImageObject","inLanguage":"sl-SI","@id":"https:\/\/brezice.eu\/festival\/#\/schema\/logo\/image\/","url":"https:\/\/brezice.eu\/festival\/wp-content\/uploads\/2020\/02\/cropped-MOPFBrezice-logo-z-belim-ozadjem-transparent-1.png","contentUrl":"https:\/\/brezice.eu\/festival\/wp-content\/uploads\/2020\/02\/cropped-MOPFBrezice-logo-z-belim-ozadjem-transparent-1.png","width":990,"height":250,"caption":"Mednarodni otro\u0161ki pevski festival Bre\u017eice"},"image":{"@id":"https:\/\/brezice.eu\/festival\/#\/schema\/logo\/image\/"}},{"@type":"Person","@id":"https:\/\/brezice.eu\/festival\/#\/schema\/person\/3d072c5f979e85b05a4ce581efa89f7f","name":"Maks","image":{"@type":"ImageObject","inLanguage":"sl-SI","@id":"https:\/\/secure.gravatar.com\/avatar\/0a63dd2b7395063206299376ba60cf09eb4aa0142b18376a136d022186d600a6?s=96&d=mm&r=g","url":"https:\/\/secure.gravatar.com\/avatar\/0a63dd2b7395063206299376ba60cf09eb4aa0142b18376a136d022186d600a6?s=96&d=mm&r=g","contentUrl":"https:\/\/secure.gravatar.com\/avatar\/0a63dd2b7395063206299376ba60cf09eb4aa0142b18376a136d022186d600a6?s=96&d=mm&r=g","caption":"Maks"},"url":"https:\/\/brezice.eu\/festival\/author\/maks\/"}]}},"rttpg_featured_image_url":null,"rttpg_author":{"display_name":"Maks","author_link":"https:\/\/brezice.eu\/festival\/author\/maks\/"},"rttpg_comment":0,"rttpg_category":"<a href=\"https:\/\/brezice.eu\/festival\/category\/obvestila\/\" rel=\"category tag\">Obvestila<\/a> <a href=\"https:\/\/brezice.eu\/festival\/category\/udelezenci-2018\/\" rel=\"category tag\">Udele\u017eenci 2018<\/a>","rttpg_excerpt":"Seznam udele\u017eencev, ki so opravili avdicijo: \ufeff Letos smo imeli organizatorji Mednarodnega otro\u0161kega pevskega festivala Bre\u017eice izredno nehvale\u017eno delo, saj smo morali izbirati med 119 prijavljenimi kandidati, le 63 udele\u017eencev MOPF Bre\u017eice 2018, zaradi \u010dasovne omejitve posameznih prireditev. Zaradi tega smo morali zavrniti tudi veliko odli\u010dnih pevk in pevcev, ki bi jih sicer brez zadr\u017eka&hellip;","_links":{"self":[{"href":"https:\/\/brezice.eu\/festival\/wp-json\/wp\/v2\/posts\/573","targetHints":{"allow":["GET"]}}],"collection":[{"href":"https:\/\/brezice.eu\/festival\/wp-json\/wp\/v2\/posts"}],"about":[{"href":"https:\/\/brezice.eu\/festival\/wp-json\/wp\/v2\/types\/post"}],"author":[{"embeddable":true,"href":"https:\/\/brezice.eu\/festival\/wp-json\/wp\/v2\/users\/1"}],"replies":[{"embeddable":true,"href":"https:\/\/brezice.eu\/festival\/wp-json\/wp\/v2\/comments?post=573"}],"version-history":[{"count":5,"href":"https:\/\/brezice.eu\/festival\/wp-json\/wp\/v2\/posts\/573\/revisions"}],"predecessor-version":[{"id":576,"href":"https:\/\/brezice.eu\/festival\/wp-json\/wp\/v2\/posts\/573\/revisions\/576"}],"wp:attachment":[{"href":"https:\/\/brezice.eu\/festival\/wp-json\/wp\/v2\/media?parent=573"}],"wp:term":[{"taxonomy":"category","embeddable":true,"href":"https:\/\/brezice.eu\/festival\/wp-json\/wp\/v2\/categories?post=573"},{"taxonomy":"post_tag","embeddable":true,"href":"https:\/\/brezice.eu\/festival\/wp-json\/wp\/v2\/tags?post=573"}],"curies":[{"name":"wp","href":"https:\/\/api.w.org\/{rel}","templated":true}]}}