{"id":2677,"date":"2024-11-12T19:04:48","date_gmt":"2024-11-12T18:04:48","guid":{"rendered":"https:\/\/brezice.eu\/festival\/?p=2677"},"modified":"2024-11-12T19:04:48","modified_gmt":"2024-11-12T18:04:48","slug":"video-posnetek-mednarodnega-otroskega-pevskega-festivala-brezice-2024","status":"publish","type":"post","link":"https:\/\/brezice.eu\/festival\/video-posnetek-mednarodnega-otroskega-pevskega-festivala-brezice-2024\/","title":{"rendered":"Video posnetek Mednarodnega otro\u0161kega pevskega festivala Bre\u017eice 2024"},"content":{"rendered":"\n<p>Mednarodni otro\u0161ki pevski festival Bre\u017eice 2024 si lahko ogledate na YouTube-u v dveh delih. Prvi del vsebuje nastope prve in druge starostne skupine, drugi del pa nastope tretje starostne skupine in podelitev nagrad nagrajencem in izbor zmagovalke Mednarodnega otro\u0161kega pevskega festivala Bre\u017eice:<\/p>\n\n\n\n<p>Mednarodni otro\u0161ki pevski festival Bre\u017eice 2024 1. del:<\/p>\n\n\n\n<figure class=\"wp-block-embed is-type-video is-provider-youtube wp-block-embed-youtube wp-embed-aspect-16-9 wp-has-aspect-ratio\"><div class=\"wp-block-embed__wrapper\">\n<iframe loading=\"lazy\" title=\"Mednarodni otros\u030cki pevski festival Brez\u030cice 2024 1. del\" width=\"525\" height=\"295\" src=\"https:\/\/www.youtube.com\/embed\/q648n85I8go?feature=oembed\" frameborder=\"0\" allow=\"accelerometer; autoplay; clipboard-write; encrypted-media; gyroscope; picture-in-picture; web-share\" referrerpolicy=\"strict-origin-when-cross-origin\" allowfullscreen><\/iframe>\n<\/div><\/figure>\n\n\n\n<p><\/p>\n\n\n\n<p>Mednarodni otro\u0161ki pevski festival Bre\u017eice 2024 2. del:<\/p>\n\n\n\n<figure class=\"wp-block-embed is-type-video is-provider-youtube wp-block-embed-youtube wp-embed-aspect-16-9 wp-has-aspect-ratio\"><div class=\"wp-block-embed__wrapper\">\n<iframe loading=\"lazy\" title=\"Mednarodni otros\u030cki pevski festival Brez\u030cice 2024 2. del\" width=\"525\" height=\"295\" src=\"https:\/\/www.youtube.com\/embed\/WLIp1GCPi0E?feature=oembed\" frameborder=\"0\" allow=\"accelerometer; autoplay; clipboard-write; encrypted-media; gyroscope; picture-in-picture; web-share\" referrerpolicy=\"strict-origin-when-cross-origin\" allowfullscreen><\/iframe>\n<\/div><\/figure>\n\n\n\n<p><\/p>\n\n\n\n<figure class=\"wp-block-image size-large\"><a href=\"https:\/\/www.youtube.com\/watch?v=q648n85I8go\" target=\"_blank\" rel=\"noreferrer noopener\"><img loading=\"lazy\" decoding=\"async\" width=\"1024\" height=\"577\" src=\"https:\/\/brezice.eu\/festival\/wp-content\/uploads\/2024\/11\/MOPF-Brezice-Thumbnail-1-del-1024x577.jpg\" alt=\"\" class=\"wp-image-2678\" srcset=\"https:\/\/brezice.eu\/festival\/wp-content\/uploads\/2024\/11\/MOPF-Brezice-Thumbnail-1-del-1024x577.jpg 1024w, https:\/\/brezice.eu\/festival\/wp-content\/uploads\/2024\/11\/MOPF-Brezice-Thumbnail-1-del-300x169.jpg 300w, https:\/\/brezice.eu\/festival\/wp-content\/uploads\/2024\/11\/MOPF-Brezice-Thumbnail-1-del-768x433.jpg 768w, https:\/\/brezice.eu\/festival\/wp-content\/uploads\/2024\/11\/MOPF-Brezice-Thumbnail-1-del-1536x866.jpg 1536w, https:\/\/brezice.eu\/festival\/wp-content\/uploads\/2024\/11\/MOPF-Brezice-Thumbnail-1-del-2048x1155.jpg 2048w, https:\/\/brezice.eu\/festival\/wp-content\/uploads\/2024\/11\/MOPF-Brezice-Thumbnail-1-del-1320x744.jpg 1320w\" sizes=\"auto, (max-width: 767px) 89vw, (max-width: 1000px) 54vw, (max-width: 1071px) 543px, 580px\" \/><\/a><\/figure>\n\n\n\n<p><\/p>\n","protected":false},"excerpt":{"rendered":"<p>Mednarodni otro\u0161ki pevski festival Bre\u017eice 2024 si lahko ogledate na YouTube-u v dveh delih. Prvi del vsebuje nastope prve in druge starostne skupine, drugi del pa nastope tretje starostne skupine in podelitev nagrad nagrajencem in izbor zmagovalke Mednarodnega otro\u0161kega pevskega festivala Bre\u017eice: Mednarodni otro\u0161ki pevski festival Bre\u017eice 2024 1. del: Mednarodni otro\u0161ki pevski festival Bre\u017eice &hellip; <\/p>\n<p class=\"link-more\"><a href=\"https:\/\/brezice.eu\/festival\/video-posnetek-mednarodnega-otroskega-pevskega-festivala-brezice-2024\/\" class=\"more-link\">Preberi ve\u010d<span class=\"screen-reader-text\"> &#8220;Video posnetek Mednarodnega otro\u0161kega pevskega festivala Bre\u017eice 2024&#8221;<\/span><\/a><\/p>\n","protected":false},"author":1,"featured_media":2678,"comment_status":"open","ping_status":"open","sticky":false,"template":"","format":"standard","meta":{"footnotes":""},"categories":[1],"tags":[],"class_list":["post-2677","post","type-post","status-publish","format-standard","has-post-thumbnail","hentry","category-obvestila"],"yoast_head":"<!-- This site is optimized with the Yoast SEO plugin v27.5 - https:\/\/yoast.com\/product\/yoast-seo-wordpress\/ -->\n<title>Video posnetek Mednarodnega otro\u0161kega pevskega festivala Bre\u017eice 2024 - Mednarodni otro\u0161ki pevski festival Bre\u017eice<\/title>\n<meta name=\"robots\" content=\"index, follow, max-snippet:-1, max-image-preview:large, max-video-preview:-1\" \/>\n<link rel=\"canonical\" href=\"https:\/\/brezice.eu\/festival\/video-posnetek-mednarodnega-otroskega-pevskega-festivala-brezice-2024\/\" \/>\n<meta property=\"og:locale\" content=\"sl_SI\" \/>\n<meta property=\"og:type\" content=\"article\" \/>\n<meta property=\"og:title\" content=\"Video posnetek Mednarodnega otro\u0161kega pevskega festivala Bre\u017eice 2024 - Mednarodni otro\u0161ki pevski festival Bre\u017eice\" \/>\n<meta property=\"og:description\" content=\"Mednarodni otro\u0161ki pevski festival Bre\u017eice 2024 si lahko ogledate na YouTube-u v dveh delih. Prvi del vsebuje nastope prve in druge starostne skupine, drugi del pa nastope tretje starostne skupine in podelitev nagrad nagrajencem in izbor zmagovalke Mednarodnega otro\u0161kega pevskega festivala Bre\u017eice: Mednarodni otro\u0161ki pevski festival Bre\u017eice 2024 1. del: Mednarodni otro\u0161ki pevski festival Bre\u017eice &hellip; Preberi ve\u010d &quot;Video posnetek Mednarodnega otro\u0161kega pevskega festivala Bre\u017eice 2024&quot;\" \/>\n<meta property=\"og:url\" content=\"https:\/\/brezice.eu\/festival\/video-posnetek-mednarodnega-otroskega-pevskega-festivala-brezice-2024\/\" \/>\n<meta property=\"og:site_name\" content=\"Mednarodni otro\u0161ki pevski festival Bre\u017eice\" \/>\n<meta property=\"article:published_time\" content=\"2024-11-12T18:04:48+00:00\" \/>\n<meta property=\"og:image\" content=\"https:\/\/brezice.eu\/festival\/wp-content\/uploads\/2024\/11\/MOPF-Brezice-Thumbnail-1-del-scaled.jpg\" \/>\n\t<meta property=\"og:image:width\" content=\"2560\" \/>\n\t<meta property=\"og:image:height\" content=\"1443\" \/>\n\t<meta property=\"og:image:type\" content=\"image\/jpeg\" \/>\n<meta name=\"author\" content=\"Maks\" \/>\n<meta name=\"twitter:card\" content=\"summary_large_image\" \/>\n<meta name=\"twitter:label1\" content=\"Written by\" \/>\n\t<meta name=\"twitter:data1\" content=\"Maks\" \/>\n\t<meta name=\"twitter:label2\" content=\"Est. reading time\" \/>\n\t<meta name=\"twitter:data2\" content=\"1 minuta\" \/>\n<script type=\"application\/ld+json\" class=\"yoast-schema-graph\">{\"@context\":\"https:\\\/\\\/schema.org\",\"@graph\":[{\"@type\":\"Article\",\"@id\":\"https:\\\/\\\/brezice.eu\\\/festival\\\/video-posnetek-mednarodnega-otroskega-pevskega-festivala-brezice-2024\\\/#article\",\"isPartOf\":{\"@id\":\"https:\\\/\\\/brezice.eu\\\/festival\\\/video-posnetek-mednarodnega-otroskega-pevskega-festivala-brezice-2024\\\/\"},\"author\":{\"name\":\"Maks\",\"@id\":\"https:\\\/\\\/brezice.eu\\\/festival\\\/#\\\/schema\\\/person\\\/3d072c5f979e85b05a4ce581efa89f7f\"},\"headline\":\"Video posnetek Mednarodnega otro\u0161kega pevskega festivala Bre\u017eice 2024\",\"datePublished\":\"2024-11-12T18:04:48+00:00\",\"mainEntityOfPage\":{\"@id\":\"https:\\\/\\\/brezice.eu\\\/festival\\\/video-posnetek-mednarodnega-otroskega-pevskega-festivala-brezice-2024\\\/\"},\"wordCount\":89,\"commentCount\":0,\"publisher\":{\"@id\":\"https:\\\/\\\/brezice.eu\\\/festival\\\/#organization\"},\"image\":{\"@id\":\"https:\\\/\\\/brezice.eu\\\/festival\\\/video-posnetek-mednarodnega-otroskega-pevskega-festivala-brezice-2024\\\/#primaryimage\"},\"thumbnailUrl\":\"https:\\\/\\\/brezice.eu\\\/festival\\\/wp-content\\\/uploads\\\/2024\\\/11\\\/MOPF-Brezice-Thumbnail-1-del-scaled.jpg\",\"articleSection\":[\"Obvestila\"],\"inLanguage\":\"sl-SI\"},{\"@type\":\"WebPage\",\"@id\":\"https:\\\/\\\/brezice.eu\\\/festival\\\/video-posnetek-mednarodnega-otroskega-pevskega-festivala-brezice-2024\\\/\",\"url\":\"https:\\\/\\\/brezice.eu\\\/festival\\\/video-posnetek-mednarodnega-otroskega-pevskega-festivala-brezice-2024\\\/\",\"name\":\"Video posnetek Mednarodnega otro\u0161kega pevskega festivala Bre\u017eice 2024 - Mednarodni otro\u0161ki pevski festival Bre\u017eice\",\"isPartOf\":{\"@id\":\"https:\\\/\\\/brezice.eu\\\/festival\\\/#website\"},\"primaryImageOfPage\":{\"@id\":\"https:\\\/\\\/brezice.eu\\\/festival\\\/video-posnetek-mednarodnega-otroskega-pevskega-festivala-brezice-2024\\\/#primaryimage\"},\"image\":{\"@id\":\"https:\\\/\\\/brezice.eu\\\/festival\\\/video-posnetek-mednarodnega-otroskega-pevskega-festivala-brezice-2024\\\/#primaryimage\"},\"thumbnailUrl\":\"https:\\\/\\\/brezice.eu\\\/festival\\\/wp-content\\\/uploads\\\/2024\\\/11\\\/MOPF-Brezice-Thumbnail-1-del-scaled.jpg\",\"datePublished\":\"2024-11-12T18:04:48+00:00\",\"breadcrumb\":{\"@id\":\"https:\\\/\\\/brezice.eu\\\/festival\\\/video-posnetek-mednarodnega-otroskega-pevskega-festivala-brezice-2024\\\/#breadcrumb\"},\"inLanguage\":\"sl-SI\",\"potentialAction\":[{\"@type\":\"ReadAction\",\"target\":[\"https:\\\/\\\/brezice.eu\\\/festival\\\/video-posnetek-mednarodnega-otroskega-pevskega-festivala-brezice-2024\\\/\"]}]},{\"@type\":\"ImageObject\",\"inLanguage\":\"sl-SI\",\"@id\":\"https:\\\/\\\/brezice.eu\\\/festival\\\/video-posnetek-mednarodnega-otroskega-pevskega-festivala-brezice-2024\\\/#primaryimage\",\"url\":\"https:\\\/\\\/brezice.eu\\\/festival\\\/wp-content\\\/uploads\\\/2024\\\/11\\\/MOPF-Brezice-Thumbnail-1-del-scaled.jpg\",\"contentUrl\":\"https:\\\/\\\/brezice.eu\\\/festival\\\/wp-content\\\/uploads\\\/2024\\\/11\\\/MOPF-Brezice-Thumbnail-1-del-scaled.jpg\",\"width\":2560,\"height\":1443},{\"@type\":\"BreadcrumbList\",\"@id\":\"https:\\\/\\\/brezice.eu\\\/festival\\\/video-posnetek-mednarodnega-otroskega-pevskega-festivala-brezice-2024\\\/#breadcrumb\",\"itemListElement\":[{\"@type\":\"ListItem\",\"position\":1,\"name\":\"Home\",\"item\":\"https:\\\/\\\/brezice.eu\\\/festival\\\/\"},{\"@type\":\"ListItem\",\"position\":2,\"name\":\"Video posnetek Mednarodnega otro\u0161kega pevskega festivala Bre\u017eice 2024\"}]},{\"@type\":\"WebSite\",\"@id\":\"https:\\\/\\\/brezice.eu\\\/festival\\\/#website\",\"url\":\"https:\\\/\\\/brezice.eu\\\/festival\\\/\",\"name\":\"Mednarodni otro\u0161ki pevski festival Bre\u017eice\",\"description\":\"Predstavljamo vam najbolj\u0161e mlade evropske pevce od 6 do vklju\u010dno 17 let\",\"publisher\":{\"@id\":\"https:\\\/\\\/brezice.eu\\\/festival\\\/#organization\"},\"potentialAction\":[{\"@type\":\"SearchAction\",\"target\":{\"@type\":\"EntryPoint\",\"urlTemplate\":\"https:\\\/\\\/brezice.eu\\\/festival\\\/?s={search_term_string}\"},\"query-input\":{\"@type\":\"PropertyValueSpecification\",\"valueRequired\":true,\"valueName\":\"search_term_string\"}}],\"inLanguage\":\"sl-SI\"},{\"@type\":\"Organization\",\"@id\":\"https:\\\/\\\/brezice.eu\\\/festival\\\/#organization\",\"name\":\"Mednarodni otro\u0161ki pevski festival Bre\u017eice\",\"url\":\"https:\\\/\\\/brezice.eu\\\/festival\\\/\",\"logo\":{\"@type\":\"ImageObject\",\"inLanguage\":\"sl-SI\",\"@id\":\"https:\\\/\\\/brezice.eu\\\/festival\\\/#\\\/schema\\\/logo\\\/image\\\/\",\"url\":\"https:\\\/\\\/brezice.eu\\\/festival\\\/wp-content\\\/uploads\\\/2020\\\/02\\\/cropped-MOPFBrezice-logo-z-belim-ozadjem-transparent-1.png\",\"contentUrl\":\"https:\\\/\\\/brezice.eu\\\/festival\\\/wp-content\\\/uploads\\\/2020\\\/02\\\/cropped-MOPFBrezice-logo-z-belim-ozadjem-transparent-1.png\",\"width\":990,\"height\":250,\"caption\":\"Mednarodni otro\u0161ki pevski festival Bre\u017eice\"},\"image\":{\"@id\":\"https:\\\/\\\/brezice.eu\\\/festival\\\/#\\\/schema\\\/logo\\\/image\\\/\"}},{\"@type\":\"Person\",\"@id\":\"https:\\\/\\\/brezice.eu\\\/festival\\\/#\\\/schema\\\/person\\\/3d072c5f979e85b05a4ce581efa89f7f\",\"name\":\"Maks\",\"image\":{\"@type\":\"ImageObject\",\"inLanguage\":\"sl-SI\",\"@id\":\"https:\\\/\\\/secure.gravatar.com\\\/avatar\\\/0a63dd2b7395063206299376ba60cf09eb4aa0142b18376a136d022186d600a6?s=96&d=mm&r=g\",\"url\":\"https:\\\/\\\/secure.gravatar.com\\\/avatar\\\/0a63dd2b7395063206299376ba60cf09eb4aa0142b18376a136d022186d600a6?s=96&d=mm&r=g\",\"contentUrl\":\"https:\\\/\\\/secure.gravatar.com\\\/avatar\\\/0a63dd2b7395063206299376ba60cf09eb4aa0142b18376a136d022186d600a6?s=96&d=mm&r=g\",\"caption\":\"Maks\"},\"url\":\"https:\\\/\\\/brezice.eu\\\/festival\\\/author\\\/maks\\\/\"}]}<\/script>\n<!-- \/ Yoast SEO plugin. -->","yoast_head_json":{"title":"Video posnetek Mednarodnega otro\u0161kega pevskega festivala Bre\u017eice 2024 - Mednarodni otro\u0161ki pevski festival Bre\u017eice","robots":{"index":"index","follow":"follow","max-snippet":"max-snippet:-1","max-image-preview":"max-image-preview:large","max-video-preview":"max-video-preview:-1"},"canonical":"https:\/\/brezice.eu\/festival\/video-posnetek-mednarodnega-otroskega-pevskega-festivala-brezice-2024\/","og_locale":"sl_SI","og_type":"article","og_title":"Video posnetek Mednarodnega otro\u0161kega pevskega festivala Bre\u017eice 2024 - Mednarodni otro\u0161ki pevski festival Bre\u017eice","og_description":"Mednarodni otro\u0161ki pevski festival Bre\u017eice 2024 si lahko ogledate na YouTube-u v dveh delih. Prvi del vsebuje nastope prve in druge starostne skupine, drugi del pa nastope tretje starostne skupine in podelitev nagrad nagrajencem in izbor zmagovalke Mednarodnega otro\u0161kega pevskega festivala Bre\u017eice: Mednarodni otro\u0161ki pevski festival Bre\u017eice 2024 1. del: Mednarodni otro\u0161ki pevski festival Bre\u017eice &hellip; Preberi ve\u010d \"Video posnetek Mednarodnega otro\u0161kega pevskega festivala Bre\u017eice 2024\"","og_url":"https:\/\/brezice.eu\/festival\/video-posnetek-mednarodnega-otroskega-pevskega-festivala-brezice-2024\/","og_site_name":"Mednarodni otro\u0161ki pevski festival Bre\u017eice","article_published_time":"2024-11-12T18:04:48+00:00","og_image":[{"width":2560,"height":1443,"url":"https:\/\/brezice.eu\/festival\/wp-content\/uploads\/2024\/11\/MOPF-Brezice-Thumbnail-1-del-scaled.jpg","type":"image\/jpeg"}],"author":"Maks","twitter_card":"summary_large_image","twitter_misc":{"Written by":"Maks","Est. reading time":"1 minuta"},"schema":{"@context":"https:\/\/schema.org","@graph":[{"@type":"Article","@id":"https:\/\/brezice.eu\/festival\/video-posnetek-mednarodnega-otroskega-pevskega-festivala-brezice-2024\/#article","isPartOf":{"@id":"https:\/\/brezice.eu\/festival\/video-posnetek-mednarodnega-otroskega-pevskega-festivala-brezice-2024\/"},"author":{"name":"Maks","@id":"https:\/\/brezice.eu\/festival\/#\/schema\/person\/3d072c5f979e85b05a4ce581efa89f7f"},"headline":"Video posnetek Mednarodnega otro\u0161kega pevskega festivala Bre\u017eice 2024","datePublished":"2024-11-12T18:04:48+00:00","mainEntityOfPage":{"@id":"https:\/\/brezice.eu\/festival\/video-posnetek-mednarodnega-otroskega-pevskega-festivala-brezice-2024\/"},"wordCount":89,"commentCount":0,"publisher":{"@id":"https:\/\/brezice.eu\/festival\/#organization"},"image":{"@id":"https:\/\/brezice.eu\/festival\/video-posnetek-mednarodnega-otroskega-pevskega-festivala-brezice-2024\/#primaryimage"},"thumbnailUrl":"https:\/\/brezice.eu\/festival\/wp-content\/uploads\/2024\/11\/MOPF-Brezice-Thumbnail-1-del-scaled.jpg","articleSection":["Obvestila"],"inLanguage":"sl-SI"},{"@type":"WebPage","@id":"https:\/\/brezice.eu\/festival\/video-posnetek-mednarodnega-otroskega-pevskega-festivala-brezice-2024\/","url":"https:\/\/brezice.eu\/festival\/video-posnetek-mednarodnega-otroskega-pevskega-festivala-brezice-2024\/","name":"Video posnetek Mednarodnega otro\u0161kega pevskega festivala Bre\u017eice 2024 - Mednarodni otro\u0161ki pevski festival Bre\u017eice","isPartOf":{"@id":"https:\/\/brezice.eu\/festival\/#website"},"primaryImageOfPage":{"@id":"https:\/\/brezice.eu\/festival\/video-posnetek-mednarodnega-otroskega-pevskega-festivala-brezice-2024\/#primaryimage"},"image":{"@id":"https:\/\/brezice.eu\/festival\/video-posnetek-mednarodnega-otroskega-pevskega-festivala-brezice-2024\/#primaryimage"},"thumbnailUrl":"https:\/\/brezice.eu\/festival\/wp-content\/uploads\/2024\/11\/MOPF-Brezice-Thumbnail-1-del-scaled.jpg","datePublished":"2024-11-12T18:04:48+00:00","breadcrumb":{"@id":"https:\/\/brezice.eu\/festival\/video-posnetek-mednarodnega-otroskega-pevskega-festivala-brezice-2024\/#breadcrumb"},"inLanguage":"sl-SI","potentialAction":[{"@type":"ReadAction","target":["https:\/\/brezice.eu\/festival\/video-posnetek-mednarodnega-otroskega-pevskega-festivala-brezice-2024\/"]}]},{"@type":"ImageObject","inLanguage":"sl-SI","@id":"https:\/\/brezice.eu\/festival\/video-posnetek-mednarodnega-otroskega-pevskega-festivala-brezice-2024\/#primaryimage","url":"https:\/\/brezice.eu\/festival\/wp-content\/uploads\/2024\/11\/MOPF-Brezice-Thumbnail-1-del-scaled.jpg","contentUrl":"https:\/\/brezice.eu\/festival\/wp-content\/uploads\/2024\/11\/MOPF-Brezice-Thumbnail-1-del-scaled.jpg","width":2560,"height":1443},{"@type":"BreadcrumbList","@id":"https:\/\/brezice.eu\/festival\/video-posnetek-mednarodnega-otroskega-pevskega-festivala-brezice-2024\/#breadcrumb","itemListElement":[{"@type":"ListItem","position":1,"name":"Home","item":"https:\/\/brezice.eu\/festival\/"},{"@type":"ListItem","position":2,"name":"Video posnetek Mednarodnega otro\u0161kega pevskega festivala Bre\u017eice 2024"}]},{"@type":"WebSite","@id":"https:\/\/brezice.eu\/festival\/#website","url":"https:\/\/brezice.eu\/festival\/","name":"Mednarodni otro\u0161ki pevski festival Bre\u017eice","description":"Predstavljamo vam najbolj\u0161e mlade evropske pevce od 6 do vklju\u010dno 17 let","publisher":{"@id":"https:\/\/brezice.eu\/festival\/#organization"},"potentialAction":[{"@type":"SearchAction","target":{"@type":"EntryPoint","urlTemplate":"https:\/\/brezice.eu\/festival\/?s={search_term_string}"},"query-input":{"@type":"PropertyValueSpecification","valueRequired":true,"valueName":"search_term_string"}}],"inLanguage":"sl-SI"},{"@type":"Organization","@id":"https:\/\/brezice.eu\/festival\/#organization","name":"Mednarodni otro\u0161ki pevski festival Bre\u017eice","url":"https:\/\/brezice.eu\/festival\/","logo":{"@type":"ImageObject","inLanguage":"sl-SI","@id":"https:\/\/brezice.eu\/festival\/#\/schema\/logo\/image\/","url":"https:\/\/brezice.eu\/festival\/wp-content\/uploads\/2020\/02\/cropped-MOPFBrezice-logo-z-belim-ozadjem-transparent-1.png","contentUrl":"https:\/\/brezice.eu\/festival\/wp-content\/uploads\/2020\/02\/cropped-MOPFBrezice-logo-z-belim-ozadjem-transparent-1.png","width":990,"height":250,"caption":"Mednarodni otro\u0161ki pevski festival Bre\u017eice"},"image":{"@id":"https:\/\/brezice.eu\/festival\/#\/schema\/logo\/image\/"}},{"@type":"Person","@id":"https:\/\/brezice.eu\/festival\/#\/schema\/person\/3d072c5f979e85b05a4ce581efa89f7f","name":"Maks","image":{"@type":"ImageObject","inLanguage":"sl-SI","@id":"https:\/\/secure.gravatar.com\/avatar\/0a63dd2b7395063206299376ba60cf09eb4aa0142b18376a136d022186d600a6?s=96&d=mm&r=g","url":"https:\/\/secure.gravatar.com\/avatar\/0a63dd2b7395063206299376ba60cf09eb4aa0142b18376a136d022186d600a6?s=96&d=mm&r=g","contentUrl":"https:\/\/secure.gravatar.com\/avatar\/0a63dd2b7395063206299376ba60cf09eb4aa0142b18376a136d022186d600a6?s=96&d=mm&r=g","caption":"Maks"},"url":"https:\/\/brezice.eu\/festival\/author\/maks\/"}]}},"rttpg_featured_image_url":{"full":["https:\/\/brezice.eu\/festival\/wp-content\/uploads\/2024\/11\/MOPF-Brezice-Thumbnail-1-del-scaled.jpg",2560,1443,false],"landscape":["https:\/\/brezice.eu\/festival\/wp-content\/uploads\/2024\/11\/MOPF-Brezice-Thumbnail-1-del-scaled.jpg",2560,1443,false],"portraits":["https:\/\/brezice.eu\/festival\/wp-content\/uploads\/2024\/11\/MOPF-Brezice-Thumbnail-1-del-scaled.jpg",2560,1443,false],"thumbnail":["https:\/\/brezice.eu\/festival\/wp-content\/uploads\/2024\/11\/MOPF-Brezice-Thumbnail-1-del-150x150.jpg",150,150,true],"medium":["https:\/\/brezice.eu\/festival\/wp-content\/uploads\/2024\/11\/MOPF-Brezice-Thumbnail-1-del-300x169.jpg",300,169,true],"large":["https:\/\/brezice.eu\/festival\/wp-content\/uploads\/2024\/11\/MOPF-Brezice-Thumbnail-1-del-1024x577.jpg",525,296,true],"1536x1536":["https:\/\/brezice.eu\/festival\/wp-content\/uploads\/2024\/11\/MOPF-Brezice-Thumbnail-1-del-1536x866.jpg",1536,866,true],"2048x2048":["https:\/\/brezice.eu\/festival\/wp-content\/uploads\/2024\/11\/MOPF-Brezice-Thumbnail-1-del-2048x1155.jpg",2048,1155,true],"twentyseventeen-featured-image":["https:\/\/brezice.eu\/festival\/wp-content\/uploads\/2024\/11\/MOPF-Brezice-Thumbnail-1-del-2000x1200.jpg",2000,1200,true],"twentyseventeen-thumbnail-avatar":["https:\/\/brezice.eu\/festival\/wp-content\/uploads\/2024\/11\/MOPF-Brezice-Thumbnail-1-del-100x100.jpg",100,100,true]},"rttpg_author":{"display_name":"Maks","author_link":"https:\/\/brezice.eu\/festival\/author\/maks\/"},"rttpg_comment":2,"rttpg_category":"<a href=\"https:\/\/brezice.eu\/festival\/category\/obvestila\/\" rel=\"category tag\">Obvestila<\/a>","rttpg_excerpt":"Mednarodni otro\u0161ki pevski festival Bre\u017eice 2024 si lahko ogledate na YouTube-u v dveh delih. Prvi del vsebuje nastope prve in druge starostne skupine, drugi del pa nastope tretje starostne skupine in podelitev nagrad nagrajencem in izbor zmagovalke Mednarodnega otro\u0161kega pevskega festivala Bre\u017eice: Mednarodni otro\u0161ki pevski festival Bre\u017eice 2024 1. del: Mednarodni otro\u0161ki pevski festival Bre\u017eice&hellip;","_links":{"self":[{"href":"https:\/\/brezice.eu\/festival\/wp-json\/wp\/v2\/posts\/2677","targetHints":{"allow":["GET"]}}],"collection":[{"href":"https:\/\/brezice.eu\/festival\/wp-json\/wp\/v2\/posts"}],"about":[{"href":"https:\/\/brezice.eu\/festival\/wp-json\/wp\/v2\/types\/post"}],"author":[{"embeddable":true,"href":"https:\/\/brezice.eu\/festival\/wp-json\/wp\/v2\/users\/1"}],"replies":[{"embeddable":true,"href":"https:\/\/brezice.eu\/festival\/wp-json\/wp\/v2\/comments?post=2677"}],"version-history":[{"count":1,"href":"https:\/\/brezice.eu\/festival\/wp-json\/wp\/v2\/posts\/2677\/revisions"}],"predecessor-version":[{"id":2684,"href":"https:\/\/brezice.eu\/festival\/wp-json\/wp\/v2\/posts\/2677\/revisions\/2684"}],"wp:featuredmedia":[{"embeddable":true,"href":"https:\/\/brezice.eu\/festival\/wp-json\/wp\/v2\/media\/2678"}],"wp:attachment":[{"href":"https:\/\/brezice.eu\/festival\/wp-json\/wp\/v2\/media?parent=2677"}],"wp:term":[{"taxonomy":"category","embeddable":true,"href":"https:\/\/brezice.eu\/festival\/wp-json\/wp\/v2\/categories?post=2677"},{"taxonomy":"post_tag","embeddable":true,"href":"https:\/\/brezice.eu\/festival\/wp-json\/wp\/v2\/tags?post=2677"}],"curies":[{"name":"wp","href":"https:\/\/api.w.org\/{rel}","templated":true}]}}