{"id":1940,"date":"2022-08-28T23:59:58","date_gmt":"2022-08-28T21:59:58","guid":{"rendered":"https:\/\/brezice.eu\/festival\/?p=1940"},"modified":"2022-08-30T07:50:54","modified_gmt":"2022-08-30T05:50:54","slug":"zmagovalci-mopf-brezice-2022","status":"publish","type":"post","link":"https:\/\/brezice.eu\/festival\/zmagovalci-mopf-brezice-2022\/","title":{"rendered":"Zmagovalci 6. Mednarodnega otro\u0161kega pevskega festivala Bre\u017eice 2022"},"content":{"rendered":"\n<p>Zmagovalka Mednarodnega otro\u0161kega pevskega festivala Bre\u017eice 2022 v celoti je <strong>TIA VALENTINC<\/strong>, 16 letna odli\u010dna pevka iz Kr\u0161kega, ki se je ob\u010dinstvu predstavila s pesmijo &#8220;The voice within&#8221; Christine Aguilere!<\/p>\n\n\n\n<figure class=\"wp-block-image size-large\"><a href=\"https:\/\/brezice.eu\/festival\/wp-content\/uploads\/2022\/08\/Tia-Valentinc.jpg\"><img loading=\"lazy\" decoding=\"async\" width=\"1024\" height=\"681\" src=\"https:\/\/brezice.eu\/festival\/wp-content\/uploads\/2022\/08\/Tia-Valentinc-1024x681.jpg\" alt=\"\" class=\"wp-image-1941\" srcset=\"https:\/\/brezice.eu\/festival\/wp-content\/uploads\/2022\/08\/Tia-Valentinc-1024x681.jpg 1024w, https:\/\/brezice.eu\/festival\/wp-content\/uploads\/2022\/08\/Tia-Valentinc-300x200.jpg 300w, https:\/\/brezice.eu\/festival\/wp-content\/uploads\/2022\/08\/Tia-Valentinc-768x511.jpg 768w, https:\/\/brezice.eu\/festival\/wp-content\/uploads\/2022\/08\/Tia-Valentinc.jpg 1200w\" sizes=\"auto, (max-width: 767px) 89vw, (max-width: 1000px) 54vw, (max-width: 1071px) 543px, 580px\" \/><\/a><figcaption>Tia Valentinc (foto: Luka Rudman)<\/figcaption><\/figure>\n\n\n\n<p>Zmagovalci Mednarodnega otro\u0161kega pevskega festivala Bre\u017eice 2022 so po mnenju strokovne \u017eirije:<\/p>\n\n\n\n<p>Starostna skupina 6 do 9 let:<\/p>\n\n\n\n<figure class=\"wp-block-table\"><table><tbody><tr><td><strong>1. mesto: Leo Ogrizek<\/strong><\/td><td>Slovenija<\/td><\/tr><tr><td>2. mesto: Alina Jezernik \u0160irca<\/td><td>Slovenija<\/td><\/tr><tr><td>3. mesto: Tonka Jadri\u0107<\/td><td>Hrva\u0161ka<\/td><\/tr><\/tbody><\/table><\/figure>\n\n\n\n<p>Starostna skupina 10 do 13 let:<\/p>\n\n\n\n<figure class=\"wp-block-table\"><table><tbody><tr><td><strong>1. mesto: Eva Brumen Ko\u0161ar<\/strong><\/td><td>Slovenija<\/td><\/tr><tr><td>2. mesto: Josip \u0160u\u0161njara<\/td><td>Hrva\u0161ka<\/td><\/tr><tr><td>3. mesto: Monika Juki\u0107<\/td><td>Hrva\u0161ka<\/td><\/tr><\/tbody><\/table><\/figure>\n\n\n\n<p>Starostna skupina 14 do 17 let:<\/p>\n\n\n\n<figure class=\"wp-block-table\"><table><tbody><tr><td><strong>1. mesto: Tia Valentinc<\/strong><\/td><td>Slovenija<\/td><\/tr><tr><td>2. mesto: Eva Julija Borov\u0161ak<\/td><td>Slovenija<\/td><\/tr><tr><td>3. mesto: Hana Grubi\u010d<\/td><td>Slovenija<\/td><\/tr><\/tbody><\/table><\/figure>\n\n\n\n<figure class=\"wp-block-image size-large\"><a href=\"https:\/\/brezice.eu\/festival\/wp-content\/uploads\/2022\/08\/Zmagovalci-MOPF-Brezice-2022.jpg\"><img loading=\"lazy\" decoding=\"async\" width=\"1024\" height=\"681\" src=\"https:\/\/brezice.eu\/festival\/wp-content\/uploads\/2022\/08\/Zmagovalci-MOPF-Brezice-2022-1024x681.jpg\" alt=\"\" class=\"wp-image-1944\" srcset=\"https:\/\/brezice.eu\/festival\/wp-content\/uploads\/2022\/08\/Zmagovalci-MOPF-Brezice-2022-1024x681.jpg 1024w, https:\/\/brezice.eu\/festival\/wp-content\/uploads\/2022\/08\/Zmagovalci-MOPF-Brezice-2022-300x200.jpg 300w, https:\/\/brezice.eu\/festival\/wp-content\/uploads\/2022\/08\/Zmagovalci-MOPF-Brezice-2022-768x511.jpg 768w, https:\/\/brezice.eu\/festival\/wp-content\/uploads\/2022\/08\/Zmagovalci-MOPF-Brezice-2022.jpg 1200w\" sizes=\"auto, (max-width: 767px) 89vw, (max-width: 1000px) 54vw, (max-width: 1071px) 543px, 580px\" \/><\/a><figcaption>Od leve proti desni: \u017eupan Ob\u010dine Bre\u017eice Ivan Molan, voditeljica Anja Urek, Tia Valentinc, Eva Julija Borov\u0161ak, Hana Grubi\u010d, Tia Grubelnik, Monika Juki\u0107, Josip \u0160u\u0161njara, Eva Brumen Ko\u0161ar, Tonka Jadri\u0107, Alina Jezernik \u0160irca, Leo Ogrizek, Iva Mozeti\u010d, organizatorica festivala Brigita \u0160uler, producent festivala: Alen Jelu\u0161i\u0107 <br>(foto: Luka Rudman)<\/figcaption><\/figure>\n\n\n\n<p>Zmagovalci Mednarodnega otro\u0161kega pevskega festivala Bre\u017eice 2022 po mnenju publike:<\/p>\n\n\n\n<figure class=\"wp-block-table\"><table><tbody><tr><td>1. mesto: Iva Mozeti\u010d<\/td><td>Slovenija<\/td><\/tr><tr><td>2. mesto: Tia Grubelnik<\/td><td>Slovenija<\/td><\/tr><tr><td>3. mesto: Leo Ogrizek<\/td><td>Slovenija<\/td><\/tr><\/tbody><\/table><\/figure>\n\n\n\n<p>Vseh ostalih 48 pevk in pevcev Mednarodnega otro\u0161kega pevskega festivala Bre\u017eice si deli odli\u010dno 4. mesto! Organizatorji in producenti festivala \u010destitamo prav vsem in vsakemu!<\/p>\n","protected":false},"excerpt":{"rendered":"<p>Zmagovalka Mednarodnega otro\u0161kega pevskega festivala Bre\u017eice 2022 v celoti je TIA VALENTINC, 16 letna odli\u010dna pevka iz Kr\u0161kega, ki se je ob\u010dinstvu predstavila s pesmijo &#8220;The voice within&#8221; Christine Aguilere! Zmagovalci Mednarodnega otro\u0161kega pevskega festivala Bre\u017eice 2022 so po mnenju strokovne \u017eirije: Starostna skupina 6 do 9 let: 1. mesto: Leo Ogrizek Slovenija 2. mesto: &hellip; <\/p>\n<p class=\"link-more\"><a href=\"https:\/\/brezice.eu\/festival\/zmagovalci-mopf-brezice-2022\/\" class=\"more-link\">Preberi ve\u010d<span class=\"screen-reader-text\"> &#8220;Zmagovalci 6. Mednarodnega otro\u0161kega pevskega festivala Bre\u017eice 2022&#8221;<\/span><\/a><\/p>\n","protected":false},"author":1,"featured_media":1944,"comment_status":"open","ping_status":"open","sticky":false,"template":"","format":"standard","meta":{"footnotes":""},"categories":[1],"tags":[],"class_list":["post-1940","post","type-post","status-publish","format-standard","has-post-thumbnail","hentry","category-obvestila"],"yoast_head":"<!-- This site is optimized with the Yoast SEO plugin v27.4 - https:\/\/yoast.com\/product\/yoast-seo-wordpress\/ -->\n<title>Zmagovalci 6. Mednarodnega otro\u0161kega pevskega festivala Bre\u017eice 2022 - Mednarodni otro\u0161ki pevski festival Bre\u017eice<\/title>\n<meta name=\"robots\" content=\"index, follow, max-snippet:-1, max-image-preview:large, max-video-preview:-1\" \/>\n<link rel=\"canonical\" href=\"https:\/\/brezice.eu\/festival\/zmagovalci-mopf-brezice-2022\/\" \/>\n<meta property=\"og:locale\" content=\"sl_SI\" \/>\n<meta property=\"og:type\" content=\"article\" \/>\n<meta property=\"og:title\" content=\"Zmagovalci 6. Mednarodnega otro\u0161kega pevskega festivala Bre\u017eice 2022 - Mednarodni otro\u0161ki pevski festival Bre\u017eice\" \/>\n<meta property=\"og:description\" content=\"Zmagovalka Mednarodnega otro\u0161kega pevskega festivala Bre\u017eice 2022 v celoti je TIA VALENTINC, 16 letna odli\u010dna pevka iz Kr\u0161kega, ki se je ob\u010dinstvu predstavila s pesmijo &#8220;The voice within&#8221; Christine Aguilere! Zmagovalci Mednarodnega otro\u0161kega pevskega festivala Bre\u017eice 2022 so po mnenju strokovne \u017eirije: Starostna skupina 6 do 9 let: 1. mesto: Leo Ogrizek Slovenija 2. mesto: &hellip; Preberi ve\u010d &quot;Zmagovalci 6. Mednarodnega otro\u0161kega pevskega festivala Bre\u017eice 2022&quot;\" \/>\n<meta property=\"og:url\" content=\"https:\/\/brezice.eu\/festival\/zmagovalci-mopf-brezice-2022\/\" \/>\n<meta property=\"og:site_name\" content=\"Mednarodni otro\u0161ki pevski festival Bre\u017eice\" \/>\n<meta property=\"article:published_time\" content=\"2022-08-28T21:59:58+00:00\" \/>\n<meta property=\"article:modified_time\" content=\"2022-08-30T05:50:54+00:00\" \/>\n<meta property=\"og:image\" content=\"https:\/\/brezice.eu\/festival\/wp-content\/uploads\/2022\/08\/Zmagovalci-MOPF-Brezice-2022.jpg\" \/>\n\t<meta property=\"og:image:width\" content=\"1200\" \/>\n\t<meta property=\"og:image:height\" content=\"798\" \/>\n\t<meta property=\"og:image:type\" content=\"image\/jpeg\" \/>\n<meta name=\"author\" content=\"Maks\" \/>\n<meta name=\"twitter:card\" content=\"summary_large_image\" \/>\n<meta name=\"twitter:label1\" content=\"Written by\" \/>\n\t<meta name=\"twitter:data1\" content=\"Maks\" \/>\n\t<meta name=\"twitter:label2\" content=\"Est. reading time\" \/>\n\t<meta name=\"twitter:data2\" content=\"2 minuti\" \/>\n<script type=\"application\/ld+json\" class=\"yoast-schema-graph\">{\"@context\":\"https:\\\/\\\/schema.org\",\"@graph\":[{\"@type\":\"Article\",\"@id\":\"https:\\\/\\\/brezice.eu\\\/festival\\\/zmagovalci-mopf-brezice-2022\\\/#article\",\"isPartOf\":{\"@id\":\"https:\\\/\\\/brezice.eu\\\/festival\\\/zmagovalci-mopf-brezice-2022\\\/\"},\"author\":{\"name\":\"Maks\",\"@id\":\"https:\\\/\\\/brezice.eu\\\/festival\\\/#\\\/schema\\\/person\\\/3d072c5f979e85b05a4ce581efa89f7f\"},\"headline\":\"Zmagovalci 6. Mednarodnega otro\u0161kega pevskega festivala Bre\u017eice 2022\",\"datePublished\":\"2022-08-28T21:59:58+00:00\",\"dateModified\":\"2022-08-30T05:50:54+00:00\",\"mainEntityOfPage\":{\"@id\":\"https:\\\/\\\/brezice.eu\\\/festival\\\/zmagovalci-mopf-brezice-2022\\\/\"},\"wordCount\":219,\"commentCount\":0,\"publisher\":{\"@id\":\"https:\\\/\\\/brezice.eu\\\/festival\\\/#organization\"},\"image\":{\"@id\":\"https:\\\/\\\/brezice.eu\\\/festival\\\/zmagovalci-mopf-brezice-2022\\\/#primaryimage\"},\"thumbnailUrl\":\"https:\\\/\\\/brezice.eu\\\/festival\\\/wp-content\\\/uploads\\\/2022\\\/08\\\/Zmagovalci-MOPF-Brezice-2022.jpg\",\"articleSection\":[\"Obvestila\"],\"inLanguage\":\"sl-SI\"},{\"@type\":\"WebPage\",\"@id\":\"https:\\\/\\\/brezice.eu\\\/festival\\\/zmagovalci-mopf-brezice-2022\\\/\",\"url\":\"https:\\\/\\\/brezice.eu\\\/festival\\\/zmagovalci-mopf-brezice-2022\\\/\",\"name\":\"Zmagovalci 6. Mednarodnega otro\u0161kega pevskega festivala Bre\u017eice 2022 - Mednarodni otro\u0161ki pevski festival Bre\u017eice\",\"isPartOf\":{\"@id\":\"https:\\\/\\\/brezice.eu\\\/festival\\\/#website\"},\"primaryImageOfPage\":{\"@id\":\"https:\\\/\\\/brezice.eu\\\/festival\\\/zmagovalci-mopf-brezice-2022\\\/#primaryimage\"},\"image\":{\"@id\":\"https:\\\/\\\/brezice.eu\\\/festival\\\/zmagovalci-mopf-brezice-2022\\\/#primaryimage\"},\"thumbnailUrl\":\"https:\\\/\\\/brezice.eu\\\/festival\\\/wp-content\\\/uploads\\\/2022\\\/08\\\/Zmagovalci-MOPF-Brezice-2022.jpg\",\"datePublished\":\"2022-08-28T21:59:58+00:00\",\"dateModified\":\"2022-08-30T05:50:54+00:00\",\"breadcrumb\":{\"@id\":\"https:\\\/\\\/brezice.eu\\\/festival\\\/zmagovalci-mopf-brezice-2022\\\/#breadcrumb\"},\"inLanguage\":\"sl-SI\",\"potentialAction\":[{\"@type\":\"ReadAction\",\"target\":[\"https:\\\/\\\/brezice.eu\\\/festival\\\/zmagovalci-mopf-brezice-2022\\\/\"]}]},{\"@type\":\"ImageObject\",\"inLanguage\":\"sl-SI\",\"@id\":\"https:\\\/\\\/brezice.eu\\\/festival\\\/zmagovalci-mopf-brezice-2022\\\/#primaryimage\",\"url\":\"https:\\\/\\\/brezice.eu\\\/festival\\\/wp-content\\\/uploads\\\/2022\\\/08\\\/Zmagovalci-MOPF-Brezice-2022.jpg\",\"contentUrl\":\"https:\\\/\\\/brezice.eu\\\/festival\\\/wp-content\\\/uploads\\\/2022\\\/08\\\/Zmagovalci-MOPF-Brezice-2022.jpg\",\"width\":1200,\"height\":798},{\"@type\":\"BreadcrumbList\",\"@id\":\"https:\\\/\\\/brezice.eu\\\/festival\\\/zmagovalci-mopf-brezice-2022\\\/#breadcrumb\",\"itemListElement\":[{\"@type\":\"ListItem\",\"position\":1,\"name\":\"Home\",\"item\":\"https:\\\/\\\/brezice.eu\\\/festival\\\/\"},{\"@type\":\"ListItem\",\"position\":2,\"name\":\"Zmagovalci 6. Mednarodnega otro\u0161kega pevskega festivala Bre\u017eice 2022\"}]},{\"@type\":\"WebSite\",\"@id\":\"https:\\\/\\\/brezice.eu\\\/festival\\\/#website\",\"url\":\"https:\\\/\\\/brezice.eu\\\/festival\\\/\",\"name\":\"Mednarodni otro\u0161ki pevski festival Bre\u017eice\",\"description\":\"Predstavljamo vam najbolj\u0161e mlade evropske pevce od 6 do vklju\u010dno 17 let\",\"publisher\":{\"@id\":\"https:\\\/\\\/brezice.eu\\\/festival\\\/#organization\"},\"potentialAction\":[{\"@type\":\"SearchAction\",\"target\":{\"@type\":\"EntryPoint\",\"urlTemplate\":\"https:\\\/\\\/brezice.eu\\\/festival\\\/?s={search_term_string}\"},\"query-input\":{\"@type\":\"PropertyValueSpecification\",\"valueRequired\":true,\"valueName\":\"search_term_string\"}}],\"inLanguage\":\"sl-SI\"},{\"@type\":\"Organization\",\"@id\":\"https:\\\/\\\/brezice.eu\\\/festival\\\/#organization\",\"name\":\"Mednarodni otro\u0161ki pevski festival Bre\u017eice\",\"url\":\"https:\\\/\\\/brezice.eu\\\/festival\\\/\",\"logo\":{\"@type\":\"ImageObject\",\"inLanguage\":\"sl-SI\",\"@id\":\"https:\\\/\\\/brezice.eu\\\/festival\\\/#\\\/schema\\\/logo\\\/image\\\/\",\"url\":\"https:\\\/\\\/brezice.eu\\\/festival\\\/wp-content\\\/uploads\\\/2020\\\/02\\\/cropped-MOPFBrezice-logo-z-belim-ozadjem-transparent-1.png\",\"contentUrl\":\"https:\\\/\\\/brezice.eu\\\/festival\\\/wp-content\\\/uploads\\\/2020\\\/02\\\/cropped-MOPFBrezice-logo-z-belim-ozadjem-transparent-1.png\",\"width\":990,\"height\":250,\"caption\":\"Mednarodni otro\u0161ki pevski festival Bre\u017eice\"},\"image\":{\"@id\":\"https:\\\/\\\/brezice.eu\\\/festival\\\/#\\\/schema\\\/logo\\\/image\\\/\"}},{\"@type\":\"Person\",\"@id\":\"https:\\\/\\\/brezice.eu\\\/festival\\\/#\\\/schema\\\/person\\\/3d072c5f979e85b05a4ce581efa89f7f\",\"name\":\"Maks\",\"image\":{\"@type\":\"ImageObject\",\"inLanguage\":\"sl-SI\",\"@id\":\"https:\\\/\\\/secure.gravatar.com\\\/avatar\\\/0a63dd2b7395063206299376ba60cf09eb4aa0142b18376a136d022186d600a6?s=96&d=mm&r=g\",\"url\":\"https:\\\/\\\/secure.gravatar.com\\\/avatar\\\/0a63dd2b7395063206299376ba60cf09eb4aa0142b18376a136d022186d600a6?s=96&d=mm&r=g\",\"contentUrl\":\"https:\\\/\\\/secure.gravatar.com\\\/avatar\\\/0a63dd2b7395063206299376ba60cf09eb4aa0142b18376a136d022186d600a6?s=96&d=mm&r=g\",\"caption\":\"Maks\"},\"url\":\"https:\\\/\\\/brezice.eu\\\/festival\\\/author\\\/maks\\\/\"}]}<\/script>\n<!-- \/ Yoast SEO plugin. -->","yoast_head_json":{"title":"Zmagovalci 6. Mednarodnega otro\u0161kega pevskega festivala Bre\u017eice 2022 - Mednarodni otro\u0161ki pevski festival Bre\u017eice","robots":{"index":"index","follow":"follow","max-snippet":"max-snippet:-1","max-image-preview":"max-image-preview:large","max-video-preview":"max-video-preview:-1"},"canonical":"https:\/\/brezice.eu\/festival\/zmagovalci-mopf-brezice-2022\/","og_locale":"sl_SI","og_type":"article","og_title":"Zmagovalci 6. Mednarodnega otro\u0161kega pevskega festivala Bre\u017eice 2022 - Mednarodni otro\u0161ki pevski festival Bre\u017eice","og_description":"Zmagovalka Mednarodnega otro\u0161kega pevskega festivala Bre\u017eice 2022 v celoti je TIA VALENTINC, 16 letna odli\u010dna pevka iz Kr\u0161kega, ki se je ob\u010dinstvu predstavila s pesmijo &#8220;The voice within&#8221; Christine Aguilere! Zmagovalci Mednarodnega otro\u0161kega pevskega festivala Bre\u017eice 2022 so po mnenju strokovne \u017eirije: Starostna skupina 6 do 9 let: 1. mesto: Leo Ogrizek Slovenija 2. mesto: &hellip; Preberi ve\u010d \"Zmagovalci 6. Mednarodnega otro\u0161kega pevskega festivala Bre\u017eice 2022\"","og_url":"https:\/\/brezice.eu\/festival\/zmagovalci-mopf-brezice-2022\/","og_site_name":"Mednarodni otro\u0161ki pevski festival Bre\u017eice","article_published_time":"2022-08-28T21:59:58+00:00","article_modified_time":"2022-08-30T05:50:54+00:00","og_image":[{"width":1200,"height":798,"url":"https:\/\/brezice.eu\/festival\/wp-content\/uploads\/2022\/08\/Zmagovalci-MOPF-Brezice-2022.jpg","type":"image\/jpeg"}],"author":"Maks","twitter_card":"summary_large_image","twitter_misc":{"Written by":"Maks","Est. reading time":"2 minuti"},"schema":{"@context":"https:\/\/schema.org","@graph":[{"@type":"Article","@id":"https:\/\/brezice.eu\/festival\/zmagovalci-mopf-brezice-2022\/#article","isPartOf":{"@id":"https:\/\/brezice.eu\/festival\/zmagovalci-mopf-brezice-2022\/"},"author":{"name":"Maks","@id":"https:\/\/brezice.eu\/festival\/#\/schema\/person\/3d072c5f979e85b05a4ce581efa89f7f"},"headline":"Zmagovalci 6. Mednarodnega otro\u0161kega pevskega festivala Bre\u017eice 2022","datePublished":"2022-08-28T21:59:58+00:00","dateModified":"2022-08-30T05:50:54+00:00","mainEntityOfPage":{"@id":"https:\/\/brezice.eu\/festival\/zmagovalci-mopf-brezice-2022\/"},"wordCount":219,"commentCount":0,"publisher":{"@id":"https:\/\/brezice.eu\/festival\/#organization"},"image":{"@id":"https:\/\/brezice.eu\/festival\/zmagovalci-mopf-brezice-2022\/#primaryimage"},"thumbnailUrl":"https:\/\/brezice.eu\/festival\/wp-content\/uploads\/2022\/08\/Zmagovalci-MOPF-Brezice-2022.jpg","articleSection":["Obvestila"],"inLanguage":"sl-SI"},{"@type":"WebPage","@id":"https:\/\/brezice.eu\/festival\/zmagovalci-mopf-brezice-2022\/","url":"https:\/\/brezice.eu\/festival\/zmagovalci-mopf-brezice-2022\/","name":"Zmagovalci 6. Mednarodnega otro\u0161kega pevskega festivala Bre\u017eice 2022 - Mednarodni otro\u0161ki pevski festival Bre\u017eice","isPartOf":{"@id":"https:\/\/brezice.eu\/festival\/#website"},"primaryImageOfPage":{"@id":"https:\/\/brezice.eu\/festival\/zmagovalci-mopf-brezice-2022\/#primaryimage"},"image":{"@id":"https:\/\/brezice.eu\/festival\/zmagovalci-mopf-brezice-2022\/#primaryimage"},"thumbnailUrl":"https:\/\/brezice.eu\/festival\/wp-content\/uploads\/2022\/08\/Zmagovalci-MOPF-Brezice-2022.jpg","datePublished":"2022-08-28T21:59:58+00:00","dateModified":"2022-08-30T05:50:54+00:00","breadcrumb":{"@id":"https:\/\/brezice.eu\/festival\/zmagovalci-mopf-brezice-2022\/#breadcrumb"},"inLanguage":"sl-SI","potentialAction":[{"@type":"ReadAction","target":["https:\/\/brezice.eu\/festival\/zmagovalci-mopf-brezice-2022\/"]}]},{"@type":"ImageObject","inLanguage":"sl-SI","@id":"https:\/\/brezice.eu\/festival\/zmagovalci-mopf-brezice-2022\/#primaryimage","url":"https:\/\/brezice.eu\/festival\/wp-content\/uploads\/2022\/08\/Zmagovalci-MOPF-Brezice-2022.jpg","contentUrl":"https:\/\/brezice.eu\/festival\/wp-content\/uploads\/2022\/08\/Zmagovalci-MOPF-Brezice-2022.jpg","width":1200,"height":798},{"@type":"BreadcrumbList","@id":"https:\/\/brezice.eu\/festival\/zmagovalci-mopf-brezice-2022\/#breadcrumb","itemListElement":[{"@type":"ListItem","position":1,"name":"Home","item":"https:\/\/brezice.eu\/festival\/"},{"@type":"ListItem","position":2,"name":"Zmagovalci 6. Mednarodnega otro\u0161kega pevskega festivala Bre\u017eice 2022"}]},{"@type":"WebSite","@id":"https:\/\/brezice.eu\/festival\/#website","url":"https:\/\/brezice.eu\/festival\/","name":"Mednarodni otro\u0161ki pevski festival Bre\u017eice","description":"Predstavljamo vam najbolj\u0161e mlade evropske pevce od 6 do vklju\u010dno 17 let","publisher":{"@id":"https:\/\/brezice.eu\/festival\/#organization"},"potentialAction":[{"@type":"SearchAction","target":{"@type":"EntryPoint","urlTemplate":"https:\/\/brezice.eu\/festival\/?s={search_term_string}"},"query-input":{"@type":"PropertyValueSpecification","valueRequired":true,"valueName":"search_term_string"}}],"inLanguage":"sl-SI"},{"@type":"Organization","@id":"https:\/\/brezice.eu\/festival\/#organization","name":"Mednarodni otro\u0161ki pevski festival Bre\u017eice","url":"https:\/\/brezice.eu\/festival\/","logo":{"@type":"ImageObject","inLanguage":"sl-SI","@id":"https:\/\/brezice.eu\/festival\/#\/schema\/logo\/image\/","url":"https:\/\/brezice.eu\/festival\/wp-content\/uploads\/2020\/02\/cropped-MOPFBrezice-logo-z-belim-ozadjem-transparent-1.png","contentUrl":"https:\/\/brezice.eu\/festival\/wp-content\/uploads\/2020\/02\/cropped-MOPFBrezice-logo-z-belim-ozadjem-transparent-1.png","width":990,"height":250,"caption":"Mednarodni otro\u0161ki pevski festival Bre\u017eice"},"image":{"@id":"https:\/\/brezice.eu\/festival\/#\/schema\/logo\/image\/"}},{"@type":"Person","@id":"https:\/\/brezice.eu\/festival\/#\/schema\/person\/3d072c5f979e85b05a4ce581efa89f7f","name":"Maks","image":{"@type":"ImageObject","inLanguage":"sl-SI","@id":"https:\/\/secure.gravatar.com\/avatar\/0a63dd2b7395063206299376ba60cf09eb4aa0142b18376a136d022186d600a6?s=96&d=mm&r=g","url":"https:\/\/secure.gravatar.com\/avatar\/0a63dd2b7395063206299376ba60cf09eb4aa0142b18376a136d022186d600a6?s=96&d=mm&r=g","contentUrl":"https:\/\/secure.gravatar.com\/avatar\/0a63dd2b7395063206299376ba60cf09eb4aa0142b18376a136d022186d600a6?s=96&d=mm&r=g","caption":"Maks"},"url":"https:\/\/brezice.eu\/festival\/author\/maks\/"}]}},"rttpg_featured_image_url":{"full":["https:\/\/brezice.eu\/festival\/wp-content\/uploads\/2022\/08\/Zmagovalci-MOPF-Brezice-2022.jpg",1200,798,false],"landscape":["https:\/\/brezice.eu\/festival\/wp-content\/uploads\/2022\/08\/Zmagovalci-MOPF-Brezice-2022.jpg",1200,798,false],"portraits":["https:\/\/brezice.eu\/festival\/wp-content\/uploads\/2022\/08\/Zmagovalci-MOPF-Brezice-2022.jpg",1200,798,false],"thumbnail":["https:\/\/brezice.eu\/festival\/wp-content\/uploads\/2022\/08\/Zmagovalci-MOPF-Brezice-2022-150x150.jpg",150,150,true],"medium":["https:\/\/brezice.eu\/festival\/wp-content\/uploads\/2022\/08\/Zmagovalci-MOPF-Brezice-2022-300x200.jpg",300,200,true],"large":["https:\/\/brezice.eu\/festival\/wp-content\/uploads\/2022\/08\/Zmagovalci-MOPF-Brezice-2022-1024x681.jpg",525,349,true],"1536x1536":["https:\/\/brezice.eu\/festival\/wp-content\/uploads\/2022\/08\/Zmagovalci-MOPF-Brezice-2022.jpg",1200,798,false],"2048x2048":["https:\/\/brezice.eu\/festival\/wp-content\/uploads\/2022\/08\/Zmagovalci-MOPF-Brezice-2022.jpg",1200,798,false],"twentyseventeen-featured-image":["https:\/\/brezice.eu\/festival\/wp-content\/uploads\/2022\/08\/Zmagovalci-MOPF-Brezice-2022.jpg",1200,798,false],"twentyseventeen-thumbnail-avatar":["https:\/\/brezice.eu\/festival\/wp-content\/uploads\/2022\/08\/Zmagovalci-MOPF-Brezice-2022-100x100.jpg",100,100,true]},"rttpg_author":{"display_name":"Maks","author_link":"https:\/\/brezice.eu\/festival\/author\/maks\/"},"rttpg_comment":0,"rttpg_category":"<a href=\"https:\/\/brezice.eu\/festival\/category\/obvestila\/\" rel=\"category tag\">Obvestila<\/a>","rttpg_excerpt":"Zmagovalka Mednarodnega otro\u0161kega pevskega festivala Bre\u017eice 2022 v celoti je TIA VALENTINC, 16 letna odli\u010dna pevka iz Kr\u0161kega, ki se je ob\u010dinstvu predstavila s pesmijo &#8220;The voice within&#8221; Christine Aguilere! Zmagovalci Mednarodnega otro\u0161kega pevskega festivala Bre\u017eice 2022 so po mnenju strokovne \u017eirije: Starostna skupina 6 do 9 let: 1. mesto: Leo Ogrizek Slovenija 2. mesto:&hellip;","_links":{"self":[{"href":"https:\/\/brezice.eu\/festival\/wp-json\/wp\/v2\/posts\/1940","targetHints":{"allow":["GET"]}}],"collection":[{"href":"https:\/\/brezice.eu\/festival\/wp-json\/wp\/v2\/posts"}],"about":[{"href":"https:\/\/brezice.eu\/festival\/wp-json\/wp\/v2\/types\/post"}],"author":[{"embeddable":true,"href":"https:\/\/brezice.eu\/festival\/wp-json\/wp\/v2\/users\/1"}],"replies":[{"embeddable":true,"href":"https:\/\/brezice.eu\/festival\/wp-json\/wp\/v2\/comments?post=1940"}],"version-history":[{"count":7,"href":"https:\/\/brezice.eu\/festival\/wp-json\/wp\/v2\/posts\/1940\/revisions"}],"predecessor-version":[{"id":1977,"href":"https:\/\/brezice.eu\/festival\/wp-json\/wp\/v2\/posts\/1940\/revisions\/1977"}],"wp:featuredmedia":[{"embeddable":true,"href":"https:\/\/brezice.eu\/festival\/wp-json\/wp\/v2\/media\/1944"}],"wp:attachment":[{"href":"https:\/\/brezice.eu\/festival\/wp-json\/wp\/v2\/media?parent=1940"}],"wp:term":[{"taxonomy":"category","embeddable":true,"href":"https:\/\/brezice.eu\/festival\/wp-json\/wp\/v2\/categories?post=1940"},{"taxonomy":"post_tag","embeddable":true,"href":"https:\/\/brezice.eu\/festival\/wp-json\/wp\/v2\/tags?post=1940"}],"curies":[{"name":"wp","href":"https:\/\/api.w.org\/{rel}","templated":true}]}}