{"id":1869,"date":"2022-08-22T18:28:34","date_gmt":"2022-08-22T16:28:34","guid":{"rendered":"https:\/\/brezice.eu\/festival\/?p=1869"},"modified":"2022-08-22T18:28:38","modified_gmt":"2022-08-22T16:28:38","slug":"vabilo-na-6-mednarodni-otroski-pevski-festival-brezice-2022","status":"publish","type":"post","link":"https:\/\/brezice.eu\/festival\/vabilo-na-6-mednarodni-otroski-pevski-festival-brezice-2022\/","title":{"rendered":"Vabilo na 6. Mednarodni otro\u0161ki pevski festival Bre\u017eice 2022"},"content":{"rendered":"\n<p>Spo\u0161tovani ljubitelji petja!<\/p>\n\n\n\n<p>Mednarodni otro\u0161ki pevski festival Bre\u017eice 2022 je \u017ee 6. otro\u0161ki pevski festival na katerem se predstavijo talenti od 6. do 17. leta starosti. Tokrat se jih bo predstavilo 60 in sicer iz Slovenije, Hrva\u0161ke, Bosne in Hercegovine, Srbije, Bolgarije in Ukrajine. <\/p>\n\n\n\n<p>Polfinalni prireditvi bosta v Mladinskem centru Bre\u017eice na naslovu Gub\u010deva ulica 10a in sicer v petek 26. avgusta 2022 in v soboto 27. avgusta 2022, s pri\u010detkom ob 17. uri.<\/p>\n\n\n\n<p>Na obeh polfinalnih prireditvah skupaj bomo izbrali 24 finalistov, ki se bodo predstavili na velikem finalu Mednarodnega otro\u0161kega pevskega festivala Bre\u017eice 2022, ki bo v nedeljo 28. avgusta na dvori\u0161\u010du bre\u017ei\u0161kega gradu, s pri\u010detkom ob 19. uri. Vabljeni!<\/p>\n\n\n\n<figure class=\"wp-block-image size-large\"><img loading=\"lazy\" decoding=\"async\" width=\"1024\" height=\"707\" src=\"https:\/\/brezice.eu\/festival\/wp-content\/uploads\/2022\/08\/MOPF-plakat-145-x-100-2022-150dpi-CMYK-1024x707.jpg\" alt=\"\" class=\"wp-image-1870\" srcset=\"https:\/\/brezice.eu\/festival\/wp-content\/uploads\/2022\/08\/MOPF-plakat-145-x-100-2022-150dpi-CMYK-1024x707.jpg 1024w, https:\/\/brezice.eu\/festival\/wp-content\/uploads\/2022\/08\/MOPF-plakat-145-x-100-2022-150dpi-CMYK-300x207.jpg 300w, https:\/\/brezice.eu\/festival\/wp-content\/uploads\/2022\/08\/MOPF-plakat-145-x-100-2022-150dpi-CMYK-768x530.jpg 768w, https:\/\/brezice.eu\/festival\/wp-content\/uploads\/2022\/08\/MOPF-plakat-145-x-100-2022-150dpi-CMYK.jpg 1200w\" sizes=\"auto, (max-width: 767px) 89vw, (max-width: 1000px) 54vw, (max-width: 1071px) 543px, 580px\" \/><\/figure>\n","protected":false},"excerpt":{"rendered":"<p>Spo\u0161tovani ljubitelji petja! Mednarodni otro\u0161ki pevski festival Bre\u017eice 2022 je \u017ee 6. otro\u0161ki pevski festival na katerem se predstavijo talenti od 6. do 17. leta starosti. Tokrat se jih bo predstavilo 60 in sicer iz Slovenije, Hrva\u0161ke, Bosne in Hercegovine, Srbije, Bolgarije in Ukrajine. Polfinalni prireditvi bosta v Mladinskem centru Bre\u017eice na naslovu Gub\u010deva ulica &hellip; <\/p>\n<p class=\"link-more\"><a href=\"https:\/\/brezice.eu\/festival\/vabilo-na-6-mednarodni-otroski-pevski-festival-brezice-2022\/\" class=\"more-link\">Preberi ve\u010d<span class=\"screen-reader-text\"> &#8220;Vabilo na 6. Mednarodni otro\u0161ki pevski festival Bre\u017eice 2022&#8221;<\/span><\/a><\/p>\n","protected":false},"author":1,"featured_media":1870,"comment_status":"open","ping_status":"open","sticky":false,"template":"","format":"standard","meta":{"footnotes":""},"categories":[1],"tags":[],"class_list":["post-1869","post","type-post","status-publish","format-standard","has-post-thumbnail","hentry","category-obvestila"],"yoast_head":"<!-- This site is optimized with the Yoast SEO plugin v27.4 - https:\/\/yoast.com\/product\/yoast-seo-wordpress\/ -->\n<title>Vabilo na 6. Mednarodni otro\u0161ki pevski festival Bre\u017eice 2022 - Mednarodni otro\u0161ki pevski festival Bre\u017eice<\/title>\n<meta name=\"robots\" content=\"index, follow, max-snippet:-1, max-image-preview:large, max-video-preview:-1\" \/>\n<link rel=\"canonical\" href=\"https:\/\/brezice.eu\/festival\/vabilo-na-6-mednarodni-otroski-pevski-festival-brezice-2022\/\" \/>\n<meta property=\"og:locale\" content=\"sl_SI\" \/>\n<meta property=\"og:type\" content=\"article\" \/>\n<meta property=\"og:title\" content=\"Vabilo na 6. Mednarodni otro\u0161ki pevski festival Bre\u017eice 2022 - Mednarodni otro\u0161ki pevski festival Bre\u017eice\" \/>\n<meta property=\"og:description\" content=\"Spo\u0161tovani ljubitelji petja! Mednarodni otro\u0161ki pevski festival Bre\u017eice 2022 je \u017ee 6. otro\u0161ki pevski festival na katerem se predstavijo talenti od 6. do 17. leta starosti. Tokrat se jih bo predstavilo 60 in sicer iz Slovenije, Hrva\u0161ke, Bosne in Hercegovine, Srbije, Bolgarije in Ukrajine. Polfinalni prireditvi bosta v Mladinskem centru Bre\u017eice na naslovu Gub\u010deva ulica &hellip; Preberi ve\u010d &quot;Vabilo na 6. Mednarodni otro\u0161ki pevski festival Bre\u017eice 2022&quot;\" \/>\n<meta property=\"og:url\" content=\"https:\/\/brezice.eu\/festival\/vabilo-na-6-mednarodni-otroski-pevski-festival-brezice-2022\/\" \/>\n<meta property=\"og:site_name\" content=\"Mednarodni otro\u0161ki pevski festival Bre\u017eice\" \/>\n<meta property=\"article:published_time\" content=\"2022-08-22T16:28:34+00:00\" \/>\n<meta property=\"article:modified_time\" content=\"2022-08-22T16:28:38+00:00\" \/>\n<meta property=\"og:image\" content=\"https:\/\/brezice.eu\/festival\/wp-content\/uploads\/2022\/08\/MOPF-plakat-145-x-100-2022-150dpi-CMYK.jpg\" \/>\n\t<meta property=\"og:image:width\" content=\"1200\" \/>\n\t<meta property=\"og:image:height\" content=\"828\" \/>\n\t<meta property=\"og:image:type\" content=\"image\/jpeg\" \/>\n<meta name=\"author\" content=\"Maks\" \/>\n<meta name=\"twitter:card\" content=\"summary_large_image\" \/>\n<meta name=\"twitter:label1\" content=\"Written by\" \/>\n\t<meta name=\"twitter:data1\" content=\"Maks\" \/>\n\t<meta name=\"twitter:label2\" content=\"Est. reading time\" \/>\n\t<meta name=\"twitter:data2\" content=\"1 minuta\" \/>\n<script type=\"application\/ld+json\" class=\"yoast-schema-graph\">{\"@context\":\"https:\\\/\\\/schema.org\",\"@graph\":[{\"@type\":\"Article\",\"@id\":\"https:\\\/\\\/brezice.eu\\\/festival\\\/vabilo-na-6-mednarodni-otroski-pevski-festival-brezice-2022\\\/#article\",\"isPartOf\":{\"@id\":\"https:\\\/\\\/brezice.eu\\\/festival\\\/vabilo-na-6-mednarodni-otroski-pevski-festival-brezice-2022\\\/\"},\"author\":{\"name\":\"Maks\",\"@id\":\"https:\\\/\\\/brezice.eu\\\/festival\\\/#\\\/schema\\\/person\\\/3d072c5f979e85b05a4ce581efa89f7f\"},\"headline\":\"Vabilo na 6. Mednarodni otro\u0161ki pevski festival Bre\u017eice 2022\",\"datePublished\":\"2022-08-22T16:28:34+00:00\",\"dateModified\":\"2022-08-22T16:28:38+00:00\",\"mainEntityOfPage\":{\"@id\":\"https:\\\/\\\/brezice.eu\\\/festival\\\/vabilo-na-6-mednarodni-otroski-pevski-festival-brezice-2022\\\/\"},\"wordCount\":121,\"commentCount\":0,\"publisher\":{\"@id\":\"https:\\\/\\\/brezice.eu\\\/festival\\\/#organization\"},\"image\":{\"@id\":\"https:\\\/\\\/brezice.eu\\\/festival\\\/vabilo-na-6-mednarodni-otroski-pevski-festival-brezice-2022\\\/#primaryimage\"},\"thumbnailUrl\":\"https:\\\/\\\/brezice.eu\\\/festival\\\/wp-content\\\/uploads\\\/2022\\\/08\\\/MOPF-plakat-145-x-100-2022-150dpi-CMYK.jpg\",\"articleSection\":[\"Obvestila\"],\"inLanguage\":\"sl-SI\"},{\"@type\":\"WebPage\",\"@id\":\"https:\\\/\\\/brezice.eu\\\/festival\\\/vabilo-na-6-mednarodni-otroski-pevski-festival-brezice-2022\\\/\",\"url\":\"https:\\\/\\\/brezice.eu\\\/festival\\\/vabilo-na-6-mednarodni-otroski-pevski-festival-brezice-2022\\\/\",\"name\":\"Vabilo na 6. Mednarodni otro\u0161ki pevski festival Bre\u017eice 2022 - Mednarodni otro\u0161ki pevski festival Bre\u017eice\",\"isPartOf\":{\"@id\":\"https:\\\/\\\/brezice.eu\\\/festival\\\/#website\"},\"primaryImageOfPage\":{\"@id\":\"https:\\\/\\\/brezice.eu\\\/festival\\\/vabilo-na-6-mednarodni-otroski-pevski-festival-brezice-2022\\\/#primaryimage\"},\"image\":{\"@id\":\"https:\\\/\\\/brezice.eu\\\/festival\\\/vabilo-na-6-mednarodni-otroski-pevski-festival-brezice-2022\\\/#primaryimage\"},\"thumbnailUrl\":\"https:\\\/\\\/brezice.eu\\\/festival\\\/wp-content\\\/uploads\\\/2022\\\/08\\\/MOPF-plakat-145-x-100-2022-150dpi-CMYK.jpg\",\"datePublished\":\"2022-08-22T16:28:34+00:00\",\"dateModified\":\"2022-08-22T16:28:38+00:00\",\"breadcrumb\":{\"@id\":\"https:\\\/\\\/brezice.eu\\\/festival\\\/vabilo-na-6-mednarodni-otroski-pevski-festival-brezice-2022\\\/#breadcrumb\"},\"inLanguage\":\"sl-SI\",\"potentialAction\":[{\"@type\":\"ReadAction\",\"target\":[\"https:\\\/\\\/brezice.eu\\\/festival\\\/vabilo-na-6-mednarodni-otroski-pevski-festival-brezice-2022\\\/\"]}]},{\"@type\":\"ImageObject\",\"inLanguage\":\"sl-SI\",\"@id\":\"https:\\\/\\\/brezice.eu\\\/festival\\\/vabilo-na-6-mednarodni-otroski-pevski-festival-brezice-2022\\\/#primaryimage\",\"url\":\"https:\\\/\\\/brezice.eu\\\/festival\\\/wp-content\\\/uploads\\\/2022\\\/08\\\/MOPF-plakat-145-x-100-2022-150dpi-CMYK.jpg\",\"contentUrl\":\"https:\\\/\\\/brezice.eu\\\/festival\\\/wp-content\\\/uploads\\\/2022\\\/08\\\/MOPF-plakat-145-x-100-2022-150dpi-CMYK.jpg\",\"width\":1200,\"height\":828},{\"@type\":\"BreadcrumbList\",\"@id\":\"https:\\\/\\\/brezice.eu\\\/festival\\\/vabilo-na-6-mednarodni-otroski-pevski-festival-brezice-2022\\\/#breadcrumb\",\"itemListElement\":[{\"@type\":\"ListItem\",\"position\":1,\"name\":\"Home\",\"item\":\"https:\\\/\\\/brezice.eu\\\/festival\\\/\"},{\"@type\":\"ListItem\",\"position\":2,\"name\":\"Vabilo na 6. Mednarodni otro\u0161ki pevski festival Bre\u017eice 2022\"}]},{\"@type\":\"WebSite\",\"@id\":\"https:\\\/\\\/brezice.eu\\\/festival\\\/#website\",\"url\":\"https:\\\/\\\/brezice.eu\\\/festival\\\/\",\"name\":\"Mednarodni otro\u0161ki pevski festival Bre\u017eice\",\"description\":\"Predstavljamo vam najbolj\u0161e mlade evropske pevce od 6 do vklju\u010dno 17 let\",\"publisher\":{\"@id\":\"https:\\\/\\\/brezice.eu\\\/festival\\\/#organization\"},\"potentialAction\":[{\"@type\":\"SearchAction\",\"target\":{\"@type\":\"EntryPoint\",\"urlTemplate\":\"https:\\\/\\\/brezice.eu\\\/festival\\\/?s={search_term_string}\"},\"query-input\":{\"@type\":\"PropertyValueSpecification\",\"valueRequired\":true,\"valueName\":\"search_term_string\"}}],\"inLanguage\":\"sl-SI\"},{\"@type\":\"Organization\",\"@id\":\"https:\\\/\\\/brezice.eu\\\/festival\\\/#organization\",\"name\":\"Mednarodni otro\u0161ki pevski festival Bre\u017eice\",\"url\":\"https:\\\/\\\/brezice.eu\\\/festival\\\/\",\"logo\":{\"@type\":\"ImageObject\",\"inLanguage\":\"sl-SI\",\"@id\":\"https:\\\/\\\/brezice.eu\\\/festival\\\/#\\\/schema\\\/logo\\\/image\\\/\",\"url\":\"https:\\\/\\\/brezice.eu\\\/festival\\\/wp-content\\\/uploads\\\/2020\\\/02\\\/cropped-MOPFBrezice-logo-z-belim-ozadjem-transparent-1.png\",\"contentUrl\":\"https:\\\/\\\/brezice.eu\\\/festival\\\/wp-content\\\/uploads\\\/2020\\\/02\\\/cropped-MOPFBrezice-logo-z-belim-ozadjem-transparent-1.png\",\"width\":990,\"height\":250,\"caption\":\"Mednarodni otro\u0161ki pevski festival Bre\u017eice\"},\"image\":{\"@id\":\"https:\\\/\\\/brezice.eu\\\/festival\\\/#\\\/schema\\\/logo\\\/image\\\/\"}},{\"@type\":\"Person\",\"@id\":\"https:\\\/\\\/brezice.eu\\\/festival\\\/#\\\/schema\\\/person\\\/3d072c5f979e85b05a4ce581efa89f7f\",\"name\":\"Maks\",\"image\":{\"@type\":\"ImageObject\",\"inLanguage\":\"sl-SI\",\"@id\":\"https:\\\/\\\/secure.gravatar.com\\\/avatar\\\/0a63dd2b7395063206299376ba60cf09eb4aa0142b18376a136d022186d600a6?s=96&d=mm&r=g\",\"url\":\"https:\\\/\\\/secure.gravatar.com\\\/avatar\\\/0a63dd2b7395063206299376ba60cf09eb4aa0142b18376a136d022186d600a6?s=96&d=mm&r=g\",\"contentUrl\":\"https:\\\/\\\/secure.gravatar.com\\\/avatar\\\/0a63dd2b7395063206299376ba60cf09eb4aa0142b18376a136d022186d600a6?s=96&d=mm&r=g\",\"caption\":\"Maks\"},\"url\":\"https:\\\/\\\/brezice.eu\\\/festival\\\/author\\\/maks\\\/\"}]}<\/script>\n<!-- \/ Yoast SEO plugin. -->","yoast_head_json":{"title":"Vabilo na 6. Mednarodni otro\u0161ki pevski festival Bre\u017eice 2022 - Mednarodni otro\u0161ki pevski festival Bre\u017eice","robots":{"index":"index","follow":"follow","max-snippet":"max-snippet:-1","max-image-preview":"max-image-preview:large","max-video-preview":"max-video-preview:-1"},"canonical":"https:\/\/brezice.eu\/festival\/vabilo-na-6-mednarodni-otroski-pevski-festival-brezice-2022\/","og_locale":"sl_SI","og_type":"article","og_title":"Vabilo na 6. Mednarodni otro\u0161ki pevski festival Bre\u017eice 2022 - Mednarodni otro\u0161ki pevski festival Bre\u017eice","og_description":"Spo\u0161tovani ljubitelji petja! Mednarodni otro\u0161ki pevski festival Bre\u017eice 2022 je \u017ee 6. otro\u0161ki pevski festival na katerem se predstavijo talenti od 6. do 17. leta starosti. Tokrat se jih bo predstavilo 60 in sicer iz Slovenije, Hrva\u0161ke, Bosne in Hercegovine, Srbije, Bolgarije in Ukrajine. Polfinalni prireditvi bosta v Mladinskem centru Bre\u017eice na naslovu Gub\u010deva ulica &hellip; Preberi ve\u010d \"Vabilo na 6. Mednarodni otro\u0161ki pevski festival Bre\u017eice 2022\"","og_url":"https:\/\/brezice.eu\/festival\/vabilo-na-6-mednarodni-otroski-pevski-festival-brezice-2022\/","og_site_name":"Mednarodni otro\u0161ki pevski festival Bre\u017eice","article_published_time":"2022-08-22T16:28:34+00:00","article_modified_time":"2022-08-22T16:28:38+00:00","og_image":[{"width":1200,"height":828,"url":"https:\/\/brezice.eu\/festival\/wp-content\/uploads\/2022\/08\/MOPF-plakat-145-x-100-2022-150dpi-CMYK.jpg","type":"image\/jpeg"}],"author":"Maks","twitter_card":"summary_large_image","twitter_misc":{"Written by":"Maks","Est. reading time":"1 minuta"},"schema":{"@context":"https:\/\/schema.org","@graph":[{"@type":"Article","@id":"https:\/\/brezice.eu\/festival\/vabilo-na-6-mednarodni-otroski-pevski-festival-brezice-2022\/#article","isPartOf":{"@id":"https:\/\/brezice.eu\/festival\/vabilo-na-6-mednarodni-otroski-pevski-festival-brezice-2022\/"},"author":{"name":"Maks","@id":"https:\/\/brezice.eu\/festival\/#\/schema\/person\/3d072c5f979e85b05a4ce581efa89f7f"},"headline":"Vabilo na 6. Mednarodni otro\u0161ki pevski festival Bre\u017eice 2022","datePublished":"2022-08-22T16:28:34+00:00","dateModified":"2022-08-22T16:28:38+00:00","mainEntityOfPage":{"@id":"https:\/\/brezice.eu\/festival\/vabilo-na-6-mednarodni-otroski-pevski-festival-brezice-2022\/"},"wordCount":121,"commentCount":0,"publisher":{"@id":"https:\/\/brezice.eu\/festival\/#organization"},"image":{"@id":"https:\/\/brezice.eu\/festival\/vabilo-na-6-mednarodni-otroski-pevski-festival-brezice-2022\/#primaryimage"},"thumbnailUrl":"https:\/\/brezice.eu\/festival\/wp-content\/uploads\/2022\/08\/MOPF-plakat-145-x-100-2022-150dpi-CMYK.jpg","articleSection":["Obvestila"],"inLanguage":"sl-SI"},{"@type":"WebPage","@id":"https:\/\/brezice.eu\/festival\/vabilo-na-6-mednarodni-otroski-pevski-festival-brezice-2022\/","url":"https:\/\/brezice.eu\/festival\/vabilo-na-6-mednarodni-otroski-pevski-festival-brezice-2022\/","name":"Vabilo na 6. Mednarodni otro\u0161ki pevski festival Bre\u017eice 2022 - Mednarodni otro\u0161ki pevski festival Bre\u017eice","isPartOf":{"@id":"https:\/\/brezice.eu\/festival\/#website"},"primaryImageOfPage":{"@id":"https:\/\/brezice.eu\/festival\/vabilo-na-6-mednarodni-otroski-pevski-festival-brezice-2022\/#primaryimage"},"image":{"@id":"https:\/\/brezice.eu\/festival\/vabilo-na-6-mednarodni-otroski-pevski-festival-brezice-2022\/#primaryimage"},"thumbnailUrl":"https:\/\/brezice.eu\/festival\/wp-content\/uploads\/2022\/08\/MOPF-plakat-145-x-100-2022-150dpi-CMYK.jpg","datePublished":"2022-08-22T16:28:34+00:00","dateModified":"2022-08-22T16:28:38+00:00","breadcrumb":{"@id":"https:\/\/brezice.eu\/festival\/vabilo-na-6-mednarodni-otroski-pevski-festival-brezice-2022\/#breadcrumb"},"inLanguage":"sl-SI","potentialAction":[{"@type":"ReadAction","target":["https:\/\/brezice.eu\/festival\/vabilo-na-6-mednarodni-otroski-pevski-festival-brezice-2022\/"]}]},{"@type":"ImageObject","inLanguage":"sl-SI","@id":"https:\/\/brezice.eu\/festival\/vabilo-na-6-mednarodni-otroski-pevski-festival-brezice-2022\/#primaryimage","url":"https:\/\/brezice.eu\/festival\/wp-content\/uploads\/2022\/08\/MOPF-plakat-145-x-100-2022-150dpi-CMYK.jpg","contentUrl":"https:\/\/brezice.eu\/festival\/wp-content\/uploads\/2022\/08\/MOPF-plakat-145-x-100-2022-150dpi-CMYK.jpg","width":1200,"height":828},{"@type":"BreadcrumbList","@id":"https:\/\/brezice.eu\/festival\/vabilo-na-6-mednarodni-otroski-pevski-festival-brezice-2022\/#breadcrumb","itemListElement":[{"@type":"ListItem","position":1,"name":"Home","item":"https:\/\/brezice.eu\/festival\/"},{"@type":"ListItem","position":2,"name":"Vabilo na 6. Mednarodni otro\u0161ki pevski festival Bre\u017eice 2022"}]},{"@type":"WebSite","@id":"https:\/\/brezice.eu\/festival\/#website","url":"https:\/\/brezice.eu\/festival\/","name":"Mednarodni otro\u0161ki pevski festival Bre\u017eice","description":"Predstavljamo vam najbolj\u0161e mlade evropske pevce od 6 do vklju\u010dno 17 let","publisher":{"@id":"https:\/\/brezice.eu\/festival\/#organization"},"potentialAction":[{"@type":"SearchAction","target":{"@type":"EntryPoint","urlTemplate":"https:\/\/brezice.eu\/festival\/?s={search_term_string}"},"query-input":{"@type":"PropertyValueSpecification","valueRequired":true,"valueName":"search_term_string"}}],"inLanguage":"sl-SI"},{"@type":"Organization","@id":"https:\/\/brezice.eu\/festival\/#organization","name":"Mednarodni otro\u0161ki pevski festival Bre\u017eice","url":"https:\/\/brezice.eu\/festival\/","logo":{"@type":"ImageObject","inLanguage":"sl-SI","@id":"https:\/\/brezice.eu\/festival\/#\/schema\/logo\/image\/","url":"https:\/\/brezice.eu\/festival\/wp-content\/uploads\/2020\/02\/cropped-MOPFBrezice-logo-z-belim-ozadjem-transparent-1.png","contentUrl":"https:\/\/brezice.eu\/festival\/wp-content\/uploads\/2020\/02\/cropped-MOPFBrezice-logo-z-belim-ozadjem-transparent-1.png","width":990,"height":250,"caption":"Mednarodni otro\u0161ki pevski festival Bre\u017eice"},"image":{"@id":"https:\/\/brezice.eu\/festival\/#\/schema\/logo\/image\/"}},{"@type":"Person","@id":"https:\/\/brezice.eu\/festival\/#\/schema\/person\/3d072c5f979e85b05a4ce581efa89f7f","name":"Maks","image":{"@type":"ImageObject","inLanguage":"sl-SI","@id":"https:\/\/secure.gravatar.com\/avatar\/0a63dd2b7395063206299376ba60cf09eb4aa0142b18376a136d022186d600a6?s=96&d=mm&r=g","url":"https:\/\/secure.gravatar.com\/avatar\/0a63dd2b7395063206299376ba60cf09eb4aa0142b18376a136d022186d600a6?s=96&d=mm&r=g","contentUrl":"https:\/\/secure.gravatar.com\/avatar\/0a63dd2b7395063206299376ba60cf09eb4aa0142b18376a136d022186d600a6?s=96&d=mm&r=g","caption":"Maks"},"url":"https:\/\/brezice.eu\/festival\/author\/maks\/"}]}},"rttpg_featured_image_url":{"full":["https:\/\/brezice.eu\/festival\/wp-content\/uploads\/2022\/08\/MOPF-plakat-145-x-100-2022-150dpi-CMYK.jpg",1200,828,false],"landscape":["https:\/\/brezice.eu\/festival\/wp-content\/uploads\/2022\/08\/MOPF-plakat-145-x-100-2022-150dpi-CMYK.jpg",1200,828,false],"portraits":["https:\/\/brezice.eu\/festival\/wp-content\/uploads\/2022\/08\/MOPF-plakat-145-x-100-2022-150dpi-CMYK.jpg",1200,828,false],"thumbnail":["https:\/\/brezice.eu\/festival\/wp-content\/uploads\/2022\/08\/MOPF-plakat-145-x-100-2022-150dpi-CMYK-150x150.jpg",150,150,true],"medium":["https:\/\/brezice.eu\/festival\/wp-content\/uploads\/2022\/08\/MOPF-plakat-145-x-100-2022-150dpi-CMYK-300x207.jpg",300,207,true],"large":["https:\/\/brezice.eu\/festival\/wp-content\/uploads\/2022\/08\/MOPF-plakat-145-x-100-2022-150dpi-CMYK-1024x707.jpg",525,362,true],"1536x1536":["https:\/\/brezice.eu\/festival\/wp-content\/uploads\/2022\/08\/MOPF-plakat-145-x-100-2022-150dpi-CMYK.jpg",1200,828,false],"2048x2048":["https:\/\/brezice.eu\/festival\/wp-content\/uploads\/2022\/08\/MOPF-plakat-145-x-100-2022-150dpi-CMYK.jpg",1200,828,false],"twentyseventeen-featured-image":["https:\/\/brezice.eu\/festival\/wp-content\/uploads\/2022\/08\/MOPF-plakat-145-x-100-2022-150dpi-CMYK.jpg",1200,828,false],"twentyseventeen-thumbnail-avatar":["https:\/\/brezice.eu\/festival\/wp-content\/uploads\/2022\/08\/MOPF-plakat-145-x-100-2022-150dpi-CMYK-100x100.jpg",100,100,true]},"rttpg_author":{"display_name":"Maks","author_link":"https:\/\/brezice.eu\/festival\/author\/maks\/"},"rttpg_comment":0,"rttpg_category":"<a href=\"https:\/\/brezice.eu\/festival\/category\/obvestila\/\" rel=\"category tag\">Obvestila<\/a>","rttpg_excerpt":"Spo\u0161tovani ljubitelji petja! Mednarodni otro\u0161ki pevski festival Bre\u017eice 2022 je \u017ee 6. otro\u0161ki pevski festival na katerem se predstavijo talenti od 6. do 17. leta starosti. Tokrat se jih bo predstavilo 60 in sicer iz Slovenije, Hrva\u0161ke, Bosne in Hercegovine, Srbije, Bolgarije in Ukrajine. Polfinalni prireditvi bosta v Mladinskem centru Bre\u017eice na naslovu Gub\u010deva ulica&hellip;","_links":{"self":[{"href":"https:\/\/brezice.eu\/festival\/wp-json\/wp\/v2\/posts\/1869","targetHints":{"allow":["GET"]}}],"collection":[{"href":"https:\/\/brezice.eu\/festival\/wp-json\/wp\/v2\/posts"}],"about":[{"href":"https:\/\/brezice.eu\/festival\/wp-json\/wp\/v2\/types\/post"}],"author":[{"embeddable":true,"href":"https:\/\/brezice.eu\/festival\/wp-json\/wp\/v2\/users\/1"}],"replies":[{"embeddable":true,"href":"https:\/\/brezice.eu\/festival\/wp-json\/wp\/v2\/comments?post=1869"}],"version-history":[{"count":1,"href":"https:\/\/brezice.eu\/festival\/wp-json\/wp\/v2\/posts\/1869\/revisions"}],"predecessor-version":[{"id":1873,"href":"https:\/\/brezice.eu\/festival\/wp-json\/wp\/v2\/posts\/1869\/revisions\/1873"}],"wp:featuredmedia":[{"embeddable":true,"href":"https:\/\/brezice.eu\/festival\/wp-json\/wp\/v2\/media\/1870"}],"wp:attachment":[{"href":"https:\/\/brezice.eu\/festival\/wp-json\/wp\/v2\/media?parent=1869"}],"wp:term":[{"taxonomy":"category","embeddable":true,"href":"https:\/\/brezice.eu\/festival\/wp-json\/wp\/v2\/categories?post=1869"},{"taxonomy":"post_tag","embeddable":true,"href":"https:\/\/brezice.eu\/festival\/wp-json\/wp\/v2\/tags?post=1869"}],"curies":[{"name":"wp","href":"https:\/\/api.w.org\/{rel}","templated":true}]}}