{"id":1509,"date":"2021-06-12T17:35:26","date_gmt":"2021-06-12T15:35:26","guid":{"rendered":"https:\/\/brezice.eu\/festival\/?p=1509"},"modified":"2021-06-12T17:43:38","modified_gmt":"2021-06-12T15:43:38","slug":"sprememba-pravil-za-starostno-skupino-od-14-do-17-let","status":"publish","type":"post","link":"https:\/\/brezice.eu\/festival\/sprememba-pravil-za-starostno-skupino-od-14-do-17-let\/","title":{"rendered":"Sprememba pravil za starostno skupino od 14 do 17 let"},"content":{"rendered":"\n<p>Spo\u0161tovani prijavljeni in vsi interesenti. V zadnjem trenutku smo se odlo\u010dili, da za kategorijo od 14 do 17 let, dodatno omogo\u010dimo za izbor pesmi tudi priredbo ali cover. Mnogi star\u0161i ste nam namre\u010d zaupali, da v letu pandemije Covid 19 niste imeli mo\u017enosti snemati v glasbenem studiu, zato smo se letos izjemoma in v zadnjem hipu odlo\u010dili spremeniti pogoje udele\u017ebe za starostno skupino od 14 do 17 let tako, da dovolimo prijavo tudi tistim pevcem in pevkam, ki nimajo lastne skladbe in bi \u017eeleli nastopiti s coverjem.<\/p>\n\n\n\n<p>Za vse, ki ste na festival \u017ee prijavljeni, velja vse enako, le \u0107e ste prijavljeni v skupini od 14 do 17 let in bi raje kot z lastno skladbo, nastopili s coverjem. V tem primeru lahko prijavitelj poi\u0161\u010de mail, ki ga je prejel takoj po prijavi in vsebino svoje prijave poljubno spremeni.<\/p>\n\n\n\n<p>Glede na to, da smo se organizatorji po pogovoru s producenti za to spremembo odlo\u010dili v zadnjem trenutku, hkrati podalj\u0161ujemo rok za prijavo na festival na 18. junij 2021.<\/p>\n\n\n\n<p>Avdicija ostaja 20. junija 2021 ob 15. uri in se izvede za vse starostne skupine po vrstnem redu od najmlaj\u0161ega proti starej\u0161im. Povezavo za avdicijo boste prejeli na elektronski po\u0161tni naslov prijavitelja in sicer v soboto 19. junija popoldan.   <\/p>\n","protected":false},"excerpt":{"rendered":"<p>Spo\u0161tovani prijavljeni in vsi interesenti. V zadnjem trenutku smo se odlo\u010dili, da za kategorijo od 14 do 17 let, dodatno omogo\u010dimo za izbor pesmi tudi priredbo ali cover. Mnogi star\u0161i ste nam namre\u010d zaupali, da v letu pandemije Covid 19 niste imeli mo\u017enosti snemati v glasbenem studiu, zato smo se letos izjemoma in v zadnjem &hellip; <\/p>\n<p class=\"link-more\"><a href=\"https:\/\/brezice.eu\/festival\/sprememba-pravil-za-starostno-skupino-od-14-do-17-let\/\" class=\"more-link\">Preberi ve\u010d<span class=\"screen-reader-text\"> &#8220;Sprememba pravil za starostno skupino od 14 do 17 let&#8221;<\/span><\/a><\/p>\n","protected":false},"author":1,"featured_media":1516,"comment_status":"open","ping_status":"open","sticky":false,"template":"","format":"standard","meta":{"footnotes":""},"categories":[1],"tags":[],"class_list":["post-1509","post","type-post","status-publish","format-standard","has-post-thumbnail","hentry","category-obvestila"],"yoast_head":"<!-- This site is optimized with the Yoast SEO plugin v27.5 - https:\/\/yoast.com\/product\/yoast-seo-wordpress\/ -->\n<title>Sprememba pravil za starostno skupino od 14 do 17 let - Mednarodni otro\u0161ki pevski festival Bre\u017eice<\/title>\n<meta name=\"robots\" content=\"index, follow, max-snippet:-1, max-image-preview:large, max-video-preview:-1\" \/>\n<link rel=\"canonical\" href=\"https:\/\/brezice.eu\/festival\/sprememba-pravil-za-starostno-skupino-od-14-do-17-let\/\" \/>\n<meta property=\"og:locale\" content=\"sl_SI\" \/>\n<meta property=\"og:type\" content=\"article\" \/>\n<meta property=\"og:title\" content=\"Sprememba pravil za starostno skupino od 14 do 17 let - Mednarodni otro\u0161ki pevski festival Bre\u017eice\" \/>\n<meta property=\"og:description\" content=\"Spo\u0161tovani prijavljeni in vsi interesenti. V zadnjem trenutku smo se odlo\u010dili, da za kategorijo od 14 do 17 let, dodatno omogo\u010dimo za izbor pesmi tudi priredbo ali cover. Mnogi star\u0161i ste nam namre\u010d zaupali, da v letu pandemije Covid 19 niste imeli mo\u017enosti snemati v glasbenem studiu, zato smo se letos izjemoma in v zadnjem &hellip; Preberi ve\u010d &quot;Sprememba pravil za starostno skupino od 14 do 17 let&quot;\" \/>\n<meta property=\"og:url\" content=\"https:\/\/brezice.eu\/festival\/sprememba-pravil-za-starostno-skupino-od-14-do-17-let\/\" \/>\n<meta property=\"og:site_name\" content=\"Mednarodni otro\u0161ki pevski festival Bre\u017eice\" \/>\n<meta property=\"article:published_time\" content=\"2021-06-12T15:35:26+00:00\" \/>\n<meta property=\"article:modified_time\" content=\"2021-06-12T15:43:38+00:00\" \/>\n<meta property=\"og:image\" content=\"https:\/\/brezice.eu\/festival\/wp-content\/uploads\/2021\/06\/pexels-joshua-miranda-4027658.jpg\" \/>\n\t<meta property=\"og:image:width\" content=\"1280\" \/>\n\t<meta property=\"og:image:height\" content=\"853\" \/>\n\t<meta property=\"og:image:type\" content=\"image\/jpeg\" \/>\n<meta name=\"author\" content=\"Maks\" \/>\n<meta name=\"twitter:card\" content=\"summary_large_image\" \/>\n<meta name=\"twitter:label1\" content=\"Written by\" \/>\n\t<meta name=\"twitter:data1\" content=\"Maks\" \/>\n\t<meta name=\"twitter:label2\" content=\"Est. reading time\" \/>\n\t<meta name=\"twitter:data2\" content=\"1 minuta\" \/>\n<script type=\"application\/ld+json\" class=\"yoast-schema-graph\">{\"@context\":\"https:\\\/\\\/schema.org\",\"@graph\":[{\"@type\":\"Article\",\"@id\":\"https:\\\/\\\/brezice.eu\\\/festival\\\/sprememba-pravil-za-starostno-skupino-od-14-do-17-let\\\/#article\",\"isPartOf\":{\"@id\":\"https:\\\/\\\/brezice.eu\\\/festival\\\/sprememba-pravil-za-starostno-skupino-od-14-do-17-let\\\/\"},\"author\":{\"name\":\"Maks\",\"@id\":\"https:\\\/\\\/brezice.eu\\\/festival\\\/#\\\/schema\\\/person\\\/3d072c5f979e85b05a4ce581efa89f7f\"},\"headline\":\"Sprememba pravil za starostno skupino od 14 do 17 let\",\"datePublished\":\"2021-06-12T15:35:26+00:00\",\"dateModified\":\"2021-06-12T15:43:38+00:00\",\"mainEntityOfPage\":{\"@id\":\"https:\\\/\\\/brezice.eu\\\/festival\\\/sprememba-pravil-za-starostno-skupino-od-14-do-17-let\\\/\"},\"wordCount\":215,\"commentCount\":0,\"publisher\":{\"@id\":\"https:\\\/\\\/brezice.eu\\\/festival\\\/#organization\"},\"image\":{\"@id\":\"https:\\\/\\\/brezice.eu\\\/festival\\\/sprememba-pravil-za-starostno-skupino-od-14-do-17-let\\\/#primaryimage\"},\"thumbnailUrl\":\"https:\\\/\\\/brezice.eu\\\/festival\\\/wp-content\\\/uploads\\\/2021\\\/06\\\/pexels-joshua-miranda-4027658.jpg\",\"articleSection\":[\"Obvestila\"],\"inLanguage\":\"sl-SI\"},{\"@type\":\"WebPage\",\"@id\":\"https:\\\/\\\/brezice.eu\\\/festival\\\/sprememba-pravil-za-starostno-skupino-od-14-do-17-let\\\/\",\"url\":\"https:\\\/\\\/brezice.eu\\\/festival\\\/sprememba-pravil-za-starostno-skupino-od-14-do-17-let\\\/\",\"name\":\"Sprememba pravil za starostno skupino od 14 do 17 let - Mednarodni otro\u0161ki pevski festival Bre\u017eice\",\"isPartOf\":{\"@id\":\"https:\\\/\\\/brezice.eu\\\/festival\\\/#website\"},\"primaryImageOfPage\":{\"@id\":\"https:\\\/\\\/brezice.eu\\\/festival\\\/sprememba-pravil-za-starostno-skupino-od-14-do-17-let\\\/#primaryimage\"},\"image\":{\"@id\":\"https:\\\/\\\/brezice.eu\\\/festival\\\/sprememba-pravil-za-starostno-skupino-od-14-do-17-let\\\/#primaryimage\"},\"thumbnailUrl\":\"https:\\\/\\\/brezice.eu\\\/festival\\\/wp-content\\\/uploads\\\/2021\\\/06\\\/pexels-joshua-miranda-4027658.jpg\",\"datePublished\":\"2021-06-12T15:35:26+00:00\",\"dateModified\":\"2021-06-12T15:43:38+00:00\",\"breadcrumb\":{\"@id\":\"https:\\\/\\\/brezice.eu\\\/festival\\\/sprememba-pravil-za-starostno-skupino-od-14-do-17-let\\\/#breadcrumb\"},\"inLanguage\":\"sl-SI\",\"potentialAction\":[{\"@type\":\"ReadAction\",\"target\":[\"https:\\\/\\\/brezice.eu\\\/festival\\\/sprememba-pravil-za-starostno-skupino-od-14-do-17-let\\\/\"]}]},{\"@type\":\"ImageObject\",\"inLanguage\":\"sl-SI\",\"@id\":\"https:\\\/\\\/brezice.eu\\\/festival\\\/sprememba-pravil-za-starostno-skupino-od-14-do-17-let\\\/#primaryimage\",\"url\":\"https:\\\/\\\/brezice.eu\\\/festival\\\/wp-content\\\/uploads\\\/2021\\\/06\\\/pexels-joshua-miranda-4027658.jpg\",\"contentUrl\":\"https:\\\/\\\/brezice.eu\\\/festival\\\/wp-content\\\/uploads\\\/2021\\\/06\\\/pexels-joshua-miranda-4027658.jpg\",\"width\":1280,\"height\":853},{\"@type\":\"BreadcrumbList\",\"@id\":\"https:\\\/\\\/brezice.eu\\\/festival\\\/sprememba-pravil-za-starostno-skupino-od-14-do-17-let\\\/#breadcrumb\",\"itemListElement\":[{\"@type\":\"ListItem\",\"position\":1,\"name\":\"Home\",\"item\":\"https:\\\/\\\/brezice.eu\\\/festival\\\/\"},{\"@type\":\"ListItem\",\"position\":2,\"name\":\"Sprememba pravil za starostno skupino od 14 do 17 let\"}]},{\"@type\":\"WebSite\",\"@id\":\"https:\\\/\\\/brezice.eu\\\/festival\\\/#website\",\"url\":\"https:\\\/\\\/brezice.eu\\\/festival\\\/\",\"name\":\"Mednarodni otro\u0161ki pevski festival Bre\u017eice\",\"description\":\"Predstavljamo vam najbolj\u0161e mlade evropske pevce od 6 do vklju\u010dno 17 let\",\"publisher\":{\"@id\":\"https:\\\/\\\/brezice.eu\\\/festival\\\/#organization\"},\"potentialAction\":[{\"@type\":\"SearchAction\",\"target\":{\"@type\":\"EntryPoint\",\"urlTemplate\":\"https:\\\/\\\/brezice.eu\\\/festival\\\/?s={search_term_string}\"},\"query-input\":{\"@type\":\"PropertyValueSpecification\",\"valueRequired\":true,\"valueName\":\"search_term_string\"}}],\"inLanguage\":\"sl-SI\"},{\"@type\":\"Organization\",\"@id\":\"https:\\\/\\\/brezice.eu\\\/festival\\\/#organization\",\"name\":\"Mednarodni otro\u0161ki pevski festival Bre\u017eice\",\"url\":\"https:\\\/\\\/brezice.eu\\\/festival\\\/\",\"logo\":{\"@type\":\"ImageObject\",\"inLanguage\":\"sl-SI\",\"@id\":\"https:\\\/\\\/brezice.eu\\\/festival\\\/#\\\/schema\\\/logo\\\/image\\\/\",\"url\":\"https:\\\/\\\/brezice.eu\\\/festival\\\/wp-content\\\/uploads\\\/2020\\\/02\\\/cropped-MOPFBrezice-logo-z-belim-ozadjem-transparent-1.png\",\"contentUrl\":\"https:\\\/\\\/brezice.eu\\\/festival\\\/wp-content\\\/uploads\\\/2020\\\/02\\\/cropped-MOPFBrezice-logo-z-belim-ozadjem-transparent-1.png\",\"width\":990,\"height\":250,\"caption\":\"Mednarodni otro\u0161ki pevski festival Bre\u017eice\"},\"image\":{\"@id\":\"https:\\\/\\\/brezice.eu\\\/festival\\\/#\\\/schema\\\/logo\\\/image\\\/\"}},{\"@type\":\"Person\",\"@id\":\"https:\\\/\\\/brezice.eu\\\/festival\\\/#\\\/schema\\\/person\\\/3d072c5f979e85b05a4ce581efa89f7f\",\"name\":\"Maks\",\"image\":{\"@type\":\"ImageObject\",\"inLanguage\":\"sl-SI\",\"@id\":\"https:\\\/\\\/secure.gravatar.com\\\/avatar\\\/0a63dd2b7395063206299376ba60cf09eb4aa0142b18376a136d022186d600a6?s=96&d=mm&r=g\",\"url\":\"https:\\\/\\\/secure.gravatar.com\\\/avatar\\\/0a63dd2b7395063206299376ba60cf09eb4aa0142b18376a136d022186d600a6?s=96&d=mm&r=g\",\"contentUrl\":\"https:\\\/\\\/secure.gravatar.com\\\/avatar\\\/0a63dd2b7395063206299376ba60cf09eb4aa0142b18376a136d022186d600a6?s=96&d=mm&r=g\",\"caption\":\"Maks\"},\"url\":\"https:\\\/\\\/brezice.eu\\\/festival\\\/author\\\/maks\\\/\"}]}<\/script>\n<!-- \/ Yoast SEO plugin. -->","yoast_head_json":{"title":"Sprememba pravil za starostno skupino od 14 do 17 let - Mednarodni otro\u0161ki pevski festival Bre\u017eice","robots":{"index":"index","follow":"follow","max-snippet":"max-snippet:-1","max-image-preview":"max-image-preview:large","max-video-preview":"max-video-preview:-1"},"canonical":"https:\/\/brezice.eu\/festival\/sprememba-pravil-za-starostno-skupino-od-14-do-17-let\/","og_locale":"sl_SI","og_type":"article","og_title":"Sprememba pravil za starostno skupino od 14 do 17 let - Mednarodni otro\u0161ki pevski festival Bre\u017eice","og_description":"Spo\u0161tovani prijavljeni in vsi interesenti. V zadnjem trenutku smo se odlo\u010dili, da za kategorijo od 14 do 17 let, dodatno omogo\u010dimo za izbor pesmi tudi priredbo ali cover. Mnogi star\u0161i ste nam namre\u010d zaupali, da v letu pandemije Covid 19 niste imeli mo\u017enosti snemati v glasbenem studiu, zato smo se letos izjemoma in v zadnjem &hellip; Preberi ve\u010d \"Sprememba pravil za starostno skupino od 14 do 17 let\"","og_url":"https:\/\/brezice.eu\/festival\/sprememba-pravil-za-starostno-skupino-od-14-do-17-let\/","og_site_name":"Mednarodni otro\u0161ki pevski festival Bre\u017eice","article_published_time":"2021-06-12T15:35:26+00:00","article_modified_time":"2021-06-12T15:43:38+00:00","og_image":[{"width":1280,"height":853,"url":"https:\/\/brezice.eu\/festival\/wp-content\/uploads\/2021\/06\/pexels-joshua-miranda-4027658.jpg","type":"image\/jpeg"}],"author":"Maks","twitter_card":"summary_large_image","twitter_misc":{"Written by":"Maks","Est. reading time":"1 minuta"},"schema":{"@context":"https:\/\/schema.org","@graph":[{"@type":"Article","@id":"https:\/\/brezice.eu\/festival\/sprememba-pravil-za-starostno-skupino-od-14-do-17-let\/#article","isPartOf":{"@id":"https:\/\/brezice.eu\/festival\/sprememba-pravil-za-starostno-skupino-od-14-do-17-let\/"},"author":{"name":"Maks","@id":"https:\/\/brezice.eu\/festival\/#\/schema\/person\/3d072c5f979e85b05a4ce581efa89f7f"},"headline":"Sprememba pravil za starostno skupino od 14 do 17 let","datePublished":"2021-06-12T15:35:26+00:00","dateModified":"2021-06-12T15:43:38+00:00","mainEntityOfPage":{"@id":"https:\/\/brezice.eu\/festival\/sprememba-pravil-za-starostno-skupino-od-14-do-17-let\/"},"wordCount":215,"commentCount":0,"publisher":{"@id":"https:\/\/brezice.eu\/festival\/#organization"},"image":{"@id":"https:\/\/brezice.eu\/festival\/sprememba-pravil-za-starostno-skupino-od-14-do-17-let\/#primaryimage"},"thumbnailUrl":"https:\/\/brezice.eu\/festival\/wp-content\/uploads\/2021\/06\/pexels-joshua-miranda-4027658.jpg","articleSection":["Obvestila"],"inLanguage":"sl-SI"},{"@type":"WebPage","@id":"https:\/\/brezice.eu\/festival\/sprememba-pravil-za-starostno-skupino-od-14-do-17-let\/","url":"https:\/\/brezice.eu\/festival\/sprememba-pravil-za-starostno-skupino-od-14-do-17-let\/","name":"Sprememba pravil za starostno skupino od 14 do 17 let - Mednarodni otro\u0161ki pevski festival Bre\u017eice","isPartOf":{"@id":"https:\/\/brezice.eu\/festival\/#website"},"primaryImageOfPage":{"@id":"https:\/\/brezice.eu\/festival\/sprememba-pravil-za-starostno-skupino-od-14-do-17-let\/#primaryimage"},"image":{"@id":"https:\/\/brezice.eu\/festival\/sprememba-pravil-za-starostno-skupino-od-14-do-17-let\/#primaryimage"},"thumbnailUrl":"https:\/\/brezice.eu\/festival\/wp-content\/uploads\/2021\/06\/pexels-joshua-miranda-4027658.jpg","datePublished":"2021-06-12T15:35:26+00:00","dateModified":"2021-06-12T15:43:38+00:00","breadcrumb":{"@id":"https:\/\/brezice.eu\/festival\/sprememba-pravil-za-starostno-skupino-od-14-do-17-let\/#breadcrumb"},"inLanguage":"sl-SI","potentialAction":[{"@type":"ReadAction","target":["https:\/\/brezice.eu\/festival\/sprememba-pravil-za-starostno-skupino-od-14-do-17-let\/"]}]},{"@type":"ImageObject","inLanguage":"sl-SI","@id":"https:\/\/brezice.eu\/festival\/sprememba-pravil-za-starostno-skupino-od-14-do-17-let\/#primaryimage","url":"https:\/\/brezice.eu\/festival\/wp-content\/uploads\/2021\/06\/pexels-joshua-miranda-4027658.jpg","contentUrl":"https:\/\/brezice.eu\/festival\/wp-content\/uploads\/2021\/06\/pexels-joshua-miranda-4027658.jpg","width":1280,"height":853},{"@type":"BreadcrumbList","@id":"https:\/\/brezice.eu\/festival\/sprememba-pravil-za-starostno-skupino-od-14-do-17-let\/#breadcrumb","itemListElement":[{"@type":"ListItem","position":1,"name":"Home","item":"https:\/\/brezice.eu\/festival\/"},{"@type":"ListItem","position":2,"name":"Sprememba pravil za starostno skupino od 14 do 17 let"}]},{"@type":"WebSite","@id":"https:\/\/brezice.eu\/festival\/#website","url":"https:\/\/brezice.eu\/festival\/","name":"Mednarodni otro\u0161ki pevski festival Bre\u017eice","description":"Predstavljamo vam najbolj\u0161e mlade evropske pevce od 6 do vklju\u010dno 17 let","publisher":{"@id":"https:\/\/brezice.eu\/festival\/#organization"},"potentialAction":[{"@type":"SearchAction","target":{"@type":"EntryPoint","urlTemplate":"https:\/\/brezice.eu\/festival\/?s={search_term_string}"},"query-input":{"@type":"PropertyValueSpecification","valueRequired":true,"valueName":"search_term_string"}}],"inLanguage":"sl-SI"},{"@type":"Organization","@id":"https:\/\/brezice.eu\/festival\/#organization","name":"Mednarodni otro\u0161ki pevski festival Bre\u017eice","url":"https:\/\/brezice.eu\/festival\/","logo":{"@type":"ImageObject","inLanguage":"sl-SI","@id":"https:\/\/brezice.eu\/festival\/#\/schema\/logo\/image\/","url":"https:\/\/brezice.eu\/festival\/wp-content\/uploads\/2020\/02\/cropped-MOPFBrezice-logo-z-belim-ozadjem-transparent-1.png","contentUrl":"https:\/\/brezice.eu\/festival\/wp-content\/uploads\/2020\/02\/cropped-MOPFBrezice-logo-z-belim-ozadjem-transparent-1.png","width":990,"height":250,"caption":"Mednarodni otro\u0161ki pevski festival Bre\u017eice"},"image":{"@id":"https:\/\/brezice.eu\/festival\/#\/schema\/logo\/image\/"}},{"@type":"Person","@id":"https:\/\/brezice.eu\/festival\/#\/schema\/person\/3d072c5f979e85b05a4ce581efa89f7f","name":"Maks","image":{"@type":"ImageObject","inLanguage":"sl-SI","@id":"https:\/\/secure.gravatar.com\/avatar\/0a63dd2b7395063206299376ba60cf09eb4aa0142b18376a136d022186d600a6?s=96&d=mm&r=g","url":"https:\/\/secure.gravatar.com\/avatar\/0a63dd2b7395063206299376ba60cf09eb4aa0142b18376a136d022186d600a6?s=96&d=mm&r=g","contentUrl":"https:\/\/secure.gravatar.com\/avatar\/0a63dd2b7395063206299376ba60cf09eb4aa0142b18376a136d022186d600a6?s=96&d=mm&r=g","caption":"Maks"},"url":"https:\/\/brezice.eu\/festival\/author\/maks\/"}]}},"rttpg_featured_image_url":{"full":["https:\/\/brezice.eu\/festival\/wp-content\/uploads\/2021\/06\/pexels-joshua-miranda-4027658.jpg",1280,853,false],"landscape":["https:\/\/brezice.eu\/festival\/wp-content\/uploads\/2021\/06\/pexels-joshua-miranda-4027658.jpg",1280,853,false],"portraits":["https:\/\/brezice.eu\/festival\/wp-content\/uploads\/2021\/06\/pexels-joshua-miranda-4027658.jpg",1280,853,false],"thumbnail":["https:\/\/brezice.eu\/festival\/wp-content\/uploads\/2021\/06\/pexels-joshua-miranda-4027658-150x150.jpg",150,150,true],"medium":["https:\/\/brezice.eu\/festival\/wp-content\/uploads\/2021\/06\/pexels-joshua-miranda-4027658-300x200.jpg",300,200,true],"large":["https:\/\/brezice.eu\/festival\/wp-content\/uploads\/2021\/06\/pexels-joshua-miranda-4027658-1024x682.jpg",525,350,true],"1536x1536":["https:\/\/brezice.eu\/festival\/wp-content\/uploads\/2021\/06\/pexels-joshua-miranda-4027658.jpg",1280,853,false],"2048x2048":["https:\/\/brezice.eu\/festival\/wp-content\/uploads\/2021\/06\/pexels-joshua-miranda-4027658.jpg",1280,853,false],"twentyseventeen-featured-image":["https:\/\/brezice.eu\/festival\/wp-content\/uploads\/2021\/06\/pexels-joshua-miranda-4027658.jpg",1280,853,false],"twentyseventeen-thumbnail-avatar":["https:\/\/brezice.eu\/festival\/wp-content\/uploads\/2021\/06\/pexels-joshua-miranda-4027658-100x100.jpg",100,100,true]},"rttpg_author":{"display_name":"Maks","author_link":"https:\/\/brezice.eu\/festival\/author\/maks\/"},"rttpg_comment":0,"rttpg_category":"<a href=\"https:\/\/brezice.eu\/festival\/category\/obvestila\/\" rel=\"category tag\">Obvestila<\/a>","rttpg_excerpt":"Spo\u0161tovani prijavljeni in vsi interesenti. V zadnjem trenutku smo se odlo\u010dili, da za kategorijo od 14 do 17 let, dodatno omogo\u010dimo za izbor pesmi tudi priredbo ali cover. Mnogi star\u0161i ste nam namre\u010d zaupali, da v letu pandemije Covid 19 niste imeli mo\u017enosti snemati v glasbenem studiu, zato smo se letos izjemoma in v zadnjem&hellip;","_links":{"self":[{"href":"https:\/\/brezice.eu\/festival\/wp-json\/wp\/v2\/posts\/1509","targetHints":{"allow":["GET"]}}],"collection":[{"href":"https:\/\/brezice.eu\/festival\/wp-json\/wp\/v2\/posts"}],"about":[{"href":"https:\/\/brezice.eu\/festival\/wp-json\/wp\/v2\/types\/post"}],"author":[{"embeddable":true,"href":"https:\/\/brezice.eu\/festival\/wp-json\/wp\/v2\/users\/1"}],"replies":[{"embeddable":true,"href":"https:\/\/brezice.eu\/festival\/wp-json\/wp\/v2\/comments?post=1509"}],"version-history":[{"count":2,"href":"https:\/\/brezice.eu\/festival\/wp-json\/wp\/v2\/posts\/1509\/revisions"}],"predecessor-version":[{"id":1511,"href":"https:\/\/brezice.eu\/festival\/wp-json\/wp\/v2\/posts\/1509\/revisions\/1511"}],"wp:featuredmedia":[{"embeddable":true,"href":"https:\/\/brezice.eu\/festival\/wp-json\/wp\/v2\/media\/1516"}],"wp:attachment":[{"href":"https:\/\/brezice.eu\/festival\/wp-json\/wp\/v2\/media?parent=1509"}],"wp:term":[{"taxonomy":"category","embeddable":true,"href":"https:\/\/brezice.eu\/festival\/wp-json\/wp\/v2\/categories?post=1509"},{"taxonomy":"post_tag","embeddable":true,"href":"https:\/\/brezice.eu\/festival\/wp-json\/wp\/v2\/tags?post=1509"}],"curies":[{"name":"wp","href":"https:\/\/api.w.org\/{rel}","templated":true}]}}