{"id":1485,"date":"2021-05-02T21:41:16","date_gmt":"2021-05-02T19:41:16","guid":{"rendered":"https:\/\/brezice.eu\/festival\/?p=1485"},"modified":"2021-05-02T22:20:12","modified_gmt":"2021-05-02T20:20:12","slug":"razpis-na-mednarodni-otroski-pevski-festival-brezice-2021-je-objavljen","status":"publish","type":"post","link":"https:\/\/brezice.eu\/festival\/razpis-na-mednarodni-otroski-pevski-festival-brezice-2021-je-objavljen\/","title":{"rendered":"Objavljamo razpis na Mednarodni otro\u0161ki pevski festival Bre\u017eice 2021"},"content":{"rendered":"\n<p>Spo\u0161tovane pevke in pevci, mentorji in star\u0161i. Kljub epidemiji Covid-19 smo se z optimizmom lotili organizacije Mednarodnega otro\u0161kega pevskega festivala Bre\u017eice 2021. Avdicije festivala so 20.06.2021 in bodo tokrat izvedene na daljavo preko Google Meet aplikacije, prijave na avdicijo pa sprejemamo do 13.06.2021.<\/p>\n\n\n\n<p>Festival bo izveden v \u017eivo na velikih odrih s profesionalno razsvetljavo, z vrhunskim ozvo\u010denjem in z ob\u010dinstvom. Dva polfinala bosta v Mladinskem Centru Bre\u017eice, veliki finale pa bo na pravlji\u010dnem grajskem dvori\u0161\u010du Gradu Bre\u017eice.<\/p>\n\n\n\n<p>Vse datume in ostale podrobnosti objavljamo v razpisu, za dodatna vpra\u0161anja pa smo na voljo na info@brezice.eu.<\/p>\n\n\n\n<p><a href=\"https:\/\/brezice.eu\/festival\/prijavnica-2021\/\" data-type=\"page\" data-id=\"1106\">Razpis MOPF Bre\u017eice 2021<\/a><\/p>\n\n\n\n<figure class=\"wp-block-embed is-type-video is-provider-youtube wp-block-embed-youtube wp-embed-aspect-16-9 wp-has-aspect-ratio\"><div class=\"wp-block-embed__wrapper\">\n<iframe loading=\"lazy\" title=\"Razpis na Mednarodni otro\u0161ki pevski festival Bre\u017eice 2021\" width=\"525\" height=\"295\" src=\"https:\/\/www.youtube.com\/embed\/7z5JsMDNzRk?feature=oembed\" frameborder=\"0\" allow=\"accelerometer; autoplay; clipboard-write; encrypted-media; gyroscope; picture-in-picture; web-share\" referrerpolicy=\"strict-origin-when-cross-origin\" allowfullscreen><\/iframe>\n<\/div><figcaption>Official teaser MOPF Bre\u017eice 2021<\/figcaption><\/figure>\n\n\n\n<figure class=\"wp-block-embed is-type-video is-provider-youtube wp-block-embed-youtube wp-embed-aspect-16-9 wp-has-aspect-ratio\"><div class=\"wp-block-embed__wrapper\">\n<iframe loading=\"lazy\" title=\"Predstavitev Mednarodnega otro\u0161kega pevskega festivala Bre\u017eice\" width=\"525\" height=\"295\" src=\"https:\/\/www.youtube.com\/embed\/G47mpJj4pDI?feature=oembed\" frameborder=\"0\" allow=\"accelerometer; autoplay; clipboard-write; encrypted-media; gyroscope; picture-in-picture; web-share\" referrerpolicy=\"strict-origin-when-cross-origin\" allowfullscreen><\/iframe>\n<\/div><figcaption>Predstavitev Mednarodnega otro\u0161kega pevskega festivala Bre\u017eice<\/figcaption><\/figure>\n","protected":false},"excerpt":{"rendered":"<p>Spo\u0161tovane pevke in pevci, mentorji in star\u0161i. Kljub epidemiji Covid-19 smo se z optimizmom lotili organizacije Mednarodnega otro\u0161kega pevskega festivala Bre\u017eice 2021. Avdicije festivala so 20.06.2021 in bodo tokrat izvedene na daljavo preko Google Meet aplikacije, prijave na avdicijo pa sprejemamo do 13.06.2021. Festival bo izveden v \u017eivo na velikih odrih s profesionalno razsvetljavo, z &hellip; <\/p>\n<p class=\"link-more\"><a href=\"https:\/\/brezice.eu\/festival\/razpis-na-mednarodni-otroski-pevski-festival-brezice-2021-je-objavljen\/\" class=\"more-link\">Preberi ve\u010d<span class=\"screen-reader-text\"> &#8220;Objavljamo razpis na Mednarodni otro\u0161ki pevski festival Bre\u017eice 2021&#8221;<\/span><\/a><\/p>\n","protected":false},"author":1,"featured_media":1499,"comment_status":"open","ping_status":"open","sticky":false,"template":"","format":"standard","meta":{"footnotes":""},"categories":[1],"tags":[],"class_list":["post-1485","post","type-post","status-publish","format-standard","has-post-thumbnail","hentry","category-obvestila"],"yoast_head":"<!-- This site is optimized with the Yoast SEO plugin v27.4 - https:\/\/yoast.com\/product\/yoast-seo-wordpress\/ -->\n<title>Objavljamo razpis na Mednarodni otro\u0161ki pevski festival Bre\u017eice 2021 - Mednarodni otro\u0161ki pevski festival Bre\u017eice<\/title>\n<meta name=\"robots\" content=\"index, follow, max-snippet:-1, max-image-preview:large, max-video-preview:-1\" \/>\n<link rel=\"canonical\" href=\"https:\/\/brezice.eu\/festival\/razpis-na-mednarodni-otroski-pevski-festival-brezice-2021-je-objavljen\/\" \/>\n<meta property=\"og:locale\" content=\"sl_SI\" \/>\n<meta property=\"og:type\" content=\"article\" \/>\n<meta property=\"og:title\" content=\"Objavljamo razpis na Mednarodni otro\u0161ki pevski festival Bre\u017eice 2021 - Mednarodni otro\u0161ki pevski festival Bre\u017eice\" \/>\n<meta property=\"og:description\" content=\"Spo\u0161tovane pevke in pevci, mentorji in star\u0161i. Kljub epidemiji Covid-19 smo se z optimizmom lotili organizacije Mednarodnega otro\u0161kega pevskega festivala Bre\u017eice 2021. Avdicije festivala so 20.06.2021 in bodo tokrat izvedene na daljavo preko Google Meet aplikacije, prijave na avdicijo pa sprejemamo do 13.06.2021. Festival bo izveden v \u017eivo na velikih odrih s profesionalno razsvetljavo, z &hellip; Preberi ve\u010d &quot;Objavljamo razpis na Mednarodni otro\u0161ki pevski festival Bre\u017eice 2021&quot;\" \/>\n<meta property=\"og:url\" content=\"https:\/\/brezice.eu\/festival\/razpis-na-mednarodni-otroski-pevski-festival-brezice-2021-je-objavljen\/\" \/>\n<meta property=\"og:site_name\" content=\"Mednarodni otro\u0161ki pevski festival Bre\u017eice\" \/>\n<meta property=\"article:published_time\" content=\"2021-05-02T19:41:16+00:00\" \/>\n<meta property=\"article:modified_time\" content=\"2021-05-02T20:20:12+00:00\" \/>\n<meta property=\"og:image\" content=\"https:\/\/brezice.eu\/festival\/wp-content\/uploads\/2021\/05\/MOPF-Brezice-2021-scaled.jpg\" \/>\n\t<meta property=\"og:image:width\" content=\"2560\" \/>\n\t<meta property=\"og:image:height\" content=\"1391\" \/>\n\t<meta property=\"og:image:type\" content=\"image\/jpeg\" \/>\n<meta name=\"author\" content=\"Maks\" \/>\n<meta name=\"twitter:card\" content=\"summary_large_image\" \/>\n<meta name=\"twitter:label1\" content=\"Written by\" \/>\n\t<meta name=\"twitter:data1\" content=\"Maks\" \/>\n\t<meta name=\"twitter:label2\" content=\"Est. reading time\" \/>\n\t<meta name=\"twitter:data2\" content=\"1 minuta\" \/>\n<script type=\"application\/ld+json\" class=\"yoast-schema-graph\">{\"@context\":\"https:\\\/\\\/schema.org\",\"@graph\":[{\"@type\":\"Article\",\"@id\":\"https:\\\/\\\/brezice.eu\\\/festival\\\/razpis-na-mednarodni-otroski-pevski-festival-brezice-2021-je-objavljen\\\/#article\",\"isPartOf\":{\"@id\":\"https:\\\/\\\/brezice.eu\\\/festival\\\/razpis-na-mednarodni-otroski-pevski-festival-brezice-2021-je-objavljen\\\/\"},\"author\":{\"name\":\"Maks\",\"@id\":\"https:\\\/\\\/brezice.eu\\\/festival\\\/#\\\/schema\\\/person\\\/3d072c5f979e85b05a4ce581efa89f7f\"},\"headline\":\"Objavljamo razpis na Mednarodni otro\u0161ki pevski festival Bre\u017eice 2021\",\"datePublished\":\"2021-05-02T19:41:16+00:00\",\"dateModified\":\"2021-05-02T20:20:12+00:00\",\"mainEntityOfPage\":{\"@id\":\"https:\\\/\\\/brezice.eu\\\/festival\\\/razpis-na-mednarodni-otroski-pevski-festival-brezice-2021-je-objavljen\\\/\"},\"wordCount\":145,\"commentCount\":0,\"publisher\":{\"@id\":\"https:\\\/\\\/brezice.eu\\\/festival\\\/#organization\"},\"image\":{\"@id\":\"https:\\\/\\\/brezice.eu\\\/festival\\\/razpis-na-mednarodni-otroski-pevski-festival-brezice-2021-je-objavljen\\\/#primaryimage\"},\"thumbnailUrl\":\"https:\\\/\\\/brezice.eu\\\/festival\\\/wp-content\\\/uploads\\\/2021\\\/05\\\/MOPF-Brezice-2021-scaled.jpg\",\"articleSection\":[\"Obvestila\"],\"inLanguage\":\"sl-SI\"},{\"@type\":\"WebPage\",\"@id\":\"https:\\\/\\\/brezice.eu\\\/festival\\\/razpis-na-mednarodni-otroski-pevski-festival-brezice-2021-je-objavljen\\\/\",\"url\":\"https:\\\/\\\/brezice.eu\\\/festival\\\/razpis-na-mednarodni-otroski-pevski-festival-brezice-2021-je-objavljen\\\/\",\"name\":\"Objavljamo razpis na Mednarodni otro\u0161ki pevski festival Bre\u017eice 2021 - Mednarodni otro\u0161ki pevski festival Bre\u017eice\",\"isPartOf\":{\"@id\":\"https:\\\/\\\/brezice.eu\\\/festival\\\/#website\"},\"primaryImageOfPage\":{\"@id\":\"https:\\\/\\\/brezice.eu\\\/festival\\\/razpis-na-mednarodni-otroski-pevski-festival-brezice-2021-je-objavljen\\\/#primaryimage\"},\"image\":{\"@id\":\"https:\\\/\\\/brezice.eu\\\/festival\\\/razpis-na-mednarodni-otroski-pevski-festival-brezice-2021-je-objavljen\\\/#primaryimage\"},\"thumbnailUrl\":\"https:\\\/\\\/brezice.eu\\\/festival\\\/wp-content\\\/uploads\\\/2021\\\/05\\\/MOPF-Brezice-2021-scaled.jpg\",\"datePublished\":\"2021-05-02T19:41:16+00:00\",\"dateModified\":\"2021-05-02T20:20:12+00:00\",\"breadcrumb\":{\"@id\":\"https:\\\/\\\/brezice.eu\\\/festival\\\/razpis-na-mednarodni-otroski-pevski-festival-brezice-2021-je-objavljen\\\/#breadcrumb\"},\"inLanguage\":\"sl-SI\",\"potentialAction\":[{\"@type\":\"ReadAction\",\"target\":[\"https:\\\/\\\/brezice.eu\\\/festival\\\/razpis-na-mednarodni-otroski-pevski-festival-brezice-2021-je-objavljen\\\/\"]}]},{\"@type\":\"ImageObject\",\"inLanguage\":\"sl-SI\",\"@id\":\"https:\\\/\\\/brezice.eu\\\/festival\\\/razpis-na-mednarodni-otroski-pevski-festival-brezice-2021-je-objavljen\\\/#primaryimage\",\"url\":\"https:\\\/\\\/brezice.eu\\\/festival\\\/wp-content\\\/uploads\\\/2021\\\/05\\\/MOPF-Brezice-2021-scaled.jpg\",\"contentUrl\":\"https:\\\/\\\/brezice.eu\\\/festival\\\/wp-content\\\/uploads\\\/2021\\\/05\\\/MOPF-Brezice-2021-scaled.jpg\",\"width\":2560,\"height\":1391},{\"@type\":\"BreadcrumbList\",\"@id\":\"https:\\\/\\\/brezice.eu\\\/festival\\\/razpis-na-mednarodni-otroski-pevski-festival-brezice-2021-je-objavljen\\\/#breadcrumb\",\"itemListElement\":[{\"@type\":\"ListItem\",\"position\":1,\"name\":\"Home\",\"item\":\"https:\\\/\\\/brezice.eu\\\/festival\\\/\"},{\"@type\":\"ListItem\",\"position\":2,\"name\":\"Objavljamo razpis na Mednarodni otro\u0161ki pevski festival Bre\u017eice 2021\"}]},{\"@type\":\"WebSite\",\"@id\":\"https:\\\/\\\/brezice.eu\\\/festival\\\/#website\",\"url\":\"https:\\\/\\\/brezice.eu\\\/festival\\\/\",\"name\":\"Mednarodni otro\u0161ki pevski festival Bre\u017eice\",\"description\":\"Predstavljamo vam najbolj\u0161e mlade evropske pevce od 6 do vklju\u010dno 17 let\",\"publisher\":{\"@id\":\"https:\\\/\\\/brezice.eu\\\/festival\\\/#organization\"},\"potentialAction\":[{\"@type\":\"SearchAction\",\"target\":{\"@type\":\"EntryPoint\",\"urlTemplate\":\"https:\\\/\\\/brezice.eu\\\/festival\\\/?s={search_term_string}\"},\"query-input\":{\"@type\":\"PropertyValueSpecification\",\"valueRequired\":true,\"valueName\":\"search_term_string\"}}],\"inLanguage\":\"sl-SI\"},{\"@type\":\"Organization\",\"@id\":\"https:\\\/\\\/brezice.eu\\\/festival\\\/#organization\",\"name\":\"Mednarodni otro\u0161ki pevski festival Bre\u017eice\",\"url\":\"https:\\\/\\\/brezice.eu\\\/festival\\\/\",\"logo\":{\"@type\":\"ImageObject\",\"inLanguage\":\"sl-SI\",\"@id\":\"https:\\\/\\\/brezice.eu\\\/festival\\\/#\\\/schema\\\/logo\\\/image\\\/\",\"url\":\"https:\\\/\\\/brezice.eu\\\/festival\\\/wp-content\\\/uploads\\\/2020\\\/02\\\/cropped-MOPFBrezice-logo-z-belim-ozadjem-transparent-1.png\",\"contentUrl\":\"https:\\\/\\\/brezice.eu\\\/festival\\\/wp-content\\\/uploads\\\/2020\\\/02\\\/cropped-MOPFBrezice-logo-z-belim-ozadjem-transparent-1.png\",\"width\":990,\"height\":250,\"caption\":\"Mednarodni otro\u0161ki pevski festival Bre\u017eice\"},\"image\":{\"@id\":\"https:\\\/\\\/brezice.eu\\\/festival\\\/#\\\/schema\\\/logo\\\/image\\\/\"}},{\"@type\":\"Person\",\"@id\":\"https:\\\/\\\/brezice.eu\\\/festival\\\/#\\\/schema\\\/person\\\/3d072c5f979e85b05a4ce581efa89f7f\",\"name\":\"Maks\",\"image\":{\"@type\":\"ImageObject\",\"inLanguage\":\"sl-SI\",\"@id\":\"https:\\\/\\\/secure.gravatar.com\\\/avatar\\\/0a63dd2b7395063206299376ba60cf09eb4aa0142b18376a136d022186d600a6?s=96&d=mm&r=g\",\"url\":\"https:\\\/\\\/secure.gravatar.com\\\/avatar\\\/0a63dd2b7395063206299376ba60cf09eb4aa0142b18376a136d022186d600a6?s=96&d=mm&r=g\",\"contentUrl\":\"https:\\\/\\\/secure.gravatar.com\\\/avatar\\\/0a63dd2b7395063206299376ba60cf09eb4aa0142b18376a136d022186d600a6?s=96&d=mm&r=g\",\"caption\":\"Maks\"},\"url\":\"https:\\\/\\\/brezice.eu\\\/festival\\\/author\\\/maks\\\/\"}]}<\/script>\n<!-- \/ Yoast SEO plugin. -->","yoast_head_json":{"title":"Objavljamo razpis na Mednarodni otro\u0161ki pevski festival Bre\u017eice 2021 - Mednarodni otro\u0161ki pevski festival Bre\u017eice","robots":{"index":"index","follow":"follow","max-snippet":"max-snippet:-1","max-image-preview":"max-image-preview:large","max-video-preview":"max-video-preview:-1"},"canonical":"https:\/\/brezice.eu\/festival\/razpis-na-mednarodni-otroski-pevski-festival-brezice-2021-je-objavljen\/","og_locale":"sl_SI","og_type":"article","og_title":"Objavljamo razpis na Mednarodni otro\u0161ki pevski festival Bre\u017eice 2021 - Mednarodni otro\u0161ki pevski festival Bre\u017eice","og_description":"Spo\u0161tovane pevke in pevci, mentorji in star\u0161i. Kljub epidemiji Covid-19 smo se z optimizmom lotili organizacije Mednarodnega otro\u0161kega pevskega festivala Bre\u017eice 2021. Avdicije festivala so 20.06.2021 in bodo tokrat izvedene na daljavo preko Google Meet aplikacije, prijave na avdicijo pa sprejemamo do 13.06.2021. Festival bo izveden v \u017eivo na velikih odrih s profesionalno razsvetljavo, z &hellip; Preberi ve\u010d \"Objavljamo razpis na Mednarodni otro\u0161ki pevski festival Bre\u017eice 2021\"","og_url":"https:\/\/brezice.eu\/festival\/razpis-na-mednarodni-otroski-pevski-festival-brezice-2021-je-objavljen\/","og_site_name":"Mednarodni otro\u0161ki pevski festival Bre\u017eice","article_published_time":"2021-05-02T19:41:16+00:00","article_modified_time":"2021-05-02T20:20:12+00:00","og_image":[{"width":2560,"height":1391,"url":"https:\/\/brezice.eu\/festival\/wp-content\/uploads\/2021\/05\/MOPF-Brezice-2021-scaled.jpg","type":"image\/jpeg"}],"author":"Maks","twitter_card":"summary_large_image","twitter_misc":{"Written by":"Maks","Est. reading time":"1 minuta"},"schema":{"@context":"https:\/\/schema.org","@graph":[{"@type":"Article","@id":"https:\/\/brezice.eu\/festival\/razpis-na-mednarodni-otroski-pevski-festival-brezice-2021-je-objavljen\/#article","isPartOf":{"@id":"https:\/\/brezice.eu\/festival\/razpis-na-mednarodni-otroski-pevski-festival-brezice-2021-je-objavljen\/"},"author":{"name":"Maks","@id":"https:\/\/brezice.eu\/festival\/#\/schema\/person\/3d072c5f979e85b05a4ce581efa89f7f"},"headline":"Objavljamo razpis na Mednarodni otro\u0161ki pevski festival Bre\u017eice 2021","datePublished":"2021-05-02T19:41:16+00:00","dateModified":"2021-05-02T20:20:12+00:00","mainEntityOfPage":{"@id":"https:\/\/brezice.eu\/festival\/razpis-na-mednarodni-otroski-pevski-festival-brezice-2021-je-objavljen\/"},"wordCount":145,"commentCount":0,"publisher":{"@id":"https:\/\/brezice.eu\/festival\/#organization"},"image":{"@id":"https:\/\/brezice.eu\/festival\/razpis-na-mednarodni-otroski-pevski-festival-brezice-2021-je-objavljen\/#primaryimage"},"thumbnailUrl":"https:\/\/brezice.eu\/festival\/wp-content\/uploads\/2021\/05\/MOPF-Brezice-2021-scaled.jpg","articleSection":["Obvestila"],"inLanguage":"sl-SI"},{"@type":"WebPage","@id":"https:\/\/brezice.eu\/festival\/razpis-na-mednarodni-otroski-pevski-festival-brezice-2021-je-objavljen\/","url":"https:\/\/brezice.eu\/festival\/razpis-na-mednarodni-otroski-pevski-festival-brezice-2021-je-objavljen\/","name":"Objavljamo razpis na Mednarodni otro\u0161ki pevski festival Bre\u017eice 2021 - Mednarodni otro\u0161ki pevski festival Bre\u017eice","isPartOf":{"@id":"https:\/\/brezice.eu\/festival\/#website"},"primaryImageOfPage":{"@id":"https:\/\/brezice.eu\/festival\/razpis-na-mednarodni-otroski-pevski-festival-brezice-2021-je-objavljen\/#primaryimage"},"image":{"@id":"https:\/\/brezice.eu\/festival\/razpis-na-mednarodni-otroski-pevski-festival-brezice-2021-je-objavljen\/#primaryimage"},"thumbnailUrl":"https:\/\/brezice.eu\/festival\/wp-content\/uploads\/2021\/05\/MOPF-Brezice-2021-scaled.jpg","datePublished":"2021-05-02T19:41:16+00:00","dateModified":"2021-05-02T20:20:12+00:00","breadcrumb":{"@id":"https:\/\/brezice.eu\/festival\/razpis-na-mednarodni-otroski-pevski-festival-brezice-2021-je-objavljen\/#breadcrumb"},"inLanguage":"sl-SI","potentialAction":[{"@type":"ReadAction","target":["https:\/\/brezice.eu\/festival\/razpis-na-mednarodni-otroski-pevski-festival-brezice-2021-je-objavljen\/"]}]},{"@type":"ImageObject","inLanguage":"sl-SI","@id":"https:\/\/brezice.eu\/festival\/razpis-na-mednarodni-otroski-pevski-festival-brezice-2021-je-objavljen\/#primaryimage","url":"https:\/\/brezice.eu\/festival\/wp-content\/uploads\/2021\/05\/MOPF-Brezice-2021-scaled.jpg","contentUrl":"https:\/\/brezice.eu\/festival\/wp-content\/uploads\/2021\/05\/MOPF-Brezice-2021-scaled.jpg","width":2560,"height":1391},{"@type":"BreadcrumbList","@id":"https:\/\/brezice.eu\/festival\/razpis-na-mednarodni-otroski-pevski-festival-brezice-2021-je-objavljen\/#breadcrumb","itemListElement":[{"@type":"ListItem","position":1,"name":"Home","item":"https:\/\/brezice.eu\/festival\/"},{"@type":"ListItem","position":2,"name":"Objavljamo razpis na Mednarodni otro\u0161ki pevski festival Bre\u017eice 2021"}]},{"@type":"WebSite","@id":"https:\/\/brezice.eu\/festival\/#website","url":"https:\/\/brezice.eu\/festival\/","name":"Mednarodni otro\u0161ki pevski festival Bre\u017eice","description":"Predstavljamo vam najbolj\u0161e mlade evropske pevce od 6 do vklju\u010dno 17 let","publisher":{"@id":"https:\/\/brezice.eu\/festival\/#organization"},"potentialAction":[{"@type":"SearchAction","target":{"@type":"EntryPoint","urlTemplate":"https:\/\/brezice.eu\/festival\/?s={search_term_string}"},"query-input":{"@type":"PropertyValueSpecification","valueRequired":true,"valueName":"search_term_string"}}],"inLanguage":"sl-SI"},{"@type":"Organization","@id":"https:\/\/brezice.eu\/festival\/#organization","name":"Mednarodni otro\u0161ki pevski festival Bre\u017eice","url":"https:\/\/brezice.eu\/festival\/","logo":{"@type":"ImageObject","inLanguage":"sl-SI","@id":"https:\/\/brezice.eu\/festival\/#\/schema\/logo\/image\/","url":"https:\/\/brezice.eu\/festival\/wp-content\/uploads\/2020\/02\/cropped-MOPFBrezice-logo-z-belim-ozadjem-transparent-1.png","contentUrl":"https:\/\/brezice.eu\/festival\/wp-content\/uploads\/2020\/02\/cropped-MOPFBrezice-logo-z-belim-ozadjem-transparent-1.png","width":990,"height":250,"caption":"Mednarodni otro\u0161ki pevski festival Bre\u017eice"},"image":{"@id":"https:\/\/brezice.eu\/festival\/#\/schema\/logo\/image\/"}},{"@type":"Person","@id":"https:\/\/brezice.eu\/festival\/#\/schema\/person\/3d072c5f979e85b05a4ce581efa89f7f","name":"Maks","image":{"@type":"ImageObject","inLanguage":"sl-SI","@id":"https:\/\/secure.gravatar.com\/avatar\/0a63dd2b7395063206299376ba60cf09eb4aa0142b18376a136d022186d600a6?s=96&d=mm&r=g","url":"https:\/\/secure.gravatar.com\/avatar\/0a63dd2b7395063206299376ba60cf09eb4aa0142b18376a136d022186d600a6?s=96&d=mm&r=g","contentUrl":"https:\/\/secure.gravatar.com\/avatar\/0a63dd2b7395063206299376ba60cf09eb4aa0142b18376a136d022186d600a6?s=96&d=mm&r=g","caption":"Maks"},"url":"https:\/\/brezice.eu\/festival\/author\/maks\/"}]}},"rttpg_featured_image_url":{"full":["https:\/\/brezice.eu\/festival\/wp-content\/uploads\/2021\/05\/MOPF-Brezice-2021-scaled.jpg",2560,1391,false],"landscape":["https:\/\/brezice.eu\/festival\/wp-content\/uploads\/2021\/05\/MOPF-Brezice-2021-scaled.jpg",2560,1391,false],"portraits":["https:\/\/brezice.eu\/festival\/wp-content\/uploads\/2021\/05\/MOPF-Brezice-2021-scaled.jpg",2560,1391,false],"thumbnail":["https:\/\/brezice.eu\/festival\/wp-content\/uploads\/2021\/05\/MOPF-Brezice-2021-150x150.jpg",150,150,true],"medium":["https:\/\/brezice.eu\/festival\/wp-content\/uploads\/2021\/05\/MOPF-Brezice-2021-300x163.jpg",300,163,true],"large":["https:\/\/brezice.eu\/festival\/wp-content\/uploads\/2021\/05\/MOPF-Brezice-2021-1024x557.jpg",525,286,true],"1536x1536":["https:\/\/brezice.eu\/festival\/wp-content\/uploads\/2021\/05\/MOPF-Brezice-2021-1536x835.jpg",1536,835,true],"2048x2048":["https:\/\/brezice.eu\/festival\/wp-content\/uploads\/2021\/05\/MOPF-Brezice-2021-2048x1113.jpg",2048,1113,true],"twentyseventeen-featured-image":["https:\/\/brezice.eu\/festival\/wp-content\/uploads\/2021\/05\/MOPF-Brezice-2021-2000x1200.jpg",2000,1200,true],"twentyseventeen-thumbnail-avatar":["https:\/\/brezice.eu\/festival\/wp-content\/uploads\/2021\/05\/MOPF-Brezice-2021-100x100.jpg",100,100,true]},"rttpg_author":{"display_name":"Maks","author_link":"https:\/\/brezice.eu\/festival\/author\/maks\/"},"rttpg_comment":0,"rttpg_category":"<a href=\"https:\/\/brezice.eu\/festival\/category\/obvestila\/\" rel=\"category tag\">Obvestila<\/a>","rttpg_excerpt":"Spo\u0161tovane pevke in pevci, mentorji in star\u0161i. Kljub epidemiji Covid-19 smo se z optimizmom lotili organizacije Mednarodnega otro\u0161kega pevskega festivala Bre\u017eice 2021. Avdicije festivala so 20.06.2021 in bodo tokrat izvedene na daljavo preko Google Meet aplikacije, prijave na avdicijo pa sprejemamo do 13.06.2021. Festival bo izveden v \u017eivo na velikih odrih s profesionalno razsvetljavo, z&hellip;","_links":{"self":[{"href":"https:\/\/brezice.eu\/festival\/wp-json\/wp\/v2\/posts\/1485","targetHints":{"allow":["GET"]}}],"collection":[{"href":"https:\/\/brezice.eu\/festival\/wp-json\/wp\/v2\/posts"}],"about":[{"href":"https:\/\/brezice.eu\/festival\/wp-json\/wp\/v2\/types\/post"}],"author":[{"embeddable":true,"href":"https:\/\/brezice.eu\/festival\/wp-json\/wp\/v2\/users\/1"}],"replies":[{"embeddable":true,"href":"https:\/\/brezice.eu\/festival\/wp-json\/wp\/v2\/comments?post=1485"}],"version-history":[{"count":3,"href":"https:\/\/brezice.eu\/festival\/wp-json\/wp\/v2\/posts\/1485\/revisions"}],"predecessor-version":[{"id":1489,"href":"https:\/\/brezice.eu\/festival\/wp-json\/wp\/v2\/posts\/1485\/revisions\/1489"}],"wp:featuredmedia":[{"embeddable":true,"href":"https:\/\/brezice.eu\/festival\/wp-json\/wp\/v2\/media\/1499"}],"wp:attachment":[{"href":"https:\/\/brezice.eu\/festival\/wp-json\/wp\/v2\/media?parent=1485"}],"wp:term":[{"taxonomy":"category","embeddable":true,"href":"https:\/\/brezice.eu\/festival\/wp-json\/wp\/v2\/categories?post=1485"},{"taxonomy":"post_tag","embeddable":true,"href":"https:\/\/brezice.eu\/festival\/wp-json\/wp\/v2\/tags?post=1485"}],"curies":[{"name":"wp","href":"https:\/\/api.w.org\/{rel}","templated":true}]}}