{"id":746,"date":"2018-08-21T12:47:28","date_gmt":"2018-08-21T10:47:28","guid":{"rendered":"http:\/\/brezice.eu\/festival\/?p=746"},"modified":"2018-08-21T13:06:11","modified_gmt":"2018-08-21T11:06:11","slug":"promjena-lokacije-finalne-veceri-mopf-brezice-26-8-2018","status":"publish","type":"post","link":"https:\/\/brezice.eu\/festival\/hr\/promjena-lokacije-finalne-veceri-mopf-brezice-26-8-2018\/","title":{"rendered":"Promjena lokacije finalne ve\u010deri MOPF Bre\u017eice, 26.8.2018"},"content":{"rendered":"<p>Obavje\u0161tavamo vas da \u0107e se zbog najave lo\u0161eg vremena , finalna ve\u010der MOPF Bre\u017eice 2018 odr\u017eati u sportskoj dvorani Bre\u017eice koja nudi moderan i prostran smje\u0161taj svih sudionika i gledatelja. Sportska dvorana Bre\u017eice se nalazi na adresi:<\/p>\n<p>Sportska dvorana Bre\u017eice, \u010cernel\u010deva cesta 10, 8250 Bre\u017eice, Slovenija<br \/>\nWeb stranica dvorane:\u00a0<a href=\"http:\/\/www.zsport-brezice.si\/sportna-dvorana-brezice\/\" target=\"_blank\" rel=\"noopener\">http:\/\/www.zsport-brezice.si\/sportna-dvorana-brezice\/<\/a><br \/>\nPoveznica na Google Maps: <a href=\"https:\/\/goo.gl\/maps\/bpaLQfBiwUC2\" target=\"_blank\" rel=\"noopener\">https:\/\/goo.gl\/maps\/bpaLQfBiwUC2<\/a><\/p>\n<p>Pozivamo vas na veliko finale 3. Me\u0111unarodnog dje\u010djeg pjeva\u010dkog festivala Bre\u017eice 2018 &#8211; koje \u0107e se odr\u017eati u Sportskoj dvorani Bre\u017eice.<\/p>\n","protected":false},"excerpt":{"rendered":"<p>Obavje\u0161tavamo vas da \u0107e se zbog najave lo\u0161eg vremena , finalna ve\u010der MOPF Bre\u017eice 2018 odr\u017eati u sportskoj dvorani Bre\u017eice koja nudi moderan i prostran smje\u0161taj svih sudionika i gledatelja. Sportska dvorana Bre\u017eice se nalazi na adresi: Sportska dvorana Bre\u017eice, \u010cernel\u010deva cesta 10, 8250 Bre\u017eice, Slovenija Web stranica dvorane:\u00a0http:\/\/www.zsport-brezice.si\/sportna-dvorana-brezice\/ Poveznica na Google Maps: https:\/\/goo.gl\/maps\/bpaLQfBiwUC2 Pozivamo &hellip; <\/p>\n<p class=\"link-more\"><a href=\"https:\/\/brezice.eu\/festival\/hr\/promjena-lokacije-finalne-veceri-mopf-brezice-26-8-2018\/\" class=\"more-link\">Continue reading<span class=\"screen-reader-text\"> &#8220;Promjena lokacije finalne ve\u010deri MOPF Bre\u017eice, 26.8.2018&#8221;<\/span><\/a><\/p>\n","protected":false},"author":1,"featured_media":759,"comment_status":"open","ping_status":"open","sticky":false,"template":"","format":"standard","meta":{"footnotes":""},"categories":[3],"tags":[],"class_list":["post-746","post","type-post","status-publish","format-standard","has-post-thumbnail","hentry","category-najave"],"yoast_head":"<!-- This site is optimized with the Yoast SEO plugin v27.5 - https:\/\/yoast.com\/product\/yoast-seo-wordpress\/ -->\n<title>Promjena lokacije finalne ve\u010deri MOPF Bre\u017eice, 26.8.2018 - Mednarodni otro\u0161ki pevski festival Bre\u017eice<\/title>\n<meta name=\"robots\" content=\"index, follow, max-snippet:-1, max-image-preview:large, max-video-preview:-1\" \/>\n<link rel=\"canonical\" href=\"https:\/\/brezice.eu\/festival\/hr\/promjena-lokacije-finalne-veceri-mopf-brezice-26-8-2018\/\" \/>\n<meta property=\"og:locale\" content=\"hr_HR\" \/>\n<meta property=\"og:type\" content=\"article\" \/>\n<meta property=\"og:title\" content=\"Promjena lokacije finalne ve\u010deri MOPF Bre\u017eice, 26.8.2018 - Mednarodni otro\u0161ki pevski festival Bre\u017eice\" \/>\n<meta property=\"og:description\" content=\"Obavje\u0161tavamo vas da \u0107e se zbog najave lo\u0161eg vremena , finalna ve\u010der MOPF Bre\u017eice 2018 odr\u017eati u sportskoj dvorani Bre\u017eice koja nudi moderan i prostran smje\u0161taj svih sudionika i gledatelja. Sportska dvorana Bre\u017eice se nalazi na adresi: Sportska dvorana Bre\u017eice, \u010cernel\u010deva cesta 10, 8250 Bre\u017eice, Slovenija Web stranica dvorane:\u00a0http:\/\/www.zsport-brezice.si\/sportna-dvorana-brezice\/ Poveznica na Google Maps: https:\/\/goo.gl\/maps\/bpaLQfBiwUC2 Pozivamo &hellip; Continue reading &quot;Promjena lokacije finalne ve\u010deri MOPF Bre\u017eice, 26.8.2018&quot;\" \/>\n<meta property=\"og:url\" content=\"https:\/\/brezice.eu\/festival\/hr\/promjena-lokacije-finalne-veceri-mopf-brezice-26-8-2018\/\" \/>\n<meta property=\"og:site_name\" content=\"Mednarodni otro\u0161ki pevski festival Bre\u017eice\" \/>\n<meta property=\"article:published_time\" content=\"2018-08-21T10:47:28+00:00\" \/>\n<meta property=\"article:modified_time\" content=\"2018-08-21T11:06:11+00:00\" \/>\n<meta property=\"og:image\" content=\"https:\/\/brezice.eu\/festival\/wp-content\/uploads\/2018\/08\/SportnaDvoranaBrezice-1.jpg\" \/>\n\t<meta property=\"og:image:width\" content=\"1600\" \/>\n\t<meta property=\"og:image:height\" content=\"560\" \/>\n\t<meta property=\"og:image:type\" content=\"image\/jpeg\" \/>\n<meta name=\"author\" content=\"Maks\" \/>\n<meta name=\"twitter:card\" content=\"summary_large_image\" \/>\n<meta name=\"twitter:label1\" content=\"Written by\" \/>\n\t<meta name=\"twitter:data1\" content=\"Maks\" \/>\n<script type=\"application\/ld+json\" class=\"yoast-schema-graph\">{\"@context\":\"https:\\\/\\\/schema.org\",\"@graph\":[{\"@type\":\"Article\",\"@id\":\"https:\\\/\\\/brezice.eu\\\/festival\\\/hr\\\/promjena-lokacije-finalne-veceri-mopf-brezice-26-8-2018\\\/#article\",\"isPartOf\":{\"@id\":\"https:\\\/\\\/brezice.eu\\\/festival\\\/hr\\\/promjena-lokacije-finalne-veceri-mopf-brezice-26-8-2018\\\/\"},\"author\":{\"name\":\"Maks\",\"@id\":\"https:\\\/\\\/brezice.eu\\\/festival\\\/hr\\\/#\\\/schema\\\/person\\\/3d072c5f979e85b05a4ce581efa89f7f\"},\"headline\":\"Promjena lokacije finalne ve\u010deri MOPF Bre\u017eice, 26.8.2018\",\"datePublished\":\"2018-08-21T10:47:28+00:00\",\"dateModified\":\"2018-08-21T11:06:11+00:00\",\"mainEntityOfPage\":{\"@id\":\"https:\\\/\\\/brezice.eu\\\/festival\\\/hr\\\/promjena-lokacije-finalne-veceri-mopf-brezice-26-8-2018\\\/\"},\"wordCount\":103,\"commentCount\":0,\"publisher\":{\"@id\":\"https:\\\/\\\/brezice.eu\\\/festival\\\/hr\\\/#organization\"},\"image\":{\"@id\":\"https:\\\/\\\/brezice.eu\\\/festival\\\/hr\\\/promjena-lokacije-finalne-veceri-mopf-brezice-26-8-2018\\\/#primaryimage\"},\"thumbnailUrl\":\"https:\\\/\\\/brezice.eu\\\/festival\\\/wp-content\\\/uploads\\\/2018\\\/08\\\/SportnaDvoranaBrezice-1.jpg\",\"articleSection\":[\"Najave\"],\"inLanguage\":\"hr-HR\"},{\"@type\":\"WebPage\",\"@id\":\"https:\\\/\\\/brezice.eu\\\/festival\\\/hr\\\/promjena-lokacije-finalne-veceri-mopf-brezice-26-8-2018\\\/\",\"url\":\"https:\\\/\\\/brezice.eu\\\/festival\\\/hr\\\/promjena-lokacije-finalne-veceri-mopf-brezice-26-8-2018\\\/\",\"name\":\"Promjena lokacije finalne ve\u010deri MOPF Bre\u017eice, 26.8.2018 - Mednarodni otro\u0161ki pevski festival Bre\u017eice\",\"isPartOf\":{\"@id\":\"https:\\\/\\\/brezice.eu\\\/festival\\\/hr\\\/#website\"},\"primaryImageOfPage\":{\"@id\":\"https:\\\/\\\/brezice.eu\\\/festival\\\/hr\\\/promjena-lokacije-finalne-veceri-mopf-brezice-26-8-2018\\\/#primaryimage\"},\"image\":{\"@id\":\"https:\\\/\\\/brezice.eu\\\/festival\\\/hr\\\/promjena-lokacije-finalne-veceri-mopf-brezice-26-8-2018\\\/#primaryimage\"},\"thumbnailUrl\":\"https:\\\/\\\/brezice.eu\\\/festival\\\/wp-content\\\/uploads\\\/2018\\\/08\\\/SportnaDvoranaBrezice-1.jpg\",\"datePublished\":\"2018-08-21T10:47:28+00:00\",\"dateModified\":\"2018-08-21T11:06:11+00:00\",\"breadcrumb\":{\"@id\":\"https:\\\/\\\/brezice.eu\\\/festival\\\/hr\\\/promjena-lokacije-finalne-veceri-mopf-brezice-26-8-2018\\\/#breadcrumb\"},\"inLanguage\":\"hr-HR\",\"potentialAction\":[{\"@type\":\"ReadAction\",\"target\":[\"https:\\\/\\\/brezice.eu\\\/festival\\\/hr\\\/promjena-lokacije-finalne-veceri-mopf-brezice-26-8-2018\\\/\"]}]},{\"@type\":\"ImageObject\",\"inLanguage\":\"hr-HR\",\"@id\":\"https:\\\/\\\/brezice.eu\\\/festival\\\/hr\\\/promjena-lokacije-finalne-veceri-mopf-brezice-26-8-2018\\\/#primaryimage\",\"url\":\"https:\\\/\\\/brezice.eu\\\/festival\\\/wp-content\\\/uploads\\\/2018\\\/08\\\/SportnaDvoranaBrezice-1.jpg\",\"contentUrl\":\"https:\\\/\\\/brezice.eu\\\/festival\\\/wp-content\\\/uploads\\\/2018\\\/08\\\/SportnaDvoranaBrezice-1.jpg\",\"width\":1600,\"height\":560},{\"@type\":\"BreadcrumbList\",\"@id\":\"https:\\\/\\\/brezice.eu\\\/festival\\\/hr\\\/promjena-lokacije-finalne-veceri-mopf-brezice-26-8-2018\\\/#breadcrumb\",\"itemListElement\":[{\"@type\":\"ListItem\",\"position\":1,\"name\":\"Home\",\"item\":\"https:\\\/\\\/brezice.eu\\\/festival\\\/hr\\\/\"},{\"@type\":\"ListItem\",\"position\":2,\"name\":\"Promjena lokacije finalne ve\u010deri MOPF Bre\u017eice, 26.8.2018\"}]},{\"@type\":\"WebSite\",\"@id\":\"https:\\\/\\\/brezice.eu\\\/festival\\\/hr\\\/#website\",\"url\":\"https:\\\/\\\/brezice.eu\\\/festival\\\/hr\\\/\",\"name\":\"Mednarodni otro\u0161ki pevski festival Bre\u017eice\",\"description\":\"Predstavljamo vam najbolj\u0161e mlade evropske pevce od 6 do vklju\u010dno 17 let\",\"publisher\":{\"@id\":\"https:\\\/\\\/brezice.eu\\\/festival\\\/hr\\\/#organization\"},\"potentialAction\":[{\"@type\":\"SearchAction\",\"target\":{\"@type\":\"EntryPoint\",\"urlTemplate\":\"https:\\\/\\\/brezice.eu\\\/festival\\\/hr\\\/?s={search_term_string}\"},\"query-input\":{\"@type\":\"PropertyValueSpecification\",\"valueRequired\":true,\"valueName\":\"search_term_string\"}}],\"inLanguage\":\"hr-HR\"},{\"@type\":\"Organization\",\"@id\":\"https:\\\/\\\/brezice.eu\\\/festival\\\/hr\\\/#organization\",\"name\":\"Mednarodni otro\u0161ki pevski festival Bre\u017eice\",\"url\":\"https:\\\/\\\/brezice.eu\\\/festival\\\/hr\\\/\",\"logo\":{\"@type\":\"ImageObject\",\"inLanguage\":\"hr-HR\",\"@id\":\"https:\\\/\\\/brezice.eu\\\/festival\\\/hr\\\/#\\\/schema\\\/logo\\\/image\\\/\",\"url\":\"https:\\\/\\\/brezice.eu\\\/festival\\\/wp-content\\\/uploads\\\/2020\\\/02\\\/cropped-MOPFBrezice-logo-z-belim-ozadjem-transparent-1.png\",\"contentUrl\":\"https:\\\/\\\/brezice.eu\\\/festival\\\/wp-content\\\/uploads\\\/2020\\\/02\\\/cropped-MOPFBrezice-logo-z-belim-ozadjem-transparent-1.png\",\"width\":990,\"height\":250,\"caption\":\"Mednarodni otro\u0161ki pevski festival Bre\u017eice\"},\"image\":{\"@id\":\"https:\\\/\\\/brezice.eu\\\/festival\\\/hr\\\/#\\\/schema\\\/logo\\\/image\\\/\"}},{\"@type\":\"Person\",\"@id\":\"https:\\\/\\\/brezice.eu\\\/festival\\\/hr\\\/#\\\/schema\\\/person\\\/3d072c5f979e85b05a4ce581efa89f7f\",\"name\":\"Maks\",\"image\":{\"@type\":\"ImageObject\",\"inLanguage\":\"hr-HR\",\"@id\":\"https:\\\/\\\/secure.gravatar.com\\\/avatar\\\/0a63dd2b7395063206299376ba60cf09eb4aa0142b18376a136d022186d600a6?s=96&d=mm&r=g\",\"url\":\"https:\\\/\\\/secure.gravatar.com\\\/avatar\\\/0a63dd2b7395063206299376ba60cf09eb4aa0142b18376a136d022186d600a6?s=96&d=mm&r=g\",\"contentUrl\":\"https:\\\/\\\/secure.gravatar.com\\\/avatar\\\/0a63dd2b7395063206299376ba60cf09eb4aa0142b18376a136d022186d600a6?s=96&d=mm&r=g\",\"caption\":\"Maks\"},\"url\":\"https:\\\/\\\/brezice.eu\\\/festival\\\/hr\\\/author\\\/maks\\\/\"}]}<\/script>\n<!-- \/ Yoast SEO plugin. -->","yoast_head_json":{"title":"Promjena lokacije finalne ve\u010deri MOPF Bre\u017eice, 26.8.2018 - Mednarodni otro\u0161ki pevski festival Bre\u017eice","robots":{"index":"index","follow":"follow","max-snippet":"max-snippet:-1","max-image-preview":"max-image-preview:large","max-video-preview":"max-video-preview:-1"},"canonical":"https:\/\/brezice.eu\/festival\/hr\/promjena-lokacije-finalne-veceri-mopf-brezice-26-8-2018\/","og_locale":"hr_HR","og_type":"article","og_title":"Promjena lokacije finalne ve\u010deri MOPF Bre\u017eice, 26.8.2018 - Mednarodni otro\u0161ki pevski festival Bre\u017eice","og_description":"Obavje\u0161tavamo vas da \u0107e se zbog najave lo\u0161eg vremena , finalna ve\u010der MOPF Bre\u017eice 2018 odr\u017eati u sportskoj dvorani Bre\u017eice koja nudi moderan i prostran smje\u0161taj svih sudionika i gledatelja. Sportska dvorana Bre\u017eice se nalazi na adresi: Sportska dvorana Bre\u017eice, \u010cernel\u010deva cesta 10, 8250 Bre\u017eice, Slovenija Web stranica dvorane:\u00a0http:\/\/www.zsport-brezice.si\/sportna-dvorana-brezice\/ Poveznica na Google Maps: https:\/\/goo.gl\/maps\/bpaLQfBiwUC2 Pozivamo &hellip; Continue reading \"Promjena lokacije finalne ve\u010deri MOPF Bre\u017eice, 26.8.2018\"","og_url":"https:\/\/brezice.eu\/festival\/hr\/promjena-lokacije-finalne-veceri-mopf-brezice-26-8-2018\/","og_site_name":"Mednarodni otro\u0161ki pevski festival Bre\u017eice","article_published_time":"2018-08-21T10:47:28+00:00","article_modified_time":"2018-08-21T11:06:11+00:00","og_image":[{"width":1600,"height":560,"url":"https:\/\/brezice.eu\/festival\/wp-content\/uploads\/2018\/08\/SportnaDvoranaBrezice-1.jpg","type":"image\/jpeg"}],"author":"Maks","twitter_card":"summary_large_image","twitter_misc":{"Written by":"Maks"},"schema":{"@context":"https:\/\/schema.org","@graph":[{"@type":"Article","@id":"https:\/\/brezice.eu\/festival\/hr\/promjena-lokacije-finalne-veceri-mopf-brezice-26-8-2018\/#article","isPartOf":{"@id":"https:\/\/brezice.eu\/festival\/hr\/promjena-lokacije-finalne-veceri-mopf-brezice-26-8-2018\/"},"author":{"name":"Maks","@id":"https:\/\/brezice.eu\/festival\/hr\/#\/schema\/person\/3d072c5f979e85b05a4ce581efa89f7f"},"headline":"Promjena lokacije finalne ve\u010deri MOPF Bre\u017eice, 26.8.2018","datePublished":"2018-08-21T10:47:28+00:00","dateModified":"2018-08-21T11:06:11+00:00","mainEntityOfPage":{"@id":"https:\/\/brezice.eu\/festival\/hr\/promjena-lokacije-finalne-veceri-mopf-brezice-26-8-2018\/"},"wordCount":103,"commentCount":0,"publisher":{"@id":"https:\/\/brezice.eu\/festival\/hr\/#organization"},"image":{"@id":"https:\/\/brezice.eu\/festival\/hr\/promjena-lokacije-finalne-veceri-mopf-brezice-26-8-2018\/#primaryimage"},"thumbnailUrl":"https:\/\/brezice.eu\/festival\/wp-content\/uploads\/2018\/08\/SportnaDvoranaBrezice-1.jpg","articleSection":["Najave"],"inLanguage":"hr-HR"},{"@type":"WebPage","@id":"https:\/\/brezice.eu\/festival\/hr\/promjena-lokacije-finalne-veceri-mopf-brezice-26-8-2018\/","url":"https:\/\/brezice.eu\/festival\/hr\/promjena-lokacije-finalne-veceri-mopf-brezice-26-8-2018\/","name":"Promjena lokacije finalne ve\u010deri MOPF Bre\u017eice, 26.8.2018 - Mednarodni otro\u0161ki pevski festival Bre\u017eice","isPartOf":{"@id":"https:\/\/brezice.eu\/festival\/hr\/#website"},"primaryImageOfPage":{"@id":"https:\/\/brezice.eu\/festival\/hr\/promjena-lokacije-finalne-veceri-mopf-brezice-26-8-2018\/#primaryimage"},"image":{"@id":"https:\/\/brezice.eu\/festival\/hr\/promjena-lokacije-finalne-veceri-mopf-brezice-26-8-2018\/#primaryimage"},"thumbnailUrl":"https:\/\/brezice.eu\/festival\/wp-content\/uploads\/2018\/08\/SportnaDvoranaBrezice-1.jpg","datePublished":"2018-08-21T10:47:28+00:00","dateModified":"2018-08-21T11:06:11+00:00","breadcrumb":{"@id":"https:\/\/brezice.eu\/festival\/hr\/promjena-lokacije-finalne-veceri-mopf-brezice-26-8-2018\/#breadcrumb"},"inLanguage":"hr-HR","potentialAction":[{"@type":"ReadAction","target":["https:\/\/brezice.eu\/festival\/hr\/promjena-lokacije-finalne-veceri-mopf-brezice-26-8-2018\/"]}]},{"@type":"ImageObject","inLanguage":"hr-HR","@id":"https:\/\/brezice.eu\/festival\/hr\/promjena-lokacije-finalne-veceri-mopf-brezice-26-8-2018\/#primaryimage","url":"https:\/\/brezice.eu\/festival\/wp-content\/uploads\/2018\/08\/SportnaDvoranaBrezice-1.jpg","contentUrl":"https:\/\/brezice.eu\/festival\/wp-content\/uploads\/2018\/08\/SportnaDvoranaBrezice-1.jpg","width":1600,"height":560},{"@type":"BreadcrumbList","@id":"https:\/\/brezice.eu\/festival\/hr\/promjena-lokacije-finalne-veceri-mopf-brezice-26-8-2018\/#breadcrumb","itemListElement":[{"@type":"ListItem","position":1,"name":"Home","item":"https:\/\/brezice.eu\/festival\/hr\/"},{"@type":"ListItem","position":2,"name":"Promjena lokacije finalne ve\u010deri MOPF Bre\u017eice, 26.8.2018"}]},{"@type":"WebSite","@id":"https:\/\/brezice.eu\/festival\/hr\/#website","url":"https:\/\/brezice.eu\/festival\/hr\/","name":"Mednarodni otro\u0161ki pevski festival Bre\u017eice","description":"Predstavljamo vam najbolj\u0161e mlade evropske pevce od 6 do vklju\u010dno 17 let","publisher":{"@id":"https:\/\/brezice.eu\/festival\/hr\/#organization"},"potentialAction":[{"@type":"SearchAction","target":{"@type":"EntryPoint","urlTemplate":"https:\/\/brezice.eu\/festival\/hr\/?s={search_term_string}"},"query-input":{"@type":"PropertyValueSpecification","valueRequired":true,"valueName":"search_term_string"}}],"inLanguage":"hr-HR"},{"@type":"Organization","@id":"https:\/\/brezice.eu\/festival\/hr\/#organization","name":"Mednarodni otro\u0161ki pevski festival Bre\u017eice","url":"https:\/\/brezice.eu\/festival\/hr\/","logo":{"@type":"ImageObject","inLanguage":"hr-HR","@id":"https:\/\/brezice.eu\/festival\/hr\/#\/schema\/logo\/image\/","url":"https:\/\/brezice.eu\/festival\/wp-content\/uploads\/2020\/02\/cropped-MOPFBrezice-logo-z-belim-ozadjem-transparent-1.png","contentUrl":"https:\/\/brezice.eu\/festival\/wp-content\/uploads\/2020\/02\/cropped-MOPFBrezice-logo-z-belim-ozadjem-transparent-1.png","width":990,"height":250,"caption":"Mednarodni otro\u0161ki pevski festival Bre\u017eice"},"image":{"@id":"https:\/\/brezice.eu\/festival\/hr\/#\/schema\/logo\/image\/"}},{"@type":"Person","@id":"https:\/\/brezice.eu\/festival\/hr\/#\/schema\/person\/3d072c5f979e85b05a4ce581efa89f7f","name":"Maks","image":{"@type":"ImageObject","inLanguage":"hr-HR","@id":"https:\/\/secure.gravatar.com\/avatar\/0a63dd2b7395063206299376ba60cf09eb4aa0142b18376a136d022186d600a6?s=96&d=mm&r=g","url":"https:\/\/secure.gravatar.com\/avatar\/0a63dd2b7395063206299376ba60cf09eb4aa0142b18376a136d022186d600a6?s=96&d=mm&r=g","contentUrl":"https:\/\/secure.gravatar.com\/avatar\/0a63dd2b7395063206299376ba60cf09eb4aa0142b18376a136d022186d600a6?s=96&d=mm&r=g","caption":"Maks"},"url":"https:\/\/brezice.eu\/festival\/hr\/author\/maks\/"}]}},"rttpg_featured_image_url":{"full":["https:\/\/brezice.eu\/festival\/wp-content\/uploads\/2018\/08\/SportnaDvoranaBrezice-1.jpg",1600,560,false],"landscape":["https:\/\/brezice.eu\/festival\/wp-content\/uploads\/2018\/08\/SportnaDvoranaBrezice-1.jpg",1600,560,false],"portraits":["https:\/\/brezice.eu\/festival\/wp-content\/uploads\/2018\/08\/SportnaDvoranaBrezice-1.jpg",1600,560,false],"thumbnail":["https:\/\/brezice.eu\/festival\/wp-content\/uploads\/2018\/08\/SportnaDvoranaBrezice-1-150x150.jpg",150,150,true],"medium":["https:\/\/brezice.eu\/festival\/wp-content\/uploads\/2018\/08\/SportnaDvoranaBrezice-1-300x105.jpg",300,105,true],"large":["https:\/\/brezice.eu\/festival\/wp-content\/uploads\/2018\/08\/SportnaDvoranaBrezice-1-1024x358.jpg",525,184,true],"1536x1536":["https:\/\/brezice.eu\/festival\/wp-content\/uploads\/2018\/08\/SportnaDvoranaBrezice-1.jpg",1536,538,false],"2048x2048":["https:\/\/brezice.eu\/festival\/wp-content\/uploads\/2018\/08\/SportnaDvoranaBrezice-1.jpg",1600,560,false],"twentyseventeen-featured-image":["https:\/\/brezice.eu\/festival\/wp-content\/uploads\/2018\/08\/SportnaDvoranaBrezice-1.jpg",1600,560,false],"twentyseventeen-thumbnail-avatar":["https:\/\/brezice.eu\/festival\/wp-content\/uploads\/2018\/08\/SportnaDvoranaBrezice-1-100x100.jpg",100,100,true]},"rttpg_author":{"display_name":"Maks","author_link":"https:\/\/brezice.eu\/festival\/hr\/author\/maks\/"},"rttpg_comment":0,"rttpg_category":"<a href=\"https:\/\/brezice.eu\/festival\/hr\/category\/najave\/\" rel=\"category tag\">Najave<\/a>","rttpg_excerpt":"Obavje\u0161tavamo vas da \u0107e se zbog najave lo\u0161eg vremena , finalna ve\u010der MOPF Bre\u017eice 2018 odr\u017eati u sportskoj dvorani Bre\u017eice koja nudi moderan i prostran smje\u0161taj svih sudionika i gledatelja. Sportska dvorana Bre\u017eice se nalazi na adresi: Sportska dvorana Bre\u017eice, \u010cernel\u010deva cesta 10, 8250 Bre\u017eice, Slovenija Web stranica dvorane:\u00a0http:\/\/www.zsport-brezice.si\/sportna-dvorana-brezice\/ Poveznica na Google Maps: https:\/\/goo.gl\/maps\/bpaLQfBiwUC2 Pozivamo&hellip;","_links":{"self":[{"href":"https:\/\/brezice.eu\/festival\/hr\/wp-json\/wp\/v2\/posts\/746","targetHints":{"allow":["GET"]}}],"collection":[{"href":"https:\/\/brezice.eu\/festival\/hr\/wp-json\/wp\/v2\/posts"}],"about":[{"href":"https:\/\/brezice.eu\/festival\/hr\/wp-json\/wp\/v2\/types\/post"}],"author":[{"embeddable":true,"href":"https:\/\/brezice.eu\/festival\/hr\/wp-json\/wp\/v2\/users\/1"}],"replies":[{"embeddable":true,"href":"https:\/\/brezice.eu\/festival\/hr\/wp-json\/wp\/v2\/comments?post=746"}],"version-history":[{"count":7,"href":"https:\/\/brezice.eu\/festival\/hr\/wp-json\/wp\/v2\/posts\/746\/revisions"}],"predecessor-version":[{"id":767,"href":"https:\/\/brezice.eu\/festival\/hr\/wp-json\/wp\/v2\/posts\/746\/revisions\/767"}],"wp:featuredmedia":[{"embeddable":true,"href":"https:\/\/brezice.eu\/festival\/hr\/wp-json\/wp\/v2\/media\/759"}],"wp:attachment":[{"href":"https:\/\/brezice.eu\/festival\/hr\/wp-json\/wp\/v2\/media?parent=746"}],"wp:term":[{"taxonomy":"category","embeddable":true,"href":"https:\/\/brezice.eu\/festival\/hr\/wp-json\/wp\/v2\/categories?post=746"},{"taxonomy":"post_tag","embeddable":true,"href":"https:\/\/brezice.eu\/festival\/hr\/wp-json\/wp\/v2\/tags?post=746"}],"curies":[{"name":"wp","href":"https:\/\/api.w.org\/{rel}","templated":true}]}}