{"id":2245,"date":"2023-08-17T20:58:38","date_gmt":"2023-08-17T18:58:38","guid":{"rendered":"https:\/\/brezice.eu\/festival\/?p=2245"},"modified":"2023-08-17T20:58:40","modified_gmt":"2023-08-17T18:58:40","slug":"objavljujemo-popis-izvodaca-za-mopf-brezice-2023","status":"publish","type":"post","link":"https:\/\/brezice.eu\/festival\/hr\/objavljujemo-popis-izvodaca-za-mopf-brezice-2023\/","title":{"rendered":"Objavljujemo popis izvo\u0111a\u010da za MOPF Bre\u017eice 2023"},"content":{"rendered":"\n<p>Objavljujemo popis izvo\u0111a\u010da pjeva\u010da koji \u0107e nastupiti na ovogodi\u0161njoj polufinalnoj smotri Me\u0111unarodnog dje\u010djeg pjeva\u010dkog festivala Bre\u017eice 2023. Obje polufinalne ve\u010deri odr\u017eat \u0107e se u\u00a0<a href=\"https:\/\/goo.gl\/maps\/7fg92cS2mf9cTm3U9\" target=\"_blank\" rel=\"noreferrer noopener\">dvorani Mladinskega centra Bre\u017eice na adresi Gub\u010deva ulica 10a, 8250. Bre\u017eice<\/a>.<\/p>\n\n\n\n<p>Kao i svake godine, zbog velikog broja prijavljenih pjeva\u010da morat \u0107emo organizirati dvije polufinalne ve\u010deri. U obje polufinalne ve\u010deri nastupit \u0107e 55 pjeva\u010da i pjeva\u010dica iz Slovenije, Hrvatske, Bosne i Hercegovine, Srbije, Slova\u010dke, Malte i Moldavije. Rije\u010d je o onima koji su uspjeli pro\u0107i strogu audiciju tijekom koje je me\u0111unarodni \u017eiri izme\u0111u 136 prijavljena pjeva\u010da morao odabrati samo 55 najboljih polufinalista.<\/p>\n\n\n\n<p>Prvih 27 polufinalista nastupit \u0107e u petak, <strong>25. kolovoza 2023<\/strong>. Za posjetitelje doga\u0111anje po\u010dinje u 17:00 sati, a izvo\u0111a\u010di na probu dolaze prema dobivenom rasporedu i to 10 minuta ranije od navedenog.<\/p>\n\n\n\n<div data-wp-interactive=\"core\/file\" class=\"wp-block-file\"><object data-wp-bind--hidden=\"!state.hasPdfPreview\" hidden class=\"wp-block-file__embed\" data=\"https:\/\/brezice.eu\/festival\/wp-content\/uploads\/2023\/08\/MOPF-Brezice-2023-Pokoncni-seznam-25.08.2023.pdf\" type=\"application\/pdf\" style=\"width:100%;height:600px\" aria-label=\"Embed of MOPF-Brezice-2023-Pokoncni-seznam-25.08.2023.\"><\/object><a id=\"wp-block-file--media-14c894d0-2bfd-4de3-bcda-9f38c5b3416d\" href=\"https:\/\/brezice.eu\/festival\/wp-content\/uploads\/2023\/08\/MOPF-Brezice-2023-Pokoncni-seznam-25.08.2023.pdf\" target=\"_blank\" rel=\"noreferrer noopener\">MOPF-Brezice-2023-Pokoncni-seznam-25.08.2023<\/a><a href=\"https:\/\/brezice.eu\/festival\/wp-content\/uploads\/2023\/08\/MOPF-Brezice-2023-Pokoncni-seznam-25.08.2023.pdf\" class=\"wp-block-file__button wp-element-button\" download aria-describedby=\"wp-block-file--media-14c894d0-2bfd-4de3-bcda-9f38c5b3416d\">Prenos<\/a><\/div>\n\n\n\n<p><\/p>\n\n\n\n<p>Ostalih 28 polufinalista nastupit \u0107e u subotu, <strong>26. kolovoza 2023<\/strong>. Za posjetitelje doga\u0111anje po\u010dinje u 17 sati, a izvo\u0111a\u010di na probu dolaze prema dobivenom rasporedu i to 10 minuta ranije od navedenog.<\/p>\n\n\n\n<div data-wp-interactive=\"core\/file\" class=\"wp-block-file\"><object data-wp-bind--hidden=\"!state.hasPdfPreview\" hidden class=\"wp-block-file__embed\" data=\"https:\/\/brezice.eu\/festival\/wp-content\/uploads\/2023\/08\/MOPF-Brezice-2023-Pokoncni-seznam-26.08.2023.pdf\" type=\"application\/pdf\" style=\"width:100%;height:600px\" aria-label=\"Embed of MOPF-Brezice-2023-Pokoncni-seznam-26.08.2023.\"><\/object><a id=\"wp-block-file--media-8a0a439c-5c7c-4468-b1bd-f936e50aa018\" href=\"https:\/\/brezice.eu\/festival\/wp-content\/uploads\/2023\/08\/MOPF-Brezice-2023-Pokoncni-seznam-26.08.2023.pdf\" target=\"_blank\" rel=\"noreferrer noopener\">MOPF-Brezice-2023-Pokoncni-seznam-26.08.2023<\/a><a href=\"https:\/\/brezice.eu\/festival\/wp-content\/uploads\/2023\/08\/MOPF-Brezice-2023-Pokoncni-seznam-26.08.2023.pdf\" class=\"wp-block-file__button wp-element-button\" download aria-describedby=\"wp-block-file--media-8a0a439c-5c7c-4468-b1bd-f936e50aa018\">Prenos<\/a><\/div>\n\n\n\n<p><\/p>\n\n\n\n<p>Prve polufinalne ve\u010deri stru\u010dni \u017eiri i publika u dvorani odabrat \u0107e 12 finalista, a druge polufinalne ve\u0107eri 13 finalista, \u0161to zna\u010di da \u0107e <strong>u nedjelju, 27. kolovoza 2023. u 19 sati<\/strong> biti ukupno 25 finalista Me\u0111unarodnog dje\u010djeg pjeva\u010dkog festivala Bre\u017eice 2022. Kandidati koji \u0107e se natjecati za bogate nagrade, bit \u0107e odabrani prema mi\u0161ljenju stru\u010dnog \u017eirija i publike. Prva tri mjesta u svakoj dobnoj skupini bit \u0107e nagra\u0111ena, dok \u0107e svi ostali polufinalisti podijeliti odli\u010dno 4. mjesto sedmog Me\u0111unarodnog dje\u010djeg pjeva\u010dkog festivala Bre\u017eice!<\/p>\n","protected":false},"excerpt":{"rendered":"<p>Objavljujemo popis izvo\u0111a\u010da pjeva\u010da koji \u0107e nastupiti na ovogodi\u0161njoj polufinalnoj smotri Me\u0111unarodnog dje\u010djeg pjeva\u010dkog festivala Bre\u017eice 2023. Obje polufinalne ve\u010deri odr\u017eat \u0107e se u\u00a0dvorani Mladinskega centra Bre\u017eice na adresi Gub\u010deva ulica 10a, 8250. Bre\u017eice. Kao i svake godine, zbog velikog broja prijavljenih pjeva\u010da morat \u0107emo organizirati dvije polufinalne ve\u010deri. U obje polufinalne ve\u010deri nastupit \u0107e &hellip; <\/p>\n<p class=\"link-more\"><a href=\"https:\/\/brezice.eu\/festival\/hr\/objavljujemo-popis-izvodaca-za-mopf-brezice-2023\/\" class=\"more-link\">Continue reading<span class=\"screen-reader-text\"> &#8220;Objavljujemo popis izvo\u0111a\u010da za MOPF Bre\u017eice 2023&#8221;<\/span><\/a><\/p>\n","protected":false},"author":1,"featured_media":2242,"comment_status":"open","ping_status":"open","sticky":false,"template":"","format":"standard","meta":{"footnotes":""},"categories":[3],"tags":[],"class_list":["post-2245","post","type-post","status-publish","format-standard","has-post-thumbnail","hentry","category-najave"],"yoast_head":"<!-- This site is optimized with the Yoast SEO plugin v27.4 - https:\/\/yoast.com\/product\/yoast-seo-wordpress\/ -->\n<title>Objavljujemo popis izvo\u0111a\u010da za MOPF Bre\u017eice 2023 - Mednarodni otro\u0161ki pevski festival Bre\u017eice<\/title>\n<meta name=\"robots\" content=\"index, follow, max-snippet:-1, max-image-preview:large, max-video-preview:-1\" \/>\n<link rel=\"canonical\" href=\"https:\/\/brezice.eu\/festival\/hr\/objavljujemo-popis-izvodaca-za-mopf-brezice-2023\/\" \/>\n<meta property=\"og:locale\" content=\"hr_HR\" \/>\n<meta property=\"og:type\" content=\"article\" \/>\n<meta property=\"og:title\" content=\"Objavljujemo popis izvo\u0111a\u010da za MOPF Bre\u017eice 2023 - Mednarodni otro\u0161ki pevski festival Bre\u017eice\" \/>\n<meta property=\"og:description\" content=\"Objavljujemo popis izvo\u0111a\u010da pjeva\u010da koji \u0107e nastupiti na ovogodi\u0161njoj polufinalnoj smotri Me\u0111unarodnog dje\u010djeg pjeva\u010dkog festivala Bre\u017eice 2023. Obje polufinalne ve\u010deri odr\u017eat \u0107e se u\u00a0dvorani Mladinskega centra Bre\u017eice na adresi Gub\u010deva ulica 10a, 8250. Bre\u017eice. Kao i svake godine, zbog velikog broja prijavljenih pjeva\u010da morat \u0107emo organizirati dvije polufinalne ve\u010deri. U obje polufinalne ve\u010deri nastupit \u0107e &hellip; Continue reading &quot;Objavljujemo popis izvo\u0111a\u010da za MOPF Bre\u017eice 2023&quot;\" \/>\n<meta property=\"og:url\" content=\"https:\/\/brezice.eu\/festival\/hr\/objavljujemo-popis-izvodaca-za-mopf-brezice-2023\/\" \/>\n<meta property=\"og:site_name\" content=\"Mednarodni otro\u0161ki pevski festival Bre\u017eice\" \/>\n<meta property=\"article:published_time\" content=\"2023-08-17T18:58:38+00:00\" \/>\n<meta property=\"article:modified_time\" content=\"2023-08-17T18:58:40+00:00\" \/>\n<meta property=\"og:image\" content=\"https:\/\/brezice.eu\/festival\/wp-content\/uploads\/2023\/08\/Seznami-MOPF-Brezice-2023.jpg\" \/>\n\t<meta property=\"og:image:width\" content=\"1200\" \/>\n\t<meta property=\"og:image:height\" content=\"675\" \/>\n\t<meta property=\"og:image:type\" content=\"image\/jpeg\" \/>\n<meta name=\"author\" content=\"Maks\" \/>\n<meta name=\"twitter:card\" content=\"summary_large_image\" \/>\n<meta name=\"twitter:label1\" content=\"Written by\" \/>\n\t<meta name=\"twitter:data1\" content=\"Maks\" \/>\n\t<meta name=\"twitter:label2\" content=\"Est. reading time\" \/>\n\t<meta name=\"twitter:data2\" content=\"2 minutes\" \/>\n<script type=\"application\/ld+json\" class=\"yoast-schema-graph\">{\"@context\":\"https:\\\/\\\/schema.org\",\"@graph\":[{\"@type\":\"Article\",\"@id\":\"https:\\\/\\\/brezice.eu\\\/festival\\\/hr\\\/objavljujemo-popis-izvodaca-za-mopf-brezice-2023\\\/#article\",\"isPartOf\":{\"@id\":\"https:\\\/\\\/brezice.eu\\\/festival\\\/hr\\\/objavljujemo-popis-izvodaca-za-mopf-brezice-2023\\\/\"},\"author\":{\"name\":\"Maks\",\"@id\":\"https:\\\/\\\/brezice.eu\\\/festival\\\/hr\\\/#\\\/schema\\\/person\\\/3d072c5f979e85b05a4ce581efa89f7f\"},\"headline\":\"Objavljujemo popis izvo\u0111a\u010da za MOPF Bre\u017eice 2023\",\"datePublished\":\"2023-08-17T18:58:38+00:00\",\"dateModified\":\"2023-08-17T18:58:40+00:00\",\"mainEntityOfPage\":{\"@id\":\"https:\\\/\\\/brezice.eu\\\/festival\\\/hr\\\/objavljujemo-popis-izvodaca-za-mopf-brezice-2023\\\/\"},\"wordCount\":282,\"commentCount\":0,\"publisher\":{\"@id\":\"https:\\\/\\\/brezice.eu\\\/festival\\\/hr\\\/#organization\"},\"image\":{\"@id\":\"https:\\\/\\\/brezice.eu\\\/festival\\\/hr\\\/objavljujemo-popis-izvodaca-za-mopf-brezice-2023\\\/#primaryimage\"},\"thumbnailUrl\":\"https:\\\/\\\/brezice.eu\\\/festival\\\/wp-content\\\/uploads\\\/2023\\\/08\\\/Seznami-MOPF-Brezice-2023.jpg\",\"articleSection\":[\"Najave\"],\"inLanguage\":\"hr-HR\"},{\"@type\":\"WebPage\",\"@id\":\"https:\\\/\\\/brezice.eu\\\/festival\\\/hr\\\/objavljujemo-popis-izvodaca-za-mopf-brezice-2023\\\/\",\"url\":\"https:\\\/\\\/brezice.eu\\\/festival\\\/hr\\\/objavljujemo-popis-izvodaca-za-mopf-brezice-2023\\\/\",\"name\":\"Objavljujemo popis izvo\u0111a\u010da za MOPF Bre\u017eice 2023 - Mednarodni otro\u0161ki pevski festival Bre\u017eice\",\"isPartOf\":{\"@id\":\"https:\\\/\\\/brezice.eu\\\/festival\\\/hr\\\/#website\"},\"primaryImageOfPage\":{\"@id\":\"https:\\\/\\\/brezice.eu\\\/festival\\\/hr\\\/objavljujemo-popis-izvodaca-za-mopf-brezice-2023\\\/#primaryimage\"},\"image\":{\"@id\":\"https:\\\/\\\/brezice.eu\\\/festival\\\/hr\\\/objavljujemo-popis-izvodaca-za-mopf-brezice-2023\\\/#primaryimage\"},\"thumbnailUrl\":\"https:\\\/\\\/brezice.eu\\\/festival\\\/wp-content\\\/uploads\\\/2023\\\/08\\\/Seznami-MOPF-Brezice-2023.jpg\",\"datePublished\":\"2023-08-17T18:58:38+00:00\",\"dateModified\":\"2023-08-17T18:58:40+00:00\",\"breadcrumb\":{\"@id\":\"https:\\\/\\\/brezice.eu\\\/festival\\\/hr\\\/objavljujemo-popis-izvodaca-za-mopf-brezice-2023\\\/#breadcrumb\"},\"inLanguage\":\"hr-HR\",\"potentialAction\":[{\"@type\":\"ReadAction\",\"target\":[\"https:\\\/\\\/brezice.eu\\\/festival\\\/hr\\\/objavljujemo-popis-izvodaca-za-mopf-brezice-2023\\\/\"]}]},{\"@type\":\"ImageObject\",\"inLanguage\":\"hr-HR\",\"@id\":\"https:\\\/\\\/brezice.eu\\\/festival\\\/hr\\\/objavljujemo-popis-izvodaca-za-mopf-brezice-2023\\\/#primaryimage\",\"url\":\"https:\\\/\\\/brezice.eu\\\/festival\\\/wp-content\\\/uploads\\\/2023\\\/08\\\/Seznami-MOPF-Brezice-2023.jpg\",\"contentUrl\":\"https:\\\/\\\/brezice.eu\\\/festival\\\/wp-content\\\/uploads\\\/2023\\\/08\\\/Seznami-MOPF-Brezice-2023.jpg\",\"width\":1200,\"height\":675},{\"@type\":\"BreadcrumbList\",\"@id\":\"https:\\\/\\\/brezice.eu\\\/festival\\\/hr\\\/objavljujemo-popis-izvodaca-za-mopf-brezice-2023\\\/#breadcrumb\",\"itemListElement\":[{\"@type\":\"ListItem\",\"position\":1,\"name\":\"Home\",\"item\":\"https:\\\/\\\/brezice.eu\\\/festival\\\/hr\\\/\"},{\"@type\":\"ListItem\",\"position\":2,\"name\":\"Objavljujemo popis izvo\u0111a\u010da za MOPF Bre\u017eice 2023\"}]},{\"@type\":\"WebSite\",\"@id\":\"https:\\\/\\\/brezice.eu\\\/festival\\\/hr\\\/#website\",\"url\":\"https:\\\/\\\/brezice.eu\\\/festival\\\/hr\\\/\",\"name\":\"Mednarodni otro\u0161ki pevski festival Bre\u017eice\",\"description\":\"Predstavljamo vam najbolj\u0161e mlade evropske pevce od 6 do vklju\u010dno 17 let\",\"publisher\":{\"@id\":\"https:\\\/\\\/brezice.eu\\\/festival\\\/hr\\\/#organization\"},\"potentialAction\":[{\"@type\":\"SearchAction\",\"target\":{\"@type\":\"EntryPoint\",\"urlTemplate\":\"https:\\\/\\\/brezice.eu\\\/festival\\\/hr\\\/?s={search_term_string}\"},\"query-input\":{\"@type\":\"PropertyValueSpecification\",\"valueRequired\":true,\"valueName\":\"search_term_string\"}}],\"inLanguage\":\"hr-HR\"},{\"@type\":\"Organization\",\"@id\":\"https:\\\/\\\/brezice.eu\\\/festival\\\/hr\\\/#organization\",\"name\":\"Mednarodni otro\u0161ki pevski festival Bre\u017eice\",\"url\":\"https:\\\/\\\/brezice.eu\\\/festival\\\/hr\\\/\",\"logo\":{\"@type\":\"ImageObject\",\"inLanguage\":\"hr-HR\",\"@id\":\"https:\\\/\\\/brezice.eu\\\/festival\\\/hr\\\/#\\\/schema\\\/logo\\\/image\\\/\",\"url\":\"https:\\\/\\\/brezice.eu\\\/festival\\\/wp-content\\\/uploads\\\/2020\\\/02\\\/cropped-MOPFBrezice-logo-z-belim-ozadjem-transparent-1.png\",\"contentUrl\":\"https:\\\/\\\/brezice.eu\\\/festival\\\/wp-content\\\/uploads\\\/2020\\\/02\\\/cropped-MOPFBrezice-logo-z-belim-ozadjem-transparent-1.png\",\"width\":990,\"height\":250,\"caption\":\"Mednarodni otro\u0161ki pevski festival Bre\u017eice\"},\"image\":{\"@id\":\"https:\\\/\\\/brezice.eu\\\/festival\\\/hr\\\/#\\\/schema\\\/logo\\\/image\\\/\"}},{\"@type\":\"Person\",\"@id\":\"https:\\\/\\\/brezice.eu\\\/festival\\\/hr\\\/#\\\/schema\\\/person\\\/3d072c5f979e85b05a4ce581efa89f7f\",\"name\":\"Maks\",\"image\":{\"@type\":\"ImageObject\",\"inLanguage\":\"hr-HR\",\"@id\":\"https:\\\/\\\/secure.gravatar.com\\\/avatar\\\/0a63dd2b7395063206299376ba60cf09eb4aa0142b18376a136d022186d600a6?s=96&d=mm&r=g\",\"url\":\"https:\\\/\\\/secure.gravatar.com\\\/avatar\\\/0a63dd2b7395063206299376ba60cf09eb4aa0142b18376a136d022186d600a6?s=96&d=mm&r=g\",\"contentUrl\":\"https:\\\/\\\/secure.gravatar.com\\\/avatar\\\/0a63dd2b7395063206299376ba60cf09eb4aa0142b18376a136d022186d600a6?s=96&d=mm&r=g\",\"caption\":\"Maks\"},\"url\":\"https:\\\/\\\/brezice.eu\\\/festival\\\/hr\\\/author\\\/maks\\\/\"}]}<\/script>\n<!-- \/ Yoast SEO plugin. -->","yoast_head_json":{"title":"Objavljujemo popis izvo\u0111a\u010da za MOPF Bre\u017eice 2023 - Mednarodni otro\u0161ki pevski festival Bre\u017eice","robots":{"index":"index","follow":"follow","max-snippet":"max-snippet:-1","max-image-preview":"max-image-preview:large","max-video-preview":"max-video-preview:-1"},"canonical":"https:\/\/brezice.eu\/festival\/hr\/objavljujemo-popis-izvodaca-za-mopf-brezice-2023\/","og_locale":"hr_HR","og_type":"article","og_title":"Objavljujemo popis izvo\u0111a\u010da za MOPF Bre\u017eice 2023 - Mednarodni otro\u0161ki pevski festival Bre\u017eice","og_description":"Objavljujemo popis izvo\u0111a\u010da pjeva\u010da koji \u0107e nastupiti na ovogodi\u0161njoj polufinalnoj smotri Me\u0111unarodnog dje\u010djeg pjeva\u010dkog festivala Bre\u017eice 2023. Obje polufinalne ve\u010deri odr\u017eat \u0107e se u\u00a0dvorani Mladinskega centra Bre\u017eice na adresi Gub\u010deva ulica 10a, 8250. Bre\u017eice. Kao i svake godine, zbog velikog broja prijavljenih pjeva\u010da morat \u0107emo organizirati dvije polufinalne ve\u010deri. U obje polufinalne ve\u010deri nastupit \u0107e &hellip; Continue reading \"Objavljujemo popis izvo\u0111a\u010da za MOPF Bre\u017eice 2023\"","og_url":"https:\/\/brezice.eu\/festival\/hr\/objavljujemo-popis-izvodaca-za-mopf-brezice-2023\/","og_site_name":"Mednarodni otro\u0161ki pevski festival Bre\u017eice","article_published_time":"2023-08-17T18:58:38+00:00","article_modified_time":"2023-08-17T18:58:40+00:00","og_image":[{"width":1200,"height":675,"url":"https:\/\/brezice.eu\/festival\/wp-content\/uploads\/2023\/08\/Seznami-MOPF-Brezice-2023.jpg","type":"image\/jpeg"}],"author":"Maks","twitter_card":"summary_large_image","twitter_misc":{"Written by":"Maks","Est. reading time":"2 minutes"},"schema":{"@context":"https:\/\/schema.org","@graph":[{"@type":"Article","@id":"https:\/\/brezice.eu\/festival\/hr\/objavljujemo-popis-izvodaca-za-mopf-brezice-2023\/#article","isPartOf":{"@id":"https:\/\/brezice.eu\/festival\/hr\/objavljujemo-popis-izvodaca-za-mopf-brezice-2023\/"},"author":{"name":"Maks","@id":"https:\/\/brezice.eu\/festival\/hr\/#\/schema\/person\/3d072c5f979e85b05a4ce581efa89f7f"},"headline":"Objavljujemo popis izvo\u0111a\u010da za MOPF Bre\u017eice 2023","datePublished":"2023-08-17T18:58:38+00:00","dateModified":"2023-08-17T18:58:40+00:00","mainEntityOfPage":{"@id":"https:\/\/brezice.eu\/festival\/hr\/objavljujemo-popis-izvodaca-za-mopf-brezice-2023\/"},"wordCount":282,"commentCount":0,"publisher":{"@id":"https:\/\/brezice.eu\/festival\/hr\/#organization"},"image":{"@id":"https:\/\/brezice.eu\/festival\/hr\/objavljujemo-popis-izvodaca-za-mopf-brezice-2023\/#primaryimage"},"thumbnailUrl":"https:\/\/brezice.eu\/festival\/wp-content\/uploads\/2023\/08\/Seznami-MOPF-Brezice-2023.jpg","articleSection":["Najave"],"inLanguage":"hr-HR"},{"@type":"WebPage","@id":"https:\/\/brezice.eu\/festival\/hr\/objavljujemo-popis-izvodaca-za-mopf-brezice-2023\/","url":"https:\/\/brezice.eu\/festival\/hr\/objavljujemo-popis-izvodaca-za-mopf-brezice-2023\/","name":"Objavljujemo popis izvo\u0111a\u010da za MOPF Bre\u017eice 2023 - Mednarodni otro\u0161ki pevski festival Bre\u017eice","isPartOf":{"@id":"https:\/\/brezice.eu\/festival\/hr\/#website"},"primaryImageOfPage":{"@id":"https:\/\/brezice.eu\/festival\/hr\/objavljujemo-popis-izvodaca-za-mopf-brezice-2023\/#primaryimage"},"image":{"@id":"https:\/\/brezice.eu\/festival\/hr\/objavljujemo-popis-izvodaca-za-mopf-brezice-2023\/#primaryimage"},"thumbnailUrl":"https:\/\/brezice.eu\/festival\/wp-content\/uploads\/2023\/08\/Seznami-MOPF-Brezice-2023.jpg","datePublished":"2023-08-17T18:58:38+00:00","dateModified":"2023-08-17T18:58:40+00:00","breadcrumb":{"@id":"https:\/\/brezice.eu\/festival\/hr\/objavljujemo-popis-izvodaca-za-mopf-brezice-2023\/#breadcrumb"},"inLanguage":"hr-HR","potentialAction":[{"@type":"ReadAction","target":["https:\/\/brezice.eu\/festival\/hr\/objavljujemo-popis-izvodaca-za-mopf-brezice-2023\/"]}]},{"@type":"ImageObject","inLanguage":"hr-HR","@id":"https:\/\/brezice.eu\/festival\/hr\/objavljujemo-popis-izvodaca-za-mopf-brezice-2023\/#primaryimage","url":"https:\/\/brezice.eu\/festival\/wp-content\/uploads\/2023\/08\/Seznami-MOPF-Brezice-2023.jpg","contentUrl":"https:\/\/brezice.eu\/festival\/wp-content\/uploads\/2023\/08\/Seznami-MOPF-Brezice-2023.jpg","width":1200,"height":675},{"@type":"BreadcrumbList","@id":"https:\/\/brezice.eu\/festival\/hr\/objavljujemo-popis-izvodaca-za-mopf-brezice-2023\/#breadcrumb","itemListElement":[{"@type":"ListItem","position":1,"name":"Home","item":"https:\/\/brezice.eu\/festival\/hr\/"},{"@type":"ListItem","position":2,"name":"Objavljujemo popis izvo\u0111a\u010da za MOPF Bre\u017eice 2023"}]},{"@type":"WebSite","@id":"https:\/\/brezice.eu\/festival\/hr\/#website","url":"https:\/\/brezice.eu\/festival\/hr\/","name":"Mednarodni otro\u0161ki pevski festival Bre\u017eice","description":"Predstavljamo vam najbolj\u0161e mlade evropske pevce od 6 do vklju\u010dno 17 let","publisher":{"@id":"https:\/\/brezice.eu\/festival\/hr\/#organization"},"potentialAction":[{"@type":"SearchAction","target":{"@type":"EntryPoint","urlTemplate":"https:\/\/brezice.eu\/festival\/hr\/?s={search_term_string}"},"query-input":{"@type":"PropertyValueSpecification","valueRequired":true,"valueName":"search_term_string"}}],"inLanguage":"hr-HR"},{"@type":"Organization","@id":"https:\/\/brezice.eu\/festival\/hr\/#organization","name":"Mednarodni otro\u0161ki pevski festival Bre\u017eice","url":"https:\/\/brezice.eu\/festival\/hr\/","logo":{"@type":"ImageObject","inLanguage":"hr-HR","@id":"https:\/\/brezice.eu\/festival\/hr\/#\/schema\/logo\/image\/","url":"https:\/\/brezice.eu\/festival\/wp-content\/uploads\/2020\/02\/cropped-MOPFBrezice-logo-z-belim-ozadjem-transparent-1.png","contentUrl":"https:\/\/brezice.eu\/festival\/wp-content\/uploads\/2020\/02\/cropped-MOPFBrezice-logo-z-belim-ozadjem-transparent-1.png","width":990,"height":250,"caption":"Mednarodni otro\u0161ki pevski festival Bre\u017eice"},"image":{"@id":"https:\/\/brezice.eu\/festival\/hr\/#\/schema\/logo\/image\/"}},{"@type":"Person","@id":"https:\/\/brezice.eu\/festival\/hr\/#\/schema\/person\/3d072c5f979e85b05a4ce581efa89f7f","name":"Maks","image":{"@type":"ImageObject","inLanguage":"hr-HR","@id":"https:\/\/secure.gravatar.com\/avatar\/0a63dd2b7395063206299376ba60cf09eb4aa0142b18376a136d022186d600a6?s=96&d=mm&r=g","url":"https:\/\/secure.gravatar.com\/avatar\/0a63dd2b7395063206299376ba60cf09eb4aa0142b18376a136d022186d600a6?s=96&d=mm&r=g","contentUrl":"https:\/\/secure.gravatar.com\/avatar\/0a63dd2b7395063206299376ba60cf09eb4aa0142b18376a136d022186d600a6?s=96&d=mm&r=g","caption":"Maks"},"url":"https:\/\/brezice.eu\/festival\/hr\/author\/maks\/"}]}},"rttpg_featured_image_url":{"full":["https:\/\/brezice.eu\/festival\/wp-content\/uploads\/2023\/08\/Seznami-MOPF-Brezice-2023.jpg",1200,675,false],"landscape":["https:\/\/brezice.eu\/festival\/wp-content\/uploads\/2023\/08\/Seznami-MOPF-Brezice-2023.jpg",1200,675,false],"portraits":["https:\/\/brezice.eu\/festival\/wp-content\/uploads\/2023\/08\/Seznami-MOPF-Brezice-2023.jpg",1200,675,false],"thumbnail":["https:\/\/brezice.eu\/festival\/wp-content\/uploads\/2023\/08\/Seznami-MOPF-Brezice-2023-150x150.jpg",150,150,true],"medium":["https:\/\/brezice.eu\/festival\/wp-content\/uploads\/2023\/08\/Seznami-MOPF-Brezice-2023-300x169.jpg",300,169,true],"large":["https:\/\/brezice.eu\/festival\/wp-content\/uploads\/2023\/08\/Seznami-MOPF-Brezice-2023-1024x576.jpg",525,295,true],"1536x1536":["https:\/\/brezice.eu\/festival\/wp-content\/uploads\/2023\/08\/Seznami-MOPF-Brezice-2023.jpg",1200,675,false],"2048x2048":["https:\/\/brezice.eu\/festival\/wp-content\/uploads\/2023\/08\/Seznami-MOPF-Brezice-2023.jpg",1200,675,false],"twentyseventeen-featured-image":["https:\/\/brezice.eu\/festival\/wp-content\/uploads\/2023\/08\/Seznami-MOPF-Brezice-2023.jpg",1200,675,false],"twentyseventeen-thumbnail-avatar":["https:\/\/brezice.eu\/festival\/wp-content\/uploads\/2023\/08\/Seznami-MOPF-Brezice-2023-100x100.jpg",100,100,true]},"rttpg_author":{"display_name":"Maks","author_link":"https:\/\/brezice.eu\/festival\/hr\/author\/maks\/"},"rttpg_comment":0,"rttpg_category":"<a href=\"https:\/\/brezice.eu\/festival\/hr\/category\/najave\/\" rel=\"category tag\">Najave<\/a>","rttpg_excerpt":"Objavljujemo popis izvo\u0111a\u010da pjeva\u010da koji \u0107e nastupiti na ovogodi\u0161njoj polufinalnoj smotri Me\u0111unarodnog dje\u010djeg pjeva\u010dkog festivala Bre\u017eice 2023. Obje polufinalne ve\u010deri odr\u017eat \u0107e se u\u00a0dvorani Mladinskega centra Bre\u017eice na adresi Gub\u010deva ulica 10a, 8250. Bre\u017eice. Kao i svake godine, zbog velikog broja prijavljenih pjeva\u010da morat \u0107emo organizirati dvije polufinalne ve\u010deri. U obje polufinalne ve\u010deri nastupit \u0107e&hellip;","_links":{"self":[{"href":"https:\/\/brezice.eu\/festival\/hr\/wp-json\/wp\/v2\/posts\/2245","targetHints":{"allow":["GET"]}}],"collection":[{"href":"https:\/\/brezice.eu\/festival\/hr\/wp-json\/wp\/v2\/posts"}],"about":[{"href":"https:\/\/brezice.eu\/festival\/hr\/wp-json\/wp\/v2\/types\/post"}],"author":[{"embeddable":true,"href":"https:\/\/brezice.eu\/festival\/hr\/wp-json\/wp\/v2\/users\/1"}],"replies":[{"embeddable":true,"href":"https:\/\/brezice.eu\/festival\/hr\/wp-json\/wp\/v2\/comments?post=2245"}],"version-history":[{"count":1,"href":"https:\/\/brezice.eu\/festival\/hr\/wp-json\/wp\/v2\/posts\/2245\/revisions"}],"predecessor-version":[{"id":2246,"href":"https:\/\/brezice.eu\/festival\/hr\/wp-json\/wp\/v2\/posts\/2245\/revisions\/2246"}],"wp:featuredmedia":[{"embeddable":true,"href":"https:\/\/brezice.eu\/festival\/hr\/wp-json\/wp\/v2\/media\/2242"}],"wp:attachment":[{"href":"https:\/\/brezice.eu\/festival\/hr\/wp-json\/wp\/v2\/media?parent=2245"}],"wp:term":[{"taxonomy":"category","embeddable":true,"href":"https:\/\/brezice.eu\/festival\/hr\/wp-json\/wp\/v2\/categories?post=2245"},{"taxonomy":"post_tag","embeddable":true,"href":"https:\/\/brezice.eu\/festival\/hr\/wp-json\/wp\/v2\/tags?post=2245"}],"curies":[{"name":"wp","href":"https:\/\/api.w.org\/{rel}","templated":true}]}}