{"id":2230,"date":"2023-08-17T14:56:53","date_gmt":"2023-08-17T12:56:53","guid":{"rendered":"https:\/\/brezice.eu\/festival\/?p=2230"},"modified":"2023-08-17T14:56:54","modified_gmt":"2023-08-17T12:56:54","slug":"aktualna-turisticka-ponuda-za-posjetioce-medunarodnog-djecjeg-pjevackog-festivala-brezice","status":"publish","type":"post","link":"https:\/\/brezice.eu\/festival\/hr\/aktualna-turisticka-ponuda-za-posjetioce-medunarodnog-djecjeg-pjevackog-festivala-brezice\/","title":{"rendered":"Aktualna turisti\u010dka ponuda za posjetioce Me\u0111unarodnog dje\u010djeg pjeva\u010dkog festivala Bre\u017eice"},"content":{"rendered":"\n<figure class=\"wp-block-image size-large\"><img loading=\"lazy\" decoding=\"async\" width=\"1024\" height=\"646\" src=\"https:\/\/brezice.eu\/festival\/wp-content\/uploads\/2023\/08\/Brezice-katalog-turisticne-ponudbe-2023-1024x646.jpg\" alt=\"\" class=\"wp-image-2211\" srcset=\"https:\/\/brezice.eu\/festival\/wp-content\/uploads\/2023\/08\/Brezice-katalog-turisticne-ponudbe-2023-1024x646.jpg 1024w, https:\/\/brezice.eu\/festival\/wp-content\/uploads\/2023\/08\/Brezice-katalog-turisticne-ponudbe-2023-300x189.jpg 300w, https:\/\/brezice.eu\/festival\/wp-content\/uploads\/2023\/08\/Brezice-katalog-turisticne-ponudbe-2023-768x484.jpg 768w, https:\/\/brezice.eu\/festival\/wp-content\/uploads\/2023\/08\/Brezice-katalog-turisticne-ponudbe-2023.jpg 1200w\" sizes=\"auto, (max-width: 767px) 89vw, (max-width: 1000px) 54vw, (max-width: 1071px) 543px, 580px\" \/><\/figure>\n\n\n\n<p><strong>Poletna ponudba<\/strong><br>Banova doma\u010dija<br>Javni vodeni ogledi in delavnice<br>Vsak petek od 18.00 do 20.00 ure in vsako soboto od 9.00 do 12.00 ure<br>CENA Brezpla\u010dno<br>LOKACIJA Arti\u010de 16, Arti\u010de<br>REZERVACIJA Ni potrebna<\/p>\n\n\n\n<p><strong>Vodovodni stolp Bre\u017eice<\/strong><br><br>Vodeni ogledi<br>Od ponedeljka do sobote od 10.00 do 20.00, nedelja in prazniki od 14.00 do 20.00<br>CENA odrasli 10 \u20ac, otroci in upokojenci 7 \u20ac, dru\u017eine 25 \u20ac <br>LOKACIJA Bizeljska cesta 4, Bre\u017eice<br>REZERVACIJE guide@pmb.si, anja.zagode@pmb.si<\/p>\n\n\n\n<p><strong>Posavski Muzej Bre\u017eice<\/strong><\/p>\n\n\n\n<p>Odprto od ponedeljka do sobote, od 10.00 do 20.00. Nedelje in prazniki od 14.00 do 20.00<br>CENA odrasli 5 \u20ac, otroci in upokojenci 3 \u20ac, dru\u017eine 10 \u20ac<\/p>\n\n\n\n<p>REZERVACIJA Rezervacija obvezna samo za skupine: guide@pmb.si<br><\/p>\n\n\n\n<figure class=\"wp-block-gallery has-nested-images columns-default is-cropped wp-block-gallery-1 is-layout-flex wp-block-gallery-is-layout-flex\">\n<figure class=\"wp-block-image size-large\"><a href=\"https:\/\/brezice.eu\/festival\/wp-content\/uploads\/2023\/08\/tourist-offer-brezice-avgust-2023.jpg\"><img loading=\"lazy\" decoding=\"async\" width=\"730\" height=\"1024\" data-id=\"2205\" src=\"https:\/\/brezice.eu\/festival\/wp-content\/uploads\/2023\/08\/tourist-offer-brezice-avgust-2023-730x1024.jpg\" alt=\"\" class=\"wp-image-2205\" srcset=\"https:\/\/brezice.eu\/festival\/wp-content\/uploads\/2023\/08\/tourist-offer-brezice-avgust-2023-730x1024.jpg 730w, https:\/\/brezice.eu\/festival\/wp-content\/uploads\/2023\/08\/tourist-offer-brezice-avgust-2023-214x300.jpg 214w, https:\/\/brezice.eu\/festival\/wp-content\/uploads\/2023\/08\/tourist-offer-brezice-avgust-2023-768x1077.jpg 768w, https:\/\/brezice.eu\/festival\/wp-content\/uploads\/2023\/08\/tourist-offer-brezice-avgust-2023.jpg 856w\" sizes=\"auto, (max-width: 730px) 100vw, 730px\" \/><\/a><figcaption class=\"wp-element-caption\">English<\/figcaption><\/figure>\n\n\n\n<figure class=\"wp-block-image size-large\"><a href=\"https:\/\/brezice.eu\/festival\/wp-content\/uploads\/2023\/08\/turisticna-ponudba-brezice-avgust-2023.jpg\"><img loading=\"lazy\" decoding=\"async\" width=\"730\" height=\"1024\" data-id=\"2208\" src=\"https:\/\/brezice.eu\/festival\/wp-content\/uploads\/2023\/08\/turisticna-ponudba-brezice-avgust-2023-730x1024.jpg\" alt=\"\" class=\"wp-image-2208\" srcset=\"https:\/\/brezice.eu\/festival\/wp-content\/uploads\/2023\/08\/turisticna-ponudba-brezice-avgust-2023-730x1024.jpg 730w, https:\/\/brezice.eu\/festival\/wp-content\/uploads\/2023\/08\/turisticna-ponudba-brezice-avgust-2023-214x300.jpg 214w, https:\/\/brezice.eu\/festival\/wp-content\/uploads\/2023\/08\/turisticna-ponudba-brezice-avgust-2023-768x1077.jpg 768w, https:\/\/brezice.eu\/festival\/wp-content\/uploads\/2023\/08\/turisticna-ponudba-brezice-avgust-2023.jpg 856w\" sizes=\"auto, (max-width: 730px) 100vw, 730px\" \/><\/a><figcaption class=\"wp-element-caption\">Slovensko<\/figcaption><\/figure>\n<\/figure>\n\n\n\n<p><\/p>\n\n\n\n<h1 class=\"wp-block-heading\">Katalog turisti\u010dne ponudbe v Bre\u017eicah v slovenskem jeziku<\/h1>\n\n\n\n<div data-wp-interactive=\"core\/file\" class=\"wp-block-file\"><object data-wp-bind--hidden=\"!state.hasPdfPreview\" hidden class=\"wp-block-file__embed\" data=\"https:\/\/brezice.eu\/festival\/wp-content\/uploads\/2023\/08\/Katalog-turisticne-ponudbe-v-Brezicah-v-slovenskem-jeziku-2023.pdf\" type=\"application\/pdf\" style=\"width:100%;height:600px\" aria-label=\"Embed of Katalog-turisticne-ponudbe-v-Brezicah-v-slovenskem-jeziku-2023.\"><\/object><a id=\"wp-block-file--media-1528f2a7-453b-4aea-af9a-a56a5c947c91\" href=\"https:\/\/brezice.eu\/festival\/wp-content\/uploads\/2023\/08\/Katalog-turisticne-ponudbe-v-Brezicah-v-slovenskem-jeziku-2023.pdf\" target=\"_blank\" rel=\"noreferrer noopener\">Katalog-turisticne-ponudbe-v-Brezicah-v-slovenskem-jeziku-2023<\/a><a href=\"https:\/\/brezice.eu\/festival\/wp-content\/uploads\/2023\/08\/Katalog-turisticne-ponudbe-v-Brezicah-v-slovenskem-jeziku-2023.pdf\" class=\"wp-block-file__button wp-element-button\" download aria-describedby=\"wp-block-file--media-1528f2a7-453b-4aea-af9a-a56a5c947c91\">Prenos<\/a><\/div>\n\n\n\n<p><\/p>\n\n\n\n<h1 class=\"wp-block-heading\">Catalogue Tourist services in Brezice 2023 &#8211; Google translated English edition<\/h1>\n\n\n\n<div data-wp-interactive=\"core\/file\" class=\"wp-block-file\"><object data-wp-bind--hidden=\"!state.hasPdfPreview\" hidden class=\"wp-block-file__embed\" data=\"https:\/\/brezice.eu\/festival\/wp-content\/uploads\/2023\/08\/Catalogue-Tourist-Services-Brezice-2023-english-edition.pdf\" type=\"application\/pdf\" style=\"width:100%;height:600px\" aria-label=\"Embed of Catalogue-Tourist-Services-Brezice-2023-english-edition.\"><\/object><a id=\"wp-block-file--media-bdfc793d-9b28-4934-9c51-e54a965ca018\" href=\"https:\/\/brezice.eu\/festival\/wp-content\/uploads\/2023\/08\/Catalogue-Tourist-Services-Brezice-2023-english-edition.pdf\" target=\"_blank\" rel=\"noreferrer noopener\">Catalogue-Tourist-Services-Brezice-2023-english-edition<\/a><a href=\"https:\/\/brezice.eu\/festival\/wp-content\/uploads\/2023\/08\/Catalogue-Tourist-Services-Brezice-2023-english-edition.pdf\" class=\"wp-block-file__button wp-element-button\" download aria-describedby=\"wp-block-file--media-bdfc793d-9b28-4934-9c51-e54a965ca018\">Download<\/a><\/div>\n\n\n\n<p><\/p>\n\n\n\n<h1 class=\"wp-block-heading\">Kaj po\u010deti v Bre\u017eicah 2023<\/h1>\n\n\n\n<div data-wp-interactive=\"core\/file\" class=\"wp-block-file\"><object data-wp-bind--hidden=\"!state.hasPdfPreview\" hidden class=\"wp-block-file__embed\" data=\"https:\/\/brezice.eu\/festival\/wp-content\/uploads\/2023\/08\/Kaj-poceti-v-Brezicah-slovenska-izdaja-2023.pdf\" type=\"application\/pdf\" style=\"width:100%;height:600px\" aria-label=\"Embed of Kaj-poceti-v-Brezicah-slovenska-izdaja-2023.\"><\/object><a id=\"wp-block-file--media-3e94e8fe-6543-4ade-b3b0-4a836f643d0a\" href=\"https:\/\/brezice.eu\/festival\/wp-content\/uploads\/2023\/08\/Kaj-poceti-v-Brezicah-slovenska-izdaja-2023.pdf\" target=\"_blank\" rel=\"noreferrer noopener\">Kaj-poceti-v-Brezicah-slovenska-izdaja-2023<\/a><a href=\"https:\/\/brezice.eu\/festival\/wp-content\/uploads\/2023\/08\/Kaj-poceti-v-Brezicah-slovenska-izdaja-2023.pdf\" class=\"wp-block-file__button wp-element-button\" download aria-describedby=\"wp-block-file--media-3e94e8fe-6543-4ade-b3b0-4a836f643d0a\">Prenos<\/a><\/div>\n\n\n\n<h1 class=\"wp-block-heading\">What to visit in Bre\u017eice 2023<\/h1>\n\n\n\n<div data-wp-interactive=\"core\/file\" class=\"wp-block-file\"><object data-wp-bind--hidden=\"!state.hasPdfPreview\" hidden class=\"wp-block-file__embed\" data=\"https:\/\/brezice.eu\/festival\/wp-content\/uploads\/2023\/08\/What-to-visit-in-Brezice-english-edition-2023.pdf\" type=\"application\/pdf\" style=\"width:100%;height:600px\" aria-label=\"Embed of What-to-visit-in-Brezice-english-edition-2023.\"><\/object><a id=\"wp-block-file--media-5ad89594-6f2c-4ba4-924e-2cbbd1b4171f\" href=\"https:\/\/brezice.eu\/festival\/wp-content\/uploads\/2023\/08\/What-to-visit-in-Brezice-english-edition-2023.pdf\" target=\"_blank\" rel=\"noreferrer noopener\">What-to-visit-in-Brezice-english-edition-2023<\/a><a href=\"https:\/\/brezice.eu\/festival\/wp-content\/uploads\/2023\/08\/What-to-visit-in-Brezice-english-edition-2023.pdf\" class=\"wp-block-file__button wp-element-button\" download aria-describedby=\"wp-block-file--media-5ad89594-6f2c-4ba4-924e-2cbbd1b4171f\">Prenos<\/a><\/div>\n","protected":false},"excerpt":{"rendered":"<p>Poletna ponudbaBanova doma\u010dijaJavni vodeni ogledi in delavniceVsak petek od 18.00 do 20.00 ure in vsako soboto od 9.00 do 12.00 ureCENA Brezpla\u010dnoLOKACIJA Arti\u010de 16, Arti\u010deREZERVACIJA Ni potrebna Vodovodni stolp Bre\u017eice Vodeni oglediOd ponedeljka do sobote od 10.00 do 20.00, nedelja in prazniki od 14.00 do 20.00CENA odrasli 10 \u20ac, otroci in upokojenci 7 \u20ac, dru\u017eine &hellip; <\/p>\n<p class=\"link-more\"><a href=\"https:\/\/brezice.eu\/festival\/hr\/aktualna-turisticka-ponuda-za-posjetioce-medunarodnog-djecjeg-pjevackog-festivala-brezice\/\" class=\"more-link\">Continue reading<span class=\"screen-reader-text\"> &#8220;Aktualna turisti\u010dka ponuda za posjetioce Me\u0111unarodnog dje\u010djeg pjeva\u010dkog festivala Bre\u017eice&#8221;<\/span><\/a><\/p>\n","protected":false},"author":1,"featured_media":2212,"comment_status":"open","ping_status":"open","sticky":false,"template":"","format":"standard","meta":{"footnotes":""},"categories":[3],"tags":[],"class_list":["post-2230","post","type-post","status-publish","format-standard","has-post-thumbnail","hentry","category-najave"],"yoast_head":"<!-- This site is optimized with the Yoast SEO plugin v27.5 - https:\/\/yoast.com\/product\/yoast-seo-wordpress\/ -->\n<title>Aktualna turisti\u010dka ponuda za posjetioce Me\u0111unarodnog dje\u010djeg pjeva\u010dkog festivala Bre\u017eice - Mednarodni otro\u0161ki pevski festival Bre\u017eice<\/title>\n<meta name=\"robots\" content=\"index, follow, max-snippet:-1, max-image-preview:large, max-video-preview:-1\" \/>\n<link rel=\"canonical\" href=\"https:\/\/brezice.eu\/festival\/hr\/aktualna-turisticka-ponuda-za-posjetioce-medunarodnog-djecjeg-pjevackog-festivala-brezice\/\" \/>\n<meta property=\"og:locale\" content=\"hr_HR\" \/>\n<meta property=\"og:type\" content=\"article\" \/>\n<meta property=\"og:title\" content=\"Aktualna turisti\u010dka ponuda za posjetioce Me\u0111unarodnog dje\u010djeg pjeva\u010dkog festivala Bre\u017eice - Mednarodni otro\u0161ki pevski festival Bre\u017eice\" \/>\n<meta property=\"og:description\" content=\"Poletna ponudbaBanova doma\u010dijaJavni vodeni ogledi in delavniceVsak petek od 18.00 do 20.00 ure in vsako soboto od 9.00 do 12.00 ureCENA Brezpla\u010dnoLOKACIJA Arti\u010de 16, Arti\u010deREZERVACIJA Ni potrebna Vodovodni stolp Bre\u017eice Vodeni oglediOd ponedeljka do sobote od 10.00 do 20.00, nedelja in prazniki od 14.00 do 20.00CENA odrasli 10 \u20ac, otroci in upokojenci 7 \u20ac, dru\u017eine &hellip; Continue reading &quot;Aktualna turisti\u010dka ponuda za posjetioce Me\u0111unarodnog dje\u010djeg pjeva\u010dkog festivala Bre\u017eice&quot;\" \/>\n<meta property=\"og:url\" content=\"https:\/\/brezice.eu\/festival\/hr\/aktualna-turisticka-ponuda-za-posjetioce-medunarodnog-djecjeg-pjevackog-festivala-brezice\/\" \/>\n<meta property=\"og:site_name\" content=\"Mednarodni otro\u0161ki pevski festival Bre\u017eice\" \/>\n<meta property=\"article:published_time\" content=\"2023-08-17T12:56:53+00:00\" \/>\n<meta property=\"article:modified_time\" content=\"2023-08-17T12:56:54+00:00\" \/>\n<meta property=\"og:image\" content=\"https:\/\/brezice.eu\/festival\/wp-content\/uploads\/2023\/08\/Brezice-katalog-turisticne-ponudbe-2023.jpg\" \/>\n\t<meta property=\"og:image:width\" content=\"1200\" \/>\n\t<meta property=\"og:image:height\" content=\"757\" \/>\n\t<meta property=\"og:image:type\" content=\"image\/jpeg\" \/>\n<meta name=\"author\" content=\"Maks\" \/>\n<meta name=\"twitter:card\" content=\"summary_large_image\" \/>\n<meta name=\"twitter:label1\" content=\"Written by\" \/>\n\t<meta name=\"twitter:data1\" content=\"Maks\" \/>\n\t<meta name=\"twitter:label2\" content=\"Est. reading time\" \/>\n\t<meta name=\"twitter:data2\" content=\"2 minutes\" \/>\n<script type=\"application\/ld+json\" class=\"yoast-schema-graph\">{\"@context\":\"https:\\\/\\\/schema.org\",\"@graph\":[{\"@type\":\"Article\",\"@id\":\"https:\\\/\\\/brezice.eu\\\/festival\\\/hr\\\/aktualna-turisticka-ponuda-za-posjetioce-medunarodnog-djecjeg-pjevackog-festivala-brezice\\\/#article\",\"isPartOf\":{\"@id\":\"https:\\\/\\\/brezice.eu\\\/festival\\\/hr\\\/aktualna-turisticka-ponuda-za-posjetioce-medunarodnog-djecjeg-pjevackog-festivala-brezice\\\/\"},\"author\":{\"name\":\"Maks\",\"@id\":\"https:\\\/\\\/brezice.eu\\\/festival\\\/hr\\\/#\\\/schema\\\/person\\\/3d072c5f979e85b05a4ce581efa89f7f\"},\"headline\":\"Aktualna turisti\u010dka ponuda za posjetioce Me\u0111unarodnog dje\u010djeg pjeva\u010dkog festivala Bre\u017eice\",\"datePublished\":\"2023-08-17T12:56:53+00:00\",\"dateModified\":\"2023-08-17T12:56:54+00:00\",\"mainEntityOfPage\":{\"@id\":\"https:\\\/\\\/brezice.eu\\\/festival\\\/hr\\\/aktualna-turisticka-ponuda-za-posjetioce-medunarodnog-djecjeg-pjevackog-festivala-brezice\\\/\"},\"wordCount\":152,\"commentCount\":0,\"publisher\":{\"@id\":\"https:\\\/\\\/brezice.eu\\\/festival\\\/hr\\\/#organization\"},\"image\":{\"@id\":\"https:\\\/\\\/brezice.eu\\\/festival\\\/hr\\\/aktualna-turisticka-ponuda-za-posjetioce-medunarodnog-djecjeg-pjevackog-festivala-brezice\\\/#primaryimage\"},\"thumbnailUrl\":\"https:\\\/\\\/brezice.eu\\\/festival\\\/wp-content\\\/uploads\\\/2023\\\/08\\\/Brezice-katalog-turisticne-ponudbe-2023.jpg\",\"articleSection\":[\"Najave\"],\"inLanguage\":\"hr-HR\"},{\"@type\":\"WebPage\",\"@id\":\"https:\\\/\\\/brezice.eu\\\/festival\\\/hr\\\/aktualna-turisticka-ponuda-za-posjetioce-medunarodnog-djecjeg-pjevackog-festivala-brezice\\\/\",\"url\":\"https:\\\/\\\/brezice.eu\\\/festival\\\/hr\\\/aktualna-turisticka-ponuda-za-posjetioce-medunarodnog-djecjeg-pjevackog-festivala-brezice\\\/\",\"name\":\"Aktualna turisti\u010dka ponuda za posjetioce Me\u0111unarodnog dje\u010djeg pjeva\u010dkog festivala Bre\u017eice - Mednarodni otro\u0161ki pevski festival Bre\u017eice\",\"isPartOf\":{\"@id\":\"https:\\\/\\\/brezice.eu\\\/festival\\\/hr\\\/#website\"},\"primaryImageOfPage\":{\"@id\":\"https:\\\/\\\/brezice.eu\\\/festival\\\/hr\\\/aktualna-turisticka-ponuda-za-posjetioce-medunarodnog-djecjeg-pjevackog-festivala-brezice\\\/#primaryimage\"},\"image\":{\"@id\":\"https:\\\/\\\/brezice.eu\\\/festival\\\/hr\\\/aktualna-turisticka-ponuda-za-posjetioce-medunarodnog-djecjeg-pjevackog-festivala-brezice\\\/#primaryimage\"},\"thumbnailUrl\":\"https:\\\/\\\/brezice.eu\\\/festival\\\/wp-content\\\/uploads\\\/2023\\\/08\\\/Brezice-katalog-turisticne-ponudbe-2023.jpg\",\"datePublished\":\"2023-08-17T12:56:53+00:00\",\"dateModified\":\"2023-08-17T12:56:54+00:00\",\"breadcrumb\":{\"@id\":\"https:\\\/\\\/brezice.eu\\\/festival\\\/hr\\\/aktualna-turisticka-ponuda-za-posjetioce-medunarodnog-djecjeg-pjevackog-festivala-brezice\\\/#breadcrumb\"},\"inLanguage\":\"hr-HR\",\"potentialAction\":[{\"@type\":\"ReadAction\",\"target\":[\"https:\\\/\\\/brezice.eu\\\/festival\\\/hr\\\/aktualna-turisticka-ponuda-za-posjetioce-medunarodnog-djecjeg-pjevackog-festivala-brezice\\\/\"]}]},{\"@type\":\"ImageObject\",\"inLanguage\":\"hr-HR\",\"@id\":\"https:\\\/\\\/brezice.eu\\\/festival\\\/hr\\\/aktualna-turisticka-ponuda-za-posjetioce-medunarodnog-djecjeg-pjevackog-festivala-brezice\\\/#primaryimage\",\"url\":\"https:\\\/\\\/brezice.eu\\\/festival\\\/wp-content\\\/uploads\\\/2023\\\/08\\\/Brezice-katalog-turisticne-ponudbe-2023.jpg\",\"contentUrl\":\"https:\\\/\\\/brezice.eu\\\/festival\\\/wp-content\\\/uploads\\\/2023\\\/08\\\/Brezice-katalog-turisticne-ponudbe-2023.jpg\",\"width\":1200,\"height\":757},{\"@type\":\"BreadcrumbList\",\"@id\":\"https:\\\/\\\/brezice.eu\\\/festival\\\/hr\\\/aktualna-turisticka-ponuda-za-posjetioce-medunarodnog-djecjeg-pjevackog-festivala-brezice\\\/#breadcrumb\",\"itemListElement\":[{\"@type\":\"ListItem\",\"position\":1,\"name\":\"Home\",\"item\":\"https:\\\/\\\/brezice.eu\\\/festival\\\/hr\\\/\"},{\"@type\":\"ListItem\",\"position\":2,\"name\":\"Aktualna turisti\u010dka ponuda za posjetioce Me\u0111unarodnog dje\u010djeg pjeva\u010dkog festivala Bre\u017eice\"}]},{\"@type\":\"WebSite\",\"@id\":\"https:\\\/\\\/brezice.eu\\\/festival\\\/hr\\\/#website\",\"url\":\"https:\\\/\\\/brezice.eu\\\/festival\\\/hr\\\/\",\"name\":\"Mednarodni otro\u0161ki pevski festival Bre\u017eice\",\"description\":\"Predstavljamo vam najbolj\u0161e mlade evropske pevce od 6 do vklju\u010dno 17 let\",\"publisher\":{\"@id\":\"https:\\\/\\\/brezice.eu\\\/festival\\\/hr\\\/#organization\"},\"potentialAction\":[{\"@type\":\"SearchAction\",\"target\":{\"@type\":\"EntryPoint\",\"urlTemplate\":\"https:\\\/\\\/brezice.eu\\\/festival\\\/hr\\\/?s={search_term_string}\"},\"query-input\":{\"@type\":\"PropertyValueSpecification\",\"valueRequired\":true,\"valueName\":\"search_term_string\"}}],\"inLanguage\":\"hr-HR\"},{\"@type\":\"Organization\",\"@id\":\"https:\\\/\\\/brezice.eu\\\/festival\\\/hr\\\/#organization\",\"name\":\"Mednarodni otro\u0161ki pevski festival Bre\u017eice\",\"url\":\"https:\\\/\\\/brezice.eu\\\/festival\\\/hr\\\/\",\"logo\":{\"@type\":\"ImageObject\",\"inLanguage\":\"hr-HR\",\"@id\":\"https:\\\/\\\/brezice.eu\\\/festival\\\/hr\\\/#\\\/schema\\\/logo\\\/image\\\/\",\"url\":\"https:\\\/\\\/brezice.eu\\\/festival\\\/wp-content\\\/uploads\\\/2020\\\/02\\\/cropped-MOPFBrezice-logo-z-belim-ozadjem-transparent-1.png\",\"contentUrl\":\"https:\\\/\\\/brezice.eu\\\/festival\\\/wp-content\\\/uploads\\\/2020\\\/02\\\/cropped-MOPFBrezice-logo-z-belim-ozadjem-transparent-1.png\",\"width\":990,\"height\":250,\"caption\":\"Mednarodni otro\u0161ki pevski festival Bre\u017eice\"},\"image\":{\"@id\":\"https:\\\/\\\/brezice.eu\\\/festival\\\/hr\\\/#\\\/schema\\\/logo\\\/image\\\/\"}},{\"@type\":\"Person\",\"@id\":\"https:\\\/\\\/brezice.eu\\\/festival\\\/hr\\\/#\\\/schema\\\/person\\\/3d072c5f979e85b05a4ce581efa89f7f\",\"name\":\"Maks\",\"image\":{\"@type\":\"ImageObject\",\"inLanguage\":\"hr-HR\",\"@id\":\"https:\\\/\\\/secure.gravatar.com\\\/avatar\\\/0a63dd2b7395063206299376ba60cf09eb4aa0142b18376a136d022186d600a6?s=96&d=mm&r=g\",\"url\":\"https:\\\/\\\/secure.gravatar.com\\\/avatar\\\/0a63dd2b7395063206299376ba60cf09eb4aa0142b18376a136d022186d600a6?s=96&d=mm&r=g\",\"contentUrl\":\"https:\\\/\\\/secure.gravatar.com\\\/avatar\\\/0a63dd2b7395063206299376ba60cf09eb4aa0142b18376a136d022186d600a6?s=96&d=mm&r=g\",\"caption\":\"Maks\"},\"url\":\"https:\\\/\\\/brezice.eu\\\/festival\\\/hr\\\/author\\\/maks\\\/\"}]}<\/script>\n<!-- \/ Yoast SEO plugin. -->","yoast_head_json":{"title":"Aktualna turisti\u010dka ponuda za posjetioce Me\u0111unarodnog dje\u010djeg pjeva\u010dkog festivala Bre\u017eice - Mednarodni otro\u0161ki pevski festival Bre\u017eice","robots":{"index":"index","follow":"follow","max-snippet":"max-snippet:-1","max-image-preview":"max-image-preview:large","max-video-preview":"max-video-preview:-1"},"canonical":"https:\/\/brezice.eu\/festival\/hr\/aktualna-turisticka-ponuda-za-posjetioce-medunarodnog-djecjeg-pjevackog-festivala-brezice\/","og_locale":"hr_HR","og_type":"article","og_title":"Aktualna turisti\u010dka ponuda za posjetioce Me\u0111unarodnog dje\u010djeg pjeva\u010dkog festivala Bre\u017eice - Mednarodni otro\u0161ki pevski festival Bre\u017eice","og_description":"Poletna ponudbaBanova doma\u010dijaJavni vodeni ogledi in delavniceVsak petek od 18.00 do 20.00 ure in vsako soboto od 9.00 do 12.00 ureCENA Brezpla\u010dnoLOKACIJA Arti\u010de 16, Arti\u010deREZERVACIJA Ni potrebna Vodovodni stolp Bre\u017eice Vodeni oglediOd ponedeljka do sobote od 10.00 do 20.00, nedelja in prazniki od 14.00 do 20.00CENA odrasli 10 \u20ac, otroci in upokojenci 7 \u20ac, dru\u017eine &hellip; Continue reading \"Aktualna turisti\u010dka ponuda za posjetioce Me\u0111unarodnog dje\u010djeg pjeva\u010dkog festivala Bre\u017eice\"","og_url":"https:\/\/brezice.eu\/festival\/hr\/aktualna-turisticka-ponuda-za-posjetioce-medunarodnog-djecjeg-pjevackog-festivala-brezice\/","og_site_name":"Mednarodni otro\u0161ki pevski festival Bre\u017eice","article_published_time":"2023-08-17T12:56:53+00:00","article_modified_time":"2023-08-17T12:56:54+00:00","og_image":[{"width":1200,"height":757,"url":"https:\/\/brezice.eu\/festival\/wp-content\/uploads\/2023\/08\/Brezice-katalog-turisticne-ponudbe-2023.jpg","type":"image\/jpeg"}],"author":"Maks","twitter_card":"summary_large_image","twitter_misc":{"Written by":"Maks","Est. reading time":"2 minutes"},"schema":{"@context":"https:\/\/schema.org","@graph":[{"@type":"Article","@id":"https:\/\/brezice.eu\/festival\/hr\/aktualna-turisticka-ponuda-za-posjetioce-medunarodnog-djecjeg-pjevackog-festivala-brezice\/#article","isPartOf":{"@id":"https:\/\/brezice.eu\/festival\/hr\/aktualna-turisticka-ponuda-za-posjetioce-medunarodnog-djecjeg-pjevackog-festivala-brezice\/"},"author":{"name":"Maks","@id":"https:\/\/brezice.eu\/festival\/hr\/#\/schema\/person\/3d072c5f979e85b05a4ce581efa89f7f"},"headline":"Aktualna turisti\u010dka ponuda za posjetioce Me\u0111unarodnog dje\u010djeg pjeva\u010dkog festivala Bre\u017eice","datePublished":"2023-08-17T12:56:53+00:00","dateModified":"2023-08-17T12:56:54+00:00","mainEntityOfPage":{"@id":"https:\/\/brezice.eu\/festival\/hr\/aktualna-turisticka-ponuda-za-posjetioce-medunarodnog-djecjeg-pjevackog-festivala-brezice\/"},"wordCount":152,"commentCount":0,"publisher":{"@id":"https:\/\/brezice.eu\/festival\/hr\/#organization"},"image":{"@id":"https:\/\/brezice.eu\/festival\/hr\/aktualna-turisticka-ponuda-za-posjetioce-medunarodnog-djecjeg-pjevackog-festivala-brezice\/#primaryimage"},"thumbnailUrl":"https:\/\/brezice.eu\/festival\/wp-content\/uploads\/2023\/08\/Brezice-katalog-turisticne-ponudbe-2023.jpg","articleSection":["Najave"],"inLanguage":"hr-HR"},{"@type":"WebPage","@id":"https:\/\/brezice.eu\/festival\/hr\/aktualna-turisticka-ponuda-za-posjetioce-medunarodnog-djecjeg-pjevackog-festivala-brezice\/","url":"https:\/\/brezice.eu\/festival\/hr\/aktualna-turisticka-ponuda-za-posjetioce-medunarodnog-djecjeg-pjevackog-festivala-brezice\/","name":"Aktualna turisti\u010dka ponuda za posjetioce Me\u0111unarodnog dje\u010djeg pjeva\u010dkog festivala Bre\u017eice - Mednarodni otro\u0161ki pevski festival Bre\u017eice","isPartOf":{"@id":"https:\/\/brezice.eu\/festival\/hr\/#website"},"primaryImageOfPage":{"@id":"https:\/\/brezice.eu\/festival\/hr\/aktualna-turisticka-ponuda-za-posjetioce-medunarodnog-djecjeg-pjevackog-festivala-brezice\/#primaryimage"},"image":{"@id":"https:\/\/brezice.eu\/festival\/hr\/aktualna-turisticka-ponuda-za-posjetioce-medunarodnog-djecjeg-pjevackog-festivala-brezice\/#primaryimage"},"thumbnailUrl":"https:\/\/brezice.eu\/festival\/wp-content\/uploads\/2023\/08\/Brezice-katalog-turisticne-ponudbe-2023.jpg","datePublished":"2023-08-17T12:56:53+00:00","dateModified":"2023-08-17T12:56:54+00:00","breadcrumb":{"@id":"https:\/\/brezice.eu\/festival\/hr\/aktualna-turisticka-ponuda-za-posjetioce-medunarodnog-djecjeg-pjevackog-festivala-brezice\/#breadcrumb"},"inLanguage":"hr-HR","potentialAction":[{"@type":"ReadAction","target":["https:\/\/brezice.eu\/festival\/hr\/aktualna-turisticka-ponuda-za-posjetioce-medunarodnog-djecjeg-pjevackog-festivala-brezice\/"]}]},{"@type":"ImageObject","inLanguage":"hr-HR","@id":"https:\/\/brezice.eu\/festival\/hr\/aktualna-turisticka-ponuda-za-posjetioce-medunarodnog-djecjeg-pjevackog-festivala-brezice\/#primaryimage","url":"https:\/\/brezice.eu\/festival\/wp-content\/uploads\/2023\/08\/Brezice-katalog-turisticne-ponudbe-2023.jpg","contentUrl":"https:\/\/brezice.eu\/festival\/wp-content\/uploads\/2023\/08\/Brezice-katalog-turisticne-ponudbe-2023.jpg","width":1200,"height":757},{"@type":"BreadcrumbList","@id":"https:\/\/brezice.eu\/festival\/hr\/aktualna-turisticka-ponuda-za-posjetioce-medunarodnog-djecjeg-pjevackog-festivala-brezice\/#breadcrumb","itemListElement":[{"@type":"ListItem","position":1,"name":"Home","item":"https:\/\/brezice.eu\/festival\/hr\/"},{"@type":"ListItem","position":2,"name":"Aktualna turisti\u010dka ponuda za posjetioce Me\u0111unarodnog dje\u010djeg pjeva\u010dkog festivala Bre\u017eice"}]},{"@type":"WebSite","@id":"https:\/\/brezice.eu\/festival\/hr\/#website","url":"https:\/\/brezice.eu\/festival\/hr\/","name":"Mednarodni otro\u0161ki pevski festival Bre\u017eice","description":"Predstavljamo vam najbolj\u0161e mlade evropske pevce od 6 do vklju\u010dno 17 let","publisher":{"@id":"https:\/\/brezice.eu\/festival\/hr\/#organization"},"potentialAction":[{"@type":"SearchAction","target":{"@type":"EntryPoint","urlTemplate":"https:\/\/brezice.eu\/festival\/hr\/?s={search_term_string}"},"query-input":{"@type":"PropertyValueSpecification","valueRequired":true,"valueName":"search_term_string"}}],"inLanguage":"hr-HR"},{"@type":"Organization","@id":"https:\/\/brezice.eu\/festival\/hr\/#organization","name":"Mednarodni otro\u0161ki pevski festival Bre\u017eice","url":"https:\/\/brezice.eu\/festival\/hr\/","logo":{"@type":"ImageObject","inLanguage":"hr-HR","@id":"https:\/\/brezice.eu\/festival\/hr\/#\/schema\/logo\/image\/","url":"https:\/\/brezice.eu\/festival\/wp-content\/uploads\/2020\/02\/cropped-MOPFBrezice-logo-z-belim-ozadjem-transparent-1.png","contentUrl":"https:\/\/brezice.eu\/festival\/wp-content\/uploads\/2020\/02\/cropped-MOPFBrezice-logo-z-belim-ozadjem-transparent-1.png","width":990,"height":250,"caption":"Mednarodni otro\u0161ki pevski festival Bre\u017eice"},"image":{"@id":"https:\/\/brezice.eu\/festival\/hr\/#\/schema\/logo\/image\/"}},{"@type":"Person","@id":"https:\/\/brezice.eu\/festival\/hr\/#\/schema\/person\/3d072c5f979e85b05a4ce581efa89f7f","name":"Maks","image":{"@type":"ImageObject","inLanguage":"hr-HR","@id":"https:\/\/secure.gravatar.com\/avatar\/0a63dd2b7395063206299376ba60cf09eb4aa0142b18376a136d022186d600a6?s=96&d=mm&r=g","url":"https:\/\/secure.gravatar.com\/avatar\/0a63dd2b7395063206299376ba60cf09eb4aa0142b18376a136d022186d600a6?s=96&d=mm&r=g","contentUrl":"https:\/\/secure.gravatar.com\/avatar\/0a63dd2b7395063206299376ba60cf09eb4aa0142b18376a136d022186d600a6?s=96&d=mm&r=g","caption":"Maks"},"url":"https:\/\/brezice.eu\/festival\/hr\/author\/maks\/"}]}},"rttpg_featured_image_url":{"full":["https:\/\/brezice.eu\/festival\/wp-content\/uploads\/2023\/08\/Brezice-katalog-turisticne-ponudbe-2023.jpg",1200,757,false],"landscape":["https:\/\/brezice.eu\/festival\/wp-content\/uploads\/2023\/08\/Brezice-katalog-turisticne-ponudbe-2023.jpg",1200,757,false],"portraits":["https:\/\/brezice.eu\/festival\/wp-content\/uploads\/2023\/08\/Brezice-katalog-turisticne-ponudbe-2023.jpg",1200,757,false],"thumbnail":["https:\/\/brezice.eu\/festival\/wp-content\/uploads\/2023\/08\/Brezice-katalog-turisticne-ponudbe-2023-150x150.jpg",150,150,true],"medium":["https:\/\/brezice.eu\/festival\/wp-content\/uploads\/2023\/08\/Brezice-katalog-turisticne-ponudbe-2023-300x189.jpg",300,189,true],"large":["https:\/\/brezice.eu\/festival\/wp-content\/uploads\/2023\/08\/Brezice-katalog-turisticne-ponudbe-2023-1024x646.jpg",525,331,true],"1536x1536":["https:\/\/brezice.eu\/festival\/wp-content\/uploads\/2023\/08\/Brezice-katalog-turisticne-ponudbe-2023.jpg",1200,757,false],"2048x2048":["https:\/\/brezice.eu\/festival\/wp-content\/uploads\/2023\/08\/Brezice-katalog-turisticne-ponudbe-2023.jpg",1200,757,false],"twentyseventeen-featured-image":["https:\/\/brezice.eu\/festival\/wp-content\/uploads\/2023\/08\/Brezice-katalog-turisticne-ponudbe-2023.jpg",1200,757,false],"twentyseventeen-thumbnail-avatar":["https:\/\/brezice.eu\/festival\/wp-content\/uploads\/2023\/08\/Brezice-katalog-turisticne-ponudbe-2023-100x100.jpg",100,100,true]},"rttpg_author":{"display_name":"Maks","author_link":"https:\/\/brezice.eu\/festival\/hr\/author\/maks\/"},"rttpg_comment":0,"rttpg_category":"<a href=\"https:\/\/brezice.eu\/festival\/hr\/category\/najave\/\" rel=\"category tag\">Najave<\/a>","rttpg_excerpt":"Poletna ponudbaBanova doma\u010dijaJavni vodeni ogledi in delavniceVsak petek od 18.00 do 20.00 ure in vsako soboto od 9.00 do 12.00 ureCENA Brezpla\u010dnoLOKACIJA Arti\u010de 16, Arti\u010deREZERVACIJA Ni potrebna Vodovodni stolp Bre\u017eice Vodeni oglediOd ponedeljka do sobote od 10.00 do 20.00, nedelja in prazniki od 14.00 do 20.00CENA odrasli 10 \u20ac, otroci in upokojenci 7 \u20ac, dru\u017eine&hellip;","_links":{"self":[{"href":"https:\/\/brezice.eu\/festival\/hr\/wp-json\/wp\/v2\/posts\/2230","targetHints":{"allow":["GET"]}}],"collection":[{"href":"https:\/\/brezice.eu\/festival\/hr\/wp-json\/wp\/v2\/posts"}],"about":[{"href":"https:\/\/brezice.eu\/festival\/hr\/wp-json\/wp\/v2\/types\/post"}],"author":[{"embeddable":true,"href":"https:\/\/brezice.eu\/festival\/hr\/wp-json\/wp\/v2\/users\/1"}],"replies":[{"embeddable":true,"href":"https:\/\/brezice.eu\/festival\/hr\/wp-json\/wp\/v2\/comments?post=2230"}],"version-history":[{"count":1,"href":"https:\/\/brezice.eu\/festival\/hr\/wp-json\/wp\/v2\/posts\/2230\/revisions"}],"predecessor-version":[{"id":2231,"href":"https:\/\/brezice.eu\/festival\/hr\/wp-json\/wp\/v2\/posts\/2230\/revisions\/2231"}],"wp:featuredmedia":[{"embeddable":true,"href":"https:\/\/brezice.eu\/festival\/hr\/wp-json\/wp\/v2\/media\/2212"}],"wp:attachment":[{"href":"https:\/\/brezice.eu\/festival\/hr\/wp-json\/wp\/v2\/media?parent=2230"}],"wp:term":[{"taxonomy":"category","embeddable":true,"href":"https:\/\/brezice.eu\/festival\/hr\/wp-json\/wp\/v2\/categories?post=2230"},{"taxonomy":"post_tag","embeddable":true,"href":"https:\/\/brezice.eu\/festival\/hr\/wp-json\/wp\/v2\/tags?post=2230"}],"curies":[{"name":"wp","href":"https:\/\/api.w.org\/{rel}","templated":true}]}}