{"id":2185,"date":"2023-07-22T14:41:37","date_gmt":"2023-07-22T12:41:37","guid":{"rendered":"https:\/\/brezice.eu\/festival\/?p=2185"},"modified":"2023-07-22T14:54:17","modified_gmt":"2023-07-22T12:54:17","slug":"medunarodni-djecji-pjevacki-festival-brezice-2023","status":"publish","type":"post","link":"https:\/\/brezice.eu\/festival\/hr\/medunarodni-djecji-pjevacki-festival-brezice-2023\/","title":{"rendered":"Me\u0111unarodni dje\u010dji pjeva\u010dki festival Bre\u017eice 2023"},"content":{"rendered":"\n<p>Ovogodi\u0161nji 7. Me\u0111unarodni dje\u010dji pjeva\u010dki festival Bre\u017eice, ovoga \u0107e puta ugostiti 55 mladih, talentiranih pjeva\u010da od 5 do 17 godina, raspore\u0111enih u tri dobne skupine. Stru\u010dni \u017eiri imao je vrlo te\u017eak zadatak. Od 136 prijavljenih pjeva\u010da, na audicijama u Sloveniji, Hrvatskoj i online, trebalo je odabrati 55 najboljih. Odabrani pjeva\u010di dolaze iz Slovenije, Hrvatske, Bosne i Hercegovine, Srbije, Moldavije, Slova\u010dke i Malte.<\/p>\n\n\n\n<figure class=\"wp-block-image size-large\"><a href=\"https:\/\/brezice.eu\/festival\/wp-content\/uploads\/2023\/07\/MOPF-Brezice-2023-plakat-145x100-1.jpg\"><img loading=\"lazy\" decoding=\"async\" width=\"1024\" height=\"706\" src=\"https:\/\/brezice.eu\/festival\/wp-content\/uploads\/2023\/07\/MOPF-Brezice-2023-plakat-145x100-1-1024x706.jpg\" alt=\"\" class=\"wp-image-2165\" srcset=\"https:\/\/brezice.eu\/festival\/wp-content\/uploads\/2023\/07\/MOPF-Brezice-2023-plakat-145x100-1-1024x706.jpg 1024w, https:\/\/brezice.eu\/festival\/wp-content\/uploads\/2023\/07\/MOPF-Brezice-2023-plakat-145x100-1-300x207.jpg 300w, https:\/\/brezice.eu\/festival\/wp-content\/uploads\/2023\/07\/MOPF-Brezice-2023-plakat-145x100-1-768x529.jpg 768w, https:\/\/brezice.eu\/festival\/wp-content\/uploads\/2023\/07\/MOPF-Brezice-2023-plakat-145x100-1.jpg 1200w\" sizes=\"auto, (max-width: 767px) 89vw, (max-width: 1000px) 54vw, (max-width: 1071px) 543px, 580px\" \/><\/a><\/figure>\n\n\n\n<p><br>Sedmu godinu uspje\u0161nog djelovanja Me\u0111unarodnog dje\u010djeg pjeva\u010dkog festivala \u201eBre\u017eice\u201c pa\u017eljivo prati i Svjetska udruga scenskih umjetnosti (WAPA \u2013 World Association of Performing Arts), koja \u0107e nas i ove godine po\u010dastiti svojim gostovanjem i sudjelovanjem u stru\u010dnom \u017eiriju finalne ve\u010deri, kao po\u010dasni \u010dlanovi me\u0111unarodnog \u017eirija:<\/p>\n\n\n\n<p>Armando Gukasyan Predsjednik WAPA (President of the World Association of Performing Arts &#8211; WAPA) i Evelina Batey Predsjednica WAPA Europe (President of the World Association of Performing Arts &#8211; WAPA Europe)<\/p>\n\n\n\n<figure class=\"wp-block-gallery has-nested-images columns-default is-cropped wp-block-gallery-1 is-layout-flex wp-block-gallery-is-layout-flex\">\n<figure class=\"wp-block-image size-large is-style-default\"><a href=\"https:\/\/brezice.eu\/festival\/wp-content\/uploads\/2023\/07\/Evelina_Batey.jpg\"><img loading=\"lazy\" decoding=\"async\" width=\"1000\" height=\"1000\" data-id=\"2168\" src=\"https:\/\/brezice.eu\/festival\/wp-content\/uploads\/2023\/07\/Evelina_Batey.jpg\" alt=\"Evelina Batey\" class=\"wp-image-2168\" srcset=\"https:\/\/brezice.eu\/festival\/wp-content\/uploads\/2023\/07\/Evelina_Batey.jpg 1000w, https:\/\/brezice.eu\/festival\/wp-content\/uploads\/2023\/07\/Evelina_Batey-300x300.jpg 300w, https:\/\/brezice.eu\/festival\/wp-content\/uploads\/2023\/07\/Evelina_Batey-150x150.jpg 150w, https:\/\/brezice.eu\/festival\/wp-content\/uploads\/2023\/07\/Evelina_Batey-768x768.jpg 768w, https:\/\/brezice.eu\/festival\/wp-content\/uploads\/2023\/07\/Evelina_Batey-100x100.jpg 100w\" sizes=\"auto, (max-width: 767px) 89vw, (max-width: 1000px) 54vw, (max-width: 1071px) 543px, 580px\" \/><\/a><figcaption class=\"wp-element-caption\">Evelina Batey &#8211; President WAPA EU<\/figcaption><\/figure>\n\n\n\n<figure class=\"wp-block-image size-large is-style-default\"><a href=\"https:\/\/brezice.eu\/festival\/wp-content\/uploads\/2023\/07\/Armando_Gukasyan.jpg\"><img loading=\"lazy\" decoding=\"async\" width=\"1000\" height=\"1000\" data-id=\"2171\" src=\"https:\/\/brezice.eu\/festival\/wp-content\/uploads\/2023\/07\/Armando_Gukasyan.jpg\" alt=\"Armando Gukasyan\" class=\"wp-image-2171\" srcset=\"https:\/\/brezice.eu\/festival\/wp-content\/uploads\/2023\/07\/Armando_Gukasyan.jpg 1000w, https:\/\/brezice.eu\/festival\/wp-content\/uploads\/2023\/07\/Armando_Gukasyan-300x300.jpg 300w, https:\/\/brezice.eu\/festival\/wp-content\/uploads\/2023\/07\/Armando_Gukasyan-150x150.jpg 150w, https:\/\/brezice.eu\/festival\/wp-content\/uploads\/2023\/07\/Armando_Gukasyan-768x768.jpg 768w, https:\/\/brezice.eu\/festival\/wp-content\/uploads\/2023\/07\/Armando_Gukasyan-100x100.jpg 100w\" sizes=\"auto, (max-width: 767px) 89vw, (max-width: 1000px) 54vw, (max-width: 1071px) 543px, 580px\" \/><\/a><figcaption class=\"wp-element-caption\">Armando Gukasyan &#8211; President WAPA<\/figcaption><\/figure>\n<\/figure>\n\n\n\n<p><\/p>\n\n\n\n<p>Ina\u010de, \u010dlanovi stru\u010dnog \u017eirija u finalnoj ve\u010deri 27. kolovoza su : Jo\u017eica Zupan\u010di\u010d (profesorica klarineta u Glazbenoj \u0161koli Bre\u017eice), Alen Jelu\u0161i\u0107 (Glazbeno-plesni studio Ritam Klanjec, producent) i Dejan Stojanov (glazbenik i pjeva\u010d iz Makedonije). U polufinalnim ve\u010derima 25. i 26. kolovoza stru\u010dni \u017eiri sa\u010dinjavat \u0107e Jo\u017eica Zupan\u010di\u010d, Alen Jelu\u0161i\u0107 i Dubravka Jelu\u0161i\u0107.<\/p>\n\n\n\n<p><\/p>\n","protected":false},"excerpt":{"rendered":"<p>Ovogodi\u0161nji 7. Me\u0111unarodni dje\u010dji pjeva\u010dki festival Bre\u017eice, ovoga \u0107e puta ugostiti 55 mladih, talentiranih pjeva\u010da od 5 do 17 godina, raspore\u0111enih u tri dobne skupine. Stru\u010dni \u017eiri imao je vrlo te\u017eak zadatak. Od 136 prijavljenih pjeva\u010da, na audicijama u Sloveniji, Hrvatskoj i online, trebalo je odabrati 55 najboljih. Odabrani pjeva\u010di dolaze iz Slovenije, Hrvatske, Bosne &hellip; <\/p>\n<p class=\"link-more\"><a href=\"https:\/\/brezice.eu\/festival\/hr\/medunarodni-djecji-pjevacki-festival-brezice-2023\/\" class=\"more-link\">Continue reading<span class=\"screen-reader-text\"> &#8220;Me\u0111unarodni dje\u010dji pjeva\u010dki festival Bre\u017eice 2023&#8221;<\/span><\/a><\/p>\n","protected":false},"author":1,"featured_media":2200,"comment_status":"open","ping_status":"open","sticky":false,"template":"","format":"standard","meta":{"footnotes":""},"categories":[3],"tags":[],"class_list":["post-2185","post","type-post","status-publish","format-standard","has-post-thumbnail","hentry","category-najave"],"yoast_head":"<!-- This site is optimized with the Yoast SEO plugin v27.5 - https:\/\/yoast.com\/product\/yoast-seo-wordpress\/ -->\n<title>Me\u0111unarodni dje\u010dji pjeva\u010dki festival Bre\u017eice 2023 - Mednarodni otro\u0161ki pevski festival Bre\u017eice<\/title>\n<meta name=\"robots\" content=\"index, follow, max-snippet:-1, max-image-preview:large, max-video-preview:-1\" \/>\n<link rel=\"canonical\" href=\"https:\/\/brezice.eu\/festival\/hr\/medunarodni-djecji-pjevacki-festival-brezice-2023\/\" \/>\n<meta property=\"og:locale\" content=\"hr_HR\" \/>\n<meta property=\"og:type\" content=\"article\" \/>\n<meta property=\"og:title\" content=\"Me\u0111unarodni dje\u010dji pjeva\u010dki festival Bre\u017eice 2023 - Mednarodni otro\u0161ki pevski festival Bre\u017eice\" \/>\n<meta property=\"og:description\" content=\"Ovogodi\u0161nji 7. Me\u0111unarodni dje\u010dji pjeva\u010dki festival Bre\u017eice, ovoga \u0107e puta ugostiti 55 mladih, talentiranih pjeva\u010da od 5 do 17 godina, raspore\u0111enih u tri dobne skupine. Stru\u010dni \u017eiri imao je vrlo te\u017eak zadatak. Od 136 prijavljenih pjeva\u010da, na audicijama u Sloveniji, Hrvatskoj i online, trebalo je odabrati 55 najboljih. Odabrani pjeva\u010di dolaze iz Slovenije, Hrvatske, Bosne &hellip; Continue reading &quot;Me\u0111unarodni dje\u010dji pjeva\u010dki festival Bre\u017eice 2023&quot;\" \/>\n<meta property=\"og:url\" content=\"https:\/\/brezice.eu\/festival\/hr\/medunarodni-djecji-pjevacki-festival-brezice-2023\/\" \/>\n<meta property=\"og:site_name\" content=\"Mednarodni otro\u0161ki pevski festival Bre\u017eice\" \/>\n<meta property=\"article:published_time\" content=\"2023-07-22T12:41:37+00:00\" \/>\n<meta property=\"article:modified_time\" content=\"2023-07-22T12:54:17+00:00\" \/>\n<meta property=\"og:image\" content=\"https:\/\/brezice.eu\/festival\/wp-content\/uploads\/2023\/08\/mednarodni-otroski-pevski-festival-brezice-2023-1.jpg\" \/>\n\t<meta property=\"og:image:width\" content=\"1200\" \/>\n\t<meta property=\"og:image:height\" content=\"877\" \/>\n\t<meta property=\"og:image:type\" content=\"image\/jpeg\" \/>\n<meta name=\"author\" content=\"Maks\" \/>\n<meta name=\"twitter:card\" content=\"summary_large_image\" \/>\n<meta name=\"twitter:label1\" content=\"Written by\" \/>\n\t<meta name=\"twitter:data1\" content=\"Maks\" \/>\n\t<meta name=\"twitter:label2\" content=\"Est. reading time\" \/>\n\t<meta name=\"twitter:data2\" content=\"2 minutes\" \/>\n<script type=\"application\/ld+json\" class=\"yoast-schema-graph\">{\"@context\":\"https:\\\/\\\/schema.org\",\"@graph\":[{\"@type\":\"Article\",\"@id\":\"https:\\\/\\\/brezice.eu\\\/festival\\\/hr\\\/medunarodni-djecji-pjevacki-festival-brezice-2023\\\/#article\",\"isPartOf\":{\"@id\":\"https:\\\/\\\/brezice.eu\\\/festival\\\/hr\\\/medunarodni-djecji-pjevacki-festival-brezice-2023\\\/\"},\"author\":{\"name\":\"Maks\",\"@id\":\"https:\\\/\\\/brezice.eu\\\/festival\\\/hr\\\/#\\\/schema\\\/person\\\/3d072c5f979e85b05a4ce581efa89f7f\"},\"headline\":\"Me\u0111unarodni dje\u010dji pjeva\u010dki festival Bre\u017eice 2023\",\"datePublished\":\"2023-07-22T12:41:37+00:00\",\"dateModified\":\"2023-07-22T12:54:17+00:00\",\"mainEntityOfPage\":{\"@id\":\"https:\\\/\\\/brezice.eu\\\/festival\\\/hr\\\/medunarodni-djecji-pjevacki-festival-brezice-2023\\\/\"},\"wordCount\":235,\"commentCount\":0,\"publisher\":{\"@id\":\"https:\\\/\\\/brezice.eu\\\/festival\\\/hr\\\/#organization\"},\"image\":{\"@id\":\"https:\\\/\\\/brezice.eu\\\/festival\\\/hr\\\/medunarodni-djecji-pjevacki-festival-brezice-2023\\\/#primaryimage\"},\"thumbnailUrl\":\"https:\\\/\\\/brezice.eu\\\/festival\\\/wp-content\\\/uploads\\\/2023\\\/08\\\/mednarodni-otroski-pevski-festival-brezice-2023-1.jpg\",\"articleSection\":[\"Najave\"],\"inLanguage\":\"hr-HR\"},{\"@type\":\"WebPage\",\"@id\":\"https:\\\/\\\/brezice.eu\\\/festival\\\/hr\\\/medunarodni-djecji-pjevacki-festival-brezice-2023\\\/\",\"url\":\"https:\\\/\\\/brezice.eu\\\/festival\\\/hr\\\/medunarodni-djecji-pjevacki-festival-brezice-2023\\\/\",\"name\":\"Me\u0111unarodni dje\u010dji pjeva\u010dki festival Bre\u017eice 2023 - Mednarodni otro\u0161ki pevski festival Bre\u017eice\",\"isPartOf\":{\"@id\":\"https:\\\/\\\/brezice.eu\\\/festival\\\/hr\\\/#website\"},\"primaryImageOfPage\":{\"@id\":\"https:\\\/\\\/brezice.eu\\\/festival\\\/hr\\\/medunarodni-djecji-pjevacki-festival-brezice-2023\\\/#primaryimage\"},\"image\":{\"@id\":\"https:\\\/\\\/brezice.eu\\\/festival\\\/hr\\\/medunarodni-djecji-pjevacki-festival-brezice-2023\\\/#primaryimage\"},\"thumbnailUrl\":\"https:\\\/\\\/brezice.eu\\\/festival\\\/wp-content\\\/uploads\\\/2023\\\/08\\\/mednarodni-otroski-pevski-festival-brezice-2023-1.jpg\",\"datePublished\":\"2023-07-22T12:41:37+00:00\",\"dateModified\":\"2023-07-22T12:54:17+00:00\",\"breadcrumb\":{\"@id\":\"https:\\\/\\\/brezice.eu\\\/festival\\\/hr\\\/medunarodni-djecji-pjevacki-festival-brezice-2023\\\/#breadcrumb\"},\"inLanguage\":\"hr-HR\",\"potentialAction\":[{\"@type\":\"ReadAction\",\"target\":[\"https:\\\/\\\/brezice.eu\\\/festival\\\/hr\\\/medunarodni-djecji-pjevacki-festival-brezice-2023\\\/\"]}]},{\"@type\":\"ImageObject\",\"inLanguage\":\"hr-HR\",\"@id\":\"https:\\\/\\\/brezice.eu\\\/festival\\\/hr\\\/medunarodni-djecji-pjevacki-festival-brezice-2023\\\/#primaryimage\",\"url\":\"https:\\\/\\\/brezice.eu\\\/festival\\\/wp-content\\\/uploads\\\/2023\\\/08\\\/mednarodni-otroski-pevski-festival-brezice-2023-1.jpg\",\"contentUrl\":\"https:\\\/\\\/brezice.eu\\\/festival\\\/wp-content\\\/uploads\\\/2023\\\/08\\\/mednarodni-otroski-pevski-festival-brezice-2023-1.jpg\",\"width\":1200,\"height\":877},{\"@type\":\"BreadcrumbList\",\"@id\":\"https:\\\/\\\/brezice.eu\\\/festival\\\/hr\\\/medunarodni-djecji-pjevacki-festival-brezice-2023\\\/#breadcrumb\",\"itemListElement\":[{\"@type\":\"ListItem\",\"position\":1,\"name\":\"Home\",\"item\":\"https:\\\/\\\/brezice.eu\\\/festival\\\/hr\\\/\"},{\"@type\":\"ListItem\",\"position\":2,\"name\":\"Me\u0111unarodni dje\u010dji pjeva\u010dki festival Bre\u017eice 2023\"}]},{\"@type\":\"WebSite\",\"@id\":\"https:\\\/\\\/brezice.eu\\\/festival\\\/hr\\\/#website\",\"url\":\"https:\\\/\\\/brezice.eu\\\/festival\\\/hr\\\/\",\"name\":\"Mednarodni otro\u0161ki pevski festival Bre\u017eice\",\"description\":\"Predstavljamo vam najbolj\u0161e mlade evropske pevce od 6 do vklju\u010dno 17 let\",\"publisher\":{\"@id\":\"https:\\\/\\\/brezice.eu\\\/festival\\\/hr\\\/#organization\"},\"potentialAction\":[{\"@type\":\"SearchAction\",\"target\":{\"@type\":\"EntryPoint\",\"urlTemplate\":\"https:\\\/\\\/brezice.eu\\\/festival\\\/hr\\\/?s={search_term_string}\"},\"query-input\":{\"@type\":\"PropertyValueSpecification\",\"valueRequired\":true,\"valueName\":\"search_term_string\"}}],\"inLanguage\":\"hr-HR\"},{\"@type\":\"Organization\",\"@id\":\"https:\\\/\\\/brezice.eu\\\/festival\\\/hr\\\/#organization\",\"name\":\"Mednarodni otro\u0161ki pevski festival Bre\u017eice\",\"url\":\"https:\\\/\\\/brezice.eu\\\/festival\\\/hr\\\/\",\"logo\":{\"@type\":\"ImageObject\",\"inLanguage\":\"hr-HR\",\"@id\":\"https:\\\/\\\/brezice.eu\\\/festival\\\/hr\\\/#\\\/schema\\\/logo\\\/image\\\/\",\"url\":\"https:\\\/\\\/brezice.eu\\\/festival\\\/wp-content\\\/uploads\\\/2020\\\/02\\\/cropped-MOPFBrezice-logo-z-belim-ozadjem-transparent-1.png\",\"contentUrl\":\"https:\\\/\\\/brezice.eu\\\/festival\\\/wp-content\\\/uploads\\\/2020\\\/02\\\/cropped-MOPFBrezice-logo-z-belim-ozadjem-transparent-1.png\",\"width\":990,\"height\":250,\"caption\":\"Mednarodni otro\u0161ki pevski festival Bre\u017eice\"},\"image\":{\"@id\":\"https:\\\/\\\/brezice.eu\\\/festival\\\/hr\\\/#\\\/schema\\\/logo\\\/image\\\/\"}},{\"@type\":\"Person\",\"@id\":\"https:\\\/\\\/brezice.eu\\\/festival\\\/hr\\\/#\\\/schema\\\/person\\\/3d072c5f979e85b05a4ce581efa89f7f\",\"name\":\"Maks\",\"image\":{\"@type\":\"ImageObject\",\"inLanguage\":\"hr-HR\",\"@id\":\"https:\\\/\\\/secure.gravatar.com\\\/avatar\\\/0a63dd2b7395063206299376ba60cf09eb4aa0142b18376a136d022186d600a6?s=96&d=mm&r=g\",\"url\":\"https:\\\/\\\/secure.gravatar.com\\\/avatar\\\/0a63dd2b7395063206299376ba60cf09eb4aa0142b18376a136d022186d600a6?s=96&d=mm&r=g\",\"contentUrl\":\"https:\\\/\\\/secure.gravatar.com\\\/avatar\\\/0a63dd2b7395063206299376ba60cf09eb4aa0142b18376a136d022186d600a6?s=96&d=mm&r=g\",\"caption\":\"Maks\"},\"url\":\"https:\\\/\\\/brezice.eu\\\/festival\\\/hr\\\/author\\\/maks\\\/\"}]}<\/script>\n<!-- \/ Yoast SEO plugin. -->","yoast_head_json":{"title":"Me\u0111unarodni dje\u010dji pjeva\u010dki festival Bre\u017eice 2023 - Mednarodni otro\u0161ki pevski festival Bre\u017eice","robots":{"index":"index","follow":"follow","max-snippet":"max-snippet:-1","max-image-preview":"max-image-preview:large","max-video-preview":"max-video-preview:-1"},"canonical":"https:\/\/brezice.eu\/festival\/hr\/medunarodni-djecji-pjevacki-festival-brezice-2023\/","og_locale":"hr_HR","og_type":"article","og_title":"Me\u0111unarodni dje\u010dji pjeva\u010dki festival Bre\u017eice 2023 - Mednarodni otro\u0161ki pevski festival Bre\u017eice","og_description":"Ovogodi\u0161nji 7. Me\u0111unarodni dje\u010dji pjeva\u010dki festival Bre\u017eice, ovoga \u0107e puta ugostiti 55 mladih, talentiranih pjeva\u010da od 5 do 17 godina, raspore\u0111enih u tri dobne skupine. Stru\u010dni \u017eiri imao je vrlo te\u017eak zadatak. Od 136 prijavljenih pjeva\u010da, na audicijama u Sloveniji, Hrvatskoj i online, trebalo je odabrati 55 najboljih. Odabrani pjeva\u010di dolaze iz Slovenije, Hrvatske, Bosne &hellip; Continue reading \"Me\u0111unarodni dje\u010dji pjeva\u010dki festival Bre\u017eice 2023\"","og_url":"https:\/\/brezice.eu\/festival\/hr\/medunarodni-djecji-pjevacki-festival-brezice-2023\/","og_site_name":"Mednarodni otro\u0161ki pevski festival Bre\u017eice","article_published_time":"2023-07-22T12:41:37+00:00","article_modified_time":"2023-07-22T12:54:17+00:00","og_image":[{"width":1200,"height":877,"url":"https:\/\/brezice.eu\/festival\/wp-content\/uploads\/2023\/08\/mednarodni-otroski-pevski-festival-brezice-2023-1.jpg","type":"image\/jpeg"}],"author":"Maks","twitter_card":"summary_large_image","twitter_misc":{"Written by":"Maks","Est. reading time":"2 minutes"},"schema":{"@context":"https:\/\/schema.org","@graph":[{"@type":"Article","@id":"https:\/\/brezice.eu\/festival\/hr\/medunarodni-djecji-pjevacki-festival-brezice-2023\/#article","isPartOf":{"@id":"https:\/\/brezice.eu\/festival\/hr\/medunarodni-djecji-pjevacki-festival-brezice-2023\/"},"author":{"name":"Maks","@id":"https:\/\/brezice.eu\/festival\/hr\/#\/schema\/person\/3d072c5f979e85b05a4ce581efa89f7f"},"headline":"Me\u0111unarodni dje\u010dji pjeva\u010dki festival Bre\u017eice 2023","datePublished":"2023-07-22T12:41:37+00:00","dateModified":"2023-07-22T12:54:17+00:00","mainEntityOfPage":{"@id":"https:\/\/brezice.eu\/festival\/hr\/medunarodni-djecji-pjevacki-festival-brezice-2023\/"},"wordCount":235,"commentCount":0,"publisher":{"@id":"https:\/\/brezice.eu\/festival\/hr\/#organization"},"image":{"@id":"https:\/\/brezice.eu\/festival\/hr\/medunarodni-djecji-pjevacki-festival-brezice-2023\/#primaryimage"},"thumbnailUrl":"https:\/\/brezice.eu\/festival\/wp-content\/uploads\/2023\/08\/mednarodni-otroski-pevski-festival-brezice-2023-1.jpg","articleSection":["Najave"],"inLanguage":"hr-HR"},{"@type":"WebPage","@id":"https:\/\/brezice.eu\/festival\/hr\/medunarodni-djecji-pjevacki-festival-brezice-2023\/","url":"https:\/\/brezice.eu\/festival\/hr\/medunarodni-djecji-pjevacki-festival-brezice-2023\/","name":"Me\u0111unarodni dje\u010dji pjeva\u010dki festival Bre\u017eice 2023 - Mednarodni otro\u0161ki pevski festival Bre\u017eice","isPartOf":{"@id":"https:\/\/brezice.eu\/festival\/hr\/#website"},"primaryImageOfPage":{"@id":"https:\/\/brezice.eu\/festival\/hr\/medunarodni-djecji-pjevacki-festival-brezice-2023\/#primaryimage"},"image":{"@id":"https:\/\/brezice.eu\/festival\/hr\/medunarodni-djecji-pjevacki-festival-brezice-2023\/#primaryimage"},"thumbnailUrl":"https:\/\/brezice.eu\/festival\/wp-content\/uploads\/2023\/08\/mednarodni-otroski-pevski-festival-brezice-2023-1.jpg","datePublished":"2023-07-22T12:41:37+00:00","dateModified":"2023-07-22T12:54:17+00:00","breadcrumb":{"@id":"https:\/\/brezice.eu\/festival\/hr\/medunarodni-djecji-pjevacki-festival-brezice-2023\/#breadcrumb"},"inLanguage":"hr-HR","potentialAction":[{"@type":"ReadAction","target":["https:\/\/brezice.eu\/festival\/hr\/medunarodni-djecji-pjevacki-festival-brezice-2023\/"]}]},{"@type":"ImageObject","inLanguage":"hr-HR","@id":"https:\/\/brezice.eu\/festival\/hr\/medunarodni-djecji-pjevacki-festival-brezice-2023\/#primaryimage","url":"https:\/\/brezice.eu\/festival\/wp-content\/uploads\/2023\/08\/mednarodni-otroski-pevski-festival-brezice-2023-1.jpg","contentUrl":"https:\/\/brezice.eu\/festival\/wp-content\/uploads\/2023\/08\/mednarodni-otroski-pevski-festival-brezice-2023-1.jpg","width":1200,"height":877},{"@type":"BreadcrumbList","@id":"https:\/\/brezice.eu\/festival\/hr\/medunarodni-djecji-pjevacki-festival-brezice-2023\/#breadcrumb","itemListElement":[{"@type":"ListItem","position":1,"name":"Home","item":"https:\/\/brezice.eu\/festival\/hr\/"},{"@type":"ListItem","position":2,"name":"Me\u0111unarodni dje\u010dji pjeva\u010dki festival Bre\u017eice 2023"}]},{"@type":"WebSite","@id":"https:\/\/brezice.eu\/festival\/hr\/#website","url":"https:\/\/brezice.eu\/festival\/hr\/","name":"Mednarodni otro\u0161ki pevski festival Bre\u017eice","description":"Predstavljamo vam najbolj\u0161e mlade evropske pevce od 6 do vklju\u010dno 17 let","publisher":{"@id":"https:\/\/brezice.eu\/festival\/hr\/#organization"},"potentialAction":[{"@type":"SearchAction","target":{"@type":"EntryPoint","urlTemplate":"https:\/\/brezice.eu\/festival\/hr\/?s={search_term_string}"},"query-input":{"@type":"PropertyValueSpecification","valueRequired":true,"valueName":"search_term_string"}}],"inLanguage":"hr-HR"},{"@type":"Organization","@id":"https:\/\/brezice.eu\/festival\/hr\/#organization","name":"Mednarodni otro\u0161ki pevski festival Bre\u017eice","url":"https:\/\/brezice.eu\/festival\/hr\/","logo":{"@type":"ImageObject","inLanguage":"hr-HR","@id":"https:\/\/brezice.eu\/festival\/hr\/#\/schema\/logo\/image\/","url":"https:\/\/brezice.eu\/festival\/wp-content\/uploads\/2020\/02\/cropped-MOPFBrezice-logo-z-belim-ozadjem-transparent-1.png","contentUrl":"https:\/\/brezice.eu\/festival\/wp-content\/uploads\/2020\/02\/cropped-MOPFBrezice-logo-z-belim-ozadjem-transparent-1.png","width":990,"height":250,"caption":"Mednarodni otro\u0161ki pevski festival Bre\u017eice"},"image":{"@id":"https:\/\/brezice.eu\/festival\/hr\/#\/schema\/logo\/image\/"}},{"@type":"Person","@id":"https:\/\/brezice.eu\/festival\/hr\/#\/schema\/person\/3d072c5f979e85b05a4ce581efa89f7f","name":"Maks","image":{"@type":"ImageObject","inLanguage":"hr-HR","@id":"https:\/\/secure.gravatar.com\/avatar\/0a63dd2b7395063206299376ba60cf09eb4aa0142b18376a136d022186d600a6?s=96&d=mm&r=g","url":"https:\/\/secure.gravatar.com\/avatar\/0a63dd2b7395063206299376ba60cf09eb4aa0142b18376a136d022186d600a6?s=96&d=mm&r=g","contentUrl":"https:\/\/secure.gravatar.com\/avatar\/0a63dd2b7395063206299376ba60cf09eb4aa0142b18376a136d022186d600a6?s=96&d=mm&r=g","caption":"Maks"},"url":"https:\/\/brezice.eu\/festival\/hr\/author\/maks\/"}]}},"rttpg_featured_image_url":{"full":["https:\/\/brezice.eu\/festival\/wp-content\/uploads\/2023\/08\/mednarodni-otroski-pevski-festival-brezice-2023-1.jpg",1200,877,false],"landscape":["https:\/\/brezice.eu\/festival\/wp-content\/uploads\/2023\/08\/mednarodni-otroski-pevski-festival-brezice-2023-1.jpg",1200,877,false],"portraits":["https:\/\/brezice.eu\/festival\/wp-content\/uploads\/2023\/08\/mednarodni-otroski-pevski-festival-brezice-2023-1.jpg",1200,877,false],"thumbnail":["https:\/\/brezice.eu\/festival\/wp-content\/uploads\/2023\/08\/mednarodni-otroski-pevski-festival-brezice-2023-1-150x150.jpg",150,150,true],"medium":["https:\/\/brezice.eu\/festival\/wp-content\/uploads\/2023\/08\/mednarodni-otroski-pevski-festival-brezice-2023-1-300x219.jpg",300,219,true],"large":["https:\/\/brezice.eu\/festival\/wp-content\/uploads\/2023\/08\/mednarodni-otroski-pevski-festival-brezice-2023-1-1024x748.jpg",525,383,true],"1536x1536":["https:\/\/brezice.eu\/festival\/wp-content\/uploads\/2023\/08\/mednarodni-otroski-pevski-festival-brezice-2023-1.jpg",1200,877,false],"2048x2048":["https:\/\/brezice.eu\/festival\/wp-content\/uploads\/2023\/08\/mednarodni-otroski-pevski-festival-brezice-2023-1.jpg",1200,877,false],"twentyseventeen-featured-image":["https:\/\/brezice.eu\/festival\/wp-content\/uploads\/2023\/08\/mednarodni-otroski-pevski-festival-brezice-2023-1.jpg",1200,877,false],"twentyseventeen-thumbnail-avatar":["https:\/\/brezice.eu\/festival\/wp-content\/uploads\/2023\/08\/mednarodni-otroski-pevski-festival-brezice-2023-1-100x100.jpg",100,100,true]},"rttpg_author":{"display_name":"Maks","author_link":"https:\/\/brezice.eu\/festival\/hr\/author\/maks\/"},"rttpg_comment":0,"rttpg_category":"<a href=\"https:\/\/brezice.eu\/festival\/hr\/category\/najave\/\" rel=\"category tag\">Najave<\/a>","rttpg_excerpt":"Ovogodi\u0161nji 7. Me\u0111unarodni dje\u010dji pjeva\u010dki festival Bre\u017eice, ovoga \u0107e puta ugostiti 55 mladih, talentiranih pjeva\u010da od 5 do 17 godina, raspore\u0111enih u tri dobne skupine. Stru\u010dni \u017eiri imao je vrlo te\u017eak zadatak. Od 136 prijavljenih pjeva\u010da, na audicijama u Sloveniji, Hrvatskoj i online, trebalo je odabrati 55 najboljih. Odabrani pjeva\u010di dolaze iz Slovenije, Hrvatske, Bosne&hellip;","_links":{"self":[{"href":"https:\/\/brezice.eu\/festival\/hr\/wp-json\/wp\/v2\/posts\/2185","targetHints":{"allow":["GET"]}}],"collection":[{"href":"https:\/\/brezice.eu\/festival\/hr\/wp-json\/wp\/v2\/posts"}],"about":[{"href":"https:\/\/brezice.eu\/festival\/hr\/wp-json\/wp\/v2\/types\/post"}],"author":[{"embeddable":true,"href":"https:\/\/brezice.eu\/festival\/hr\/wp-json\/wp\/v2\/users\/1"}],"replies":[{"embeddable":true,"href":"https:\/\/brezice.eu\/festival\/hr\/wp-json\/wp\/v2\/comments?post=2185"}],"version-history":[{"count":2,"href":"https:\/\/brezice.eu\/festival\/hr\/wp-json\/wp\/v2\/posts\/2185\/revisions"}],"predecessor-version":[{"id":2189,"href":"https:\/\/brezice.eu\/festival\/hr\/wp-json\/wp\/v2\/posts\/2185\/revisions\/2189"}],"wp:featuredmedia":[{"embeddable":true,"href":"https:\/\/brezice.eu\/festival\/hr\/wp-json\/wp\/v2\/media\/2200"}],"wp:attachment":[{"href":"https:\/\/brezice.eu\/festival\/hr\/wp-json\/wp\/v2\/media?parent=2185"}],"wp:term":[{"taxonomy":"category","embeddable":true,"href":"https:\/\/brezice.eu\/festival\/hr\/wp-json\/wp\/v2\/categories?post=2185"},{"taxonomy":"post_tag","embeddable":true,"href":"https:\/\/brezice.eu\/festival\/hr\/wp-json\/wp\/v2\/tags?post=2185"}],"curies":[{"name":"wp","href":"https:\/\/api.w.org\/{rel}","templated":true}]}}