{"id":1815,"date":"2022-04-07T14:12:48","date_gmt":"2022-04-07T12:12:48","guid":{"rendered":"https:\/\/brezice.eu\/festival\/?p=1815"},"modified":"2022-04-07T14:15:53","modified_gmt":"2022-04-07T12:15:53","slug":"poziv-za-medunarodni-djecji-pjevacki-festival-brezice-2022","status":"publish","type":"post","link":"https:\/\/brezice.eu\/festival\/hr\/poziv-za-medunarodni-djecji-pjevacki-festival-brezice-2022\/","title":{"rendered":"POZIV ZA ME\u0110UNARODNI DJE\u010cJI PJEVA\u010cKI FESTIVAL BRE\u017dICE 2022"},"content":{"rendered":"\n<p>Objavljujemo natje\u010daj za Me\u0111unarodni dje\u010dji pjeva\u010dki festival Bre\u017eice 2022. Drage pjeva\u010dice i pjeva\u010di, mentori i roditelji, obavje\u0161tavamo vas da je objavljen poziv za prijavu na Me\u0111unarodni dje\u010dji pjeva\u010dki festival Bre\u017eice 2022. Audicije festivala ove godine, odr\u017eavat \u0107e se u\u017eivo, i to: 12. lipnja 2022. u Hrvatskoj (Klanjec) i 19. lipnja 2022. u Sloveniji ( Bre\u017eice). <\/p>\n\n\n\n<p>Prijave za audiciju primamo do 10.06.2022. Festival \u0107e se izvoditi u\u017eivo na koncertnim pozornicama s profesionalnom rasvjetom, vrhunskim ozvu\u010denjem i publikom. Dvije polufinalne ve\u010deri odr\u017eat \u0107e se u dvorani Mladinskega centra Bre\u017eice, a veliko finale u atriju bajkovitog dvorca Bre\u017eice Svi termini i ostali detalji objavljeni su u natje\u010daju, a za dodatna pitanja dostupni smo na info@brezice.eu.<\/p>\n\n\n\n<div class=\"wp-block-buttons is-vertical is-content-justification-center is-nowrap is-layout-flex wp-container-core-buttons-is-layout-534da0b3 wp-block-buttons-is-layout-flex\">\n<div class=\"wp-block-button is-style-fill\"><a class=\"wp-block-button__link has-black-color has-text-color has-background\" href=\"https:\/\/brezice.eu\/festival\/hr\/prijavnica-2022\/\" style=\"border-radius:19px;background-color:#f1f1f1\">Poziv za Me\u0111unarodni dje\u010dji pkeva\u010dki festival Bre\u017eice 2022<\/a><\/div>\n<\/div>\n\n\n\n<div style=\"height:100px\" aria-hidden=\"true\" class=\"wp-block-spacer\"><\/div>\n\n\n\n<figure class=\"wp-block-image size-large\"><img loading=\"lazy\" decoding=\"async\" width=\"1024\" height=\"576\" src=\"https:\/\/brezice.eu\/festival\/wp-content\/uploads\/2022\/03\/Mopf-Brezice-2022-1-1024x576.jpg\" alt=\"\" class=\"wp-image-1797\" srcset=\"https:\/\/brezice.eu\/festival\/wp-content\/uploads\/2022\/03\/Mopf-Brezice-2022-1-1024x576.jpg 1024w, https:\/\/brezice.eu\/festival\/wp-content\/uploads\/2022\/03\/Mopf-Brezice-2022-1-300x169.jpg 300w, https:\/\/brezice.eu\/festival\/wp-content\/uploads\/2022\/03\/Mopf-Brezice-2022-1-768x432.jpg 768w, https:\/\/brezice.eu\/festival\/wp-content\/uploads\/2022\/03\/Mopf-Brezice-2022-1.jpg 1200w\" sizes=\"auto, (max-width: 767px) 89vw, (max-width: 1000px) 54vw, (max-width: 1071px) 543px, 580px\" \/><figcaption>Manca Mihelin, pobjednica MOPF Bre\u017eice 2021<\/figcaption><\/figure>\n","protected":false},"excerpt":{"rendered":"<p>Objavljujemo natje\u010daj za Me\u0111unarodni dje\u010dji pjeva\u010dki festival Bre\u017eice 2022. Drage pjeva\u010dice i pjeva\u010di, mentori i roditelji, obavje\u0161tavamo vas da je objavljen poziv za prijavu na Me\u0111unarodni dje\u010dji pjeva\u010dki festival Bre\u017eice 2022. Audicije festivala ove godine, odr\u017eavat \u0107e se u\u017eivo, i to: 12. lipnja 2022. u Hrvatskoj (Klanjec) i 19. lipnja 2022. u Sloveniji ( Bre\u017eice). &hellip; <\/p>\n<p class=\"link-more\"><a href=\"https:\/\/brezice.eu\/festival\/hr\/poziv-za-medunarodni-djecji-pjevacki-festival-brezice-2022\/\" class=\"more-link\">Continue reading<span class=\"screen-reader-text\"> &#8220;POZIV ZA ME\u0110UNARODNI DJE\u010cJI PJEVA\u010cKI FESTIVAL BRE\u017dICE 2022&#8221;<\/span><\/a><\/p>\n","protected":false},"author":1,"featured_media":1798,"comment_status":"open","ping_status":"open","sticky":false,"template":"","format":"standard","meta":{"footnotes":""},"categories":[3],"tags":[],"class_list":["post-1815","post","type-post","status-publish","format-standard","has-post-thumbnail","hentry","category-najave"],"yoast_head":"<!-- This site is optimized with the Yoast SEO plugin v27.4 - https:\/\/yoast.com\/product\/yoast-seo-wordpress\/ -->\n<title>POZIV ZA ME\u0110UNARODNI DJE\u010cJI PJEVA\u010cKI FESTIVAL BRE\u017dICE 2022 - Mednarodni otro\u0161ki pevski festival Bre\u017eice<\/title>\n<meta name=\"robots\" content=\"index, follow, max-snippet:-1, max-image-preview:large, max-video-preview:-1\" \/>\n<link rel=\"canonical\" href=\"https:\/\/brezice.eu\/festival\/hr\/poziv-za-medunarodni-djecji-pjevacki-festival-brezice-2022\/\" \/>\n<meta property=\"og:locale\" content=\"hr_HR\" \/>\n<meta property=\"og:type\" content=\"article\" \/>\n<meta property=\"og:title\" content=\"POZIV ZA ME\u0110UNARODNI DJE\u010cJI PJEVA\u010cKI FESTIVAL BRE\u017dICE 2022 - Mednarodni otro\u0161ki pevski festival Bre\u017eice\" \/>\n<meta property=\"og:description\" content=\"Objavljujemo natje\u010daj za Me\u0111unarodni dje\u010dji pjeva\u010dki festival Bre\u017eice 2022. Drage pjeva\u010dice i pjeva\u010di, mentori i roditelji, obavje\u0161tavamo vas da je objavljen poziv za prijavu na Me\u0111unarodni dje\u010dji pjeva\u010dki festival Bre\u017eice 2022. Audicije festivala ove godine, odr\u017eavat \u0107e se u\u017eivo, i to: 12. lipnja 2022. u Hrvatskoj (Klanjec) i 19. lipnja 2022. u Sloveniji ( Bre\u017eice). &hellip; Continue reading &quot;POZIV ZA ME\u0110UNARODNI DJE\u010cJI PJEVA\u010cKI FESTIVAL BRE\u017dICE 2022&quot;\" \/>\n<meta property=\"og:url\" content=\"https:\/\/brezice.eu\/festival\/hr\/poziv-za-medunarodni-djecji-pjevacki-festival-brezice-2022\/\" \/>\n<meta property=\"og:site_name\" content=\"Mednarodni otro\u0161ki pevski festival Bre\u017eice\" \/>\n<meta property=\"article:published_time\" content=\"2022-04-07T12:12:48+00:00\" \/>\n<meta property=\"article:modified_time\" content=\"2022-04-07T12:15:53+00:00\" \/>\n<meta property=\"og:image\" content=\"https:\/\/brezice.eu\/festival\/wp-content\/uploads\/2022\/03\/Mopf-Brezice-2022-1.jpg\" \/>\n\t<meta property=\"og:image:width\" content=\"1200\" \/>\n\t<meta property=\"og:image:height\" content=\"675\" \/>\n\t<meta property=\"og:image:type\" content=\"image\/jpeg\" \/>\n<meta name=\"author\" content=\"Maks\" \/>\n<meta name=\"twitter:card\" content=\"summary_large_image\" \/>\n<meta name=\"twitter:label1\" content=\"Written by\" \/>\n\t<meta name=\"twitter:data1\" content=\"Maks\" \/>\n\t<meta name=\"twitter:label2\" content=\"Est. reading time\" \/>\n\t<meta name=\"twitter:data2\" content=\"1 minute\" \/>\n<script type=\"application\/ld+json\" class=\"yoast-schema-graph\">{\"@context\":\"https:\\\/\\\/schema.org\",\"@graph\":[{\"@type\":\"Article\",\"@id\":\"https:\\\/\\\/brezice.eu\\\/festival\\\/hr\\\/poziv-za-medunarodni-djecji-pjevacki-festival-brezice-2022\\\/#article\",\"isPartOf\":{\"@id\":\"https:\\\/\\\/brezice.eu\\\/festival\\\/hr\\\/poziv-za-medunarodni-djecji-pjevacki-festival-brezice-2022\\\/\"},\"author\":{\"name\":\"Maks\",\"@id\":\"https:\\\/\\\/brezice.eu\\\/festival\\\/hr\\\/#\\\/schema\\\/person\\\/3d072c5f979e85b05a4ce581efa89f7f\"},\"headline\":\"POZIV ZA ME\u0110UNARODNI DJE\u010cJI PJEVA\u010cKI FESTIVAL BRE\u017dICE 2022\",\"datePublished\":\"2022-04-07T12:12:48+00:00\",\"dateModified\":\"2022-04-07T12:15:53+00:00\",\"mainEntityOfPage\":{\"@id\":\"https:\\\/\\\/brezice.eu\\\/festival\\\/hr\\\/poziv-za-medunarodni-djecji-pjevacki-festival-brezice-2022\\\/\"},\"wordCount\":156,\"commentCount\":0,\"publisher\":{\"@id\":\"https:\\\/\\\/brezice.eu\\\/festival\\\/hr\\\/#organization\"},\"image\":{\"@id\":\"https:\\\/\\\/brezice.eu\\\/festival\\\/hr\\\/poziv-za-medunarodni-djecji-pjevacki-festival-brezice-2022\\\/#primaryimage\"},\"thumbnailUrl\":\"https:\\\/\\\/brezice.eu\\\/festival\\\/wp-content\\\/uploads\\\/2022\\\/03\\\/Mopf-Brezice-2022-1.jpg\",\"articleSection\":[\"Najave\"],\"inLanguage\":\"hr-HR\"},{\"@type\":\"WebPage\",\"@id\":\"https:\\\/\\\/brezice.eu\\\/festival\\\/hr\\\/poziv-za-medunarodni-djecji-pjevacki-festival-brezice-2022\\\/\",\"url\":\"https:\\\/\\\/brezice.eu\\\/festival\\\/hr\\\/poziv-za-medunarodni-djecji-pjevacki-festival-brezice-2022\\\/\",\"name\":\"POZIV ZA ME\u0110UNARODNI DJE\u010cJI PJEVA\u010cKI FESTIVAL BRE\u017dICE 2022 - Mednarodni otro\u0161ki pevski festival Bre\u017eice\",\"isPartOf\":{\"@id\":\"https:\\\/\\\/brezice.eu\\\/festival\\\/hr\\\/#website\"},\"primaryImageOfPage\":{\"@id\":\"https:\\\/\\\/brezice.eu\\\/festival\\\/hr\\\/poziv-za-medunarodni-djecji-pjevacki-festival-brezice-2022\\\/#primaryimage\"},\"image\":{\"@id\":\"https:\\\/\\\/brezice.eu\\\/festival\\\/hr\\\/poziv-za-medunarodni-djecji-pjevacki-festival-brezice-2022\\\/#primaryimage\"},\"thumbnailUrl\":\"https:\\\/\\\/brezice.eu\\\/festival\\\/wp-content\\\/uploads\\\/2022\\\/03\\\/Mopf-Brezice-2022-1.jpg\",\"datePublished\":\"2022-04-07T12:12:48+00:00\",\"dateModified\":\"2022-04-07T12:15:53+00:00\",\"breadcrumb\":{\"@id\":\"https:\\\/\\\/brezice.eu\\\/festival\\\/hr\\\/poziv-za-medunarodni-djecji-pjevacki-festival-brezice-2022\\\/#breadcrumb\"},\"inLanguage\":\"hr-HR\",\"potentialAction\":[{\"@type\":\"ReadAction\",\"target\":[\"https:\\\/\\\/brezice.eu\\\/festival\\\/hr\\\/poziv-za-medunarodni-djecji-pjevacki-festival-brezice-2022\\\/\"]}]},{\"@type\":\"ImageObject\",\"inLanguage\":\"hr-HR\",\"@id\":\"https:\\\/\\\/brezice.eu\\\/festival\\\/hr\\\/poziv-za-medunarodni-djecji-pjevacki-festival-brezice-2022\\\/#primaryimage\",\"url\":\"https:\\\/\\\/brezice.eu\\\/festival\\\/wp-content\\\/uploads\\\/2022\\\/03\\\/Mopf-Brezice-2022-1.jpg\",\"contentUrl\":\"https:\\\/\\\/brezice.eu\\\/festival\\\/wp-content\\\/uploads\\\/2022\\\/03\\\/Mopf-Brezice-2022-1.jpg\",\"width\":1200,\"height\":675},{\"@type\":\"BreadcrumbList\",\"@id\":\"https:\\\/\\\/brezice.eu\\\/festival\\\/hr\\\/poziv-za-medunarodni-djecji-pjevacki-festival-brezice-2022\\\/#breadcrumb\",\"itemListElement\":[{\"@type\":\"ListItem\",\"position\":1,\"name\":\"Home\",\"item\":\"https:\\\/\\\/brezice.eu\\\/festival\\\/hr\\\/\"},{\"@type\":\"ListItem\",\"position\":2,\"name\":\"POZIV ZA ME\u0110UNARODNI DJE\u010cJI PJEVA\u010cKI FESTIVAL BRE\u017dICE 2022\"}]},{\"@type\":\"WebSite\",\"@id\":\"https:\\\/\\\/brezice.eu\\\/festival\\\/hr\\\/#website\",\"url\":\"https:\\\/\\\/brezice.eu\\\/festival\\\/hr\\\/\",\"name\":\"Mednarodni otro\u0161ki pevski festival Bre\u017eice\",\"description\":\"Predstavljamo vam najbolj\u0161e mlade evropske pevce od 6 do vklju\u010dno 17 let\",\"publisher\":{\"@id\":\"https:\\\/\\\/brezice.eu\\\/festival\\\/hr\\\/#organization\"},\"potentialAction\":[{\"@type\":\"SearchAction\",\"target\":{\"@type\":\"EntryPoint\",\"urlTemplate\":\"https:\\\/\\\/brezice.eu\\\/festival\\\/hr\\\/?s={search_term_string}\"},\"query-input\":{\"@type\":\"PropertyValueSpecification\",\"valueRequired\":true,\"valueName\":\"search_term_string\"}}],\"inLanguage\":\"hr-HR\"},{\"@type\":\"Organization\",\"@id\":\"https:\\\/\\\/brezice.eu\\\/festival\\\/hr\\\/#organization\",\"name\":\"Mednarodni otro\u0161ki pevski festival Bre\u017eice\",\"url\":\"https:\\\/\\\/brezice.eu\\\/festival\\\/hr\\\/\",\"logo\":{\"@type\":\"ImageObject\",\"inLanguage\":\"hr-HR\",\"@id\":\"https:\\\/\\\/brezice.eu\\\/festival\\\/hr\\\/#\\\/schema\\\/logo\\\/image\\\/\",\"url\":\"https:\\\/\\\/brezice.eu\\\/festival\\\/wp-content\\\/uploads\\\/2020\\\/02\\\/cropped-MOPFBrezice-logo-z-belim-ozadjem-transparent-1.png\",\"contentUrl\":\"https:\\\/\\\/brezice.eu\\\/festival\\\/wp-content\\\/uploads\\\/2020\\\/02\\\/cropped-MOPFBrezice-logo-z-belim-ozadjem-transparent-1.png\",\"width\":990,\"height\":250,\"caption\":\"Mednarodni otro\u0161ki pevski festival Bre\u017eice\"},\"image\":{\"@id\":\"https:\\\/\\\/brezice.eu\\\/festival\\\/hr\\\/#\\\/schema\\\/logo\\\/image\\\/\"}},{\"@type\":\"Person\",\"@id\":\"https:\\\/\\\/brezice.eu\\\/festival\\\/hr\\\/#\\\/schema\\\/person\\\/3d072c5f979e85b05a4ce581efa89f7f\",\"name\":\"Maks\",\"image\":{\"@type\":\"ImageObject\",\"inLanguage\":\"hr-HR\",\"@id\":\"https:\\\/\\\/secure.gravatar.com\\\/avatar\\\/0a63dd2b7395063206299376ba60cf09eb4aa0142b18376a136d022186d600a6?s=96&d=mm&r=g\",\"url\":\"https:\\\/\\\/secure.gravatar.com\\\/avatar\\\/0a63dd2b7395063206299376ba60cf09eb4aa0142b18376a136d022186d600a6?s=96&d=mm&r=g\",\"contentUrl\":\"https:\\\/\\\/secure.gravatar.com\\\/avatar\\\/0a63dd2b7395063206299376ba60cf09eb4aa0142b18376a136d022186d600a6?s=96&d=mm&r=g\",\"caption\":\"Maks\"},\"url\":\"https:\\\/\\\/brezice.eu\\\/festival\\\/hr\\\/author\\\/maks\\\/\"}]}<\/script>\n<!-- \/ Yoast SEO plugin. -->","yoast_head_json":{"title":"POZIV ZA ME\u0110UNARODNI DJE\u010cJI PJEVA\u010cKI FESTIVAL BRE\u017dICE 2022 - Mednarodni otro\u0161ki pevski festival Bre\u017eice","robots":{"index":"index","follow":"follow","max-snippet":"max-snippet:-1","max-image-preview":"max-image-preview:large","max-video-preview":"max-video-preview:-1"},"canonical":"https:\/\/brezice.eu\/festival\/hr\/poziv-za-medunarodni-djecji-pjevacki-festival-brezice-2022\/","og_locale":"hr_HR","og_type":"article","og_title":"POZIV ZA ME\u0110UNARODNI DJE\u010cJI PJEVA\u010cKI FESTIVAL BRE\u017dICE 2022 - Mednarodni otro\u0161ki pevski festival Bre\u017eice","og_description":"Objavljujemo natje\u010daj za Me\u0111unarodni dje\u010dji pjeva\u010dki festival Bre\u017eice 2022. Drage pjeva\u010dice i pjeva\u010di, mentori i roditelji, obavje\u0161tavamo vas da je objavljen poziv za prijavu na Me\u0111unarodni dje\u010dji pjeva\u010dki festival Bre\u017eice 2022. Audicije festivala ove godine, odr\u017eavat \u0107e se u\u017eivo, i to: 12. lipnja 2022. u Hrvatskoj (Klanjec) i 19. lipnja 2022. u Sloveniji ( Bre\u017eice). &hellip; Continue reading \"POZIV ZA ME\u0110UNARODNI DJE\u010cJI PJEVA\u010cKI FESTIVAL BRE\u017dICE 2022\"","og_url":"https:\/\/brezice.eu\/festival\/hr\/poziv-za-medunarodni-djecji-pjevacki-festival-brezice-2022\/","og_site_name":"Mednarodni otro\u0161ki pevski festival Bre\u017eice","article_published_time":"2022-04-07T12:12:48+00:00","article_modified_time":"2022-04-07T12:15:53+00:00","og_image":[{"width":1200,"height":675,"url":"https:\/\/brezice.eu\/festival\/wp-content\/uploads\/2022\/03\/Mopf-Brezice-2022-1.jpg","type":"image\/jpeg"}],"author":"Maks","twitter_card":"summary_large_image","twitter_misc":{"Written by":"Maks","Est. reading time":"1 minute"},"schema":{"@context":"https:\/\/schema.org","@graph":[{"@type":"Article","@id":"https:\/\/brezice.eu\/festival\/hr\/poziv-za-medunarodni-djecji-pjevacki-festival-brezice-2022\/#article","isPartOf":{"@id":"https:\/\/brezice.eu\/festival\/hr\/poziv-za-medunarodni-djecji-pjevacki-festival-brezice-2022\/"},"author":{"name":"Maks","@id":"https:\/\/brezice.eu\/festival\/hr\/#\/schema\/person\/3d072c5f979e85b05a4ce581efa89f7f"},"headline":"POZIV ZA ME\u0110UNARODNI DJE\u010cJI PJEVA\u010cKI FESTIVAL BRE\u017dICE 2022","datePublished":"2022-04-07T12:12:48+00:00","dateModified":"2022-04-07T12:15:53+00:00","mainEntityOfPage":{"@id":"https:\/\/brezice.eu\/festival\/hr\/poziv-za-medunarodni-djecji-pjevacki-festival-brezice-2022\/"},"wordCount":156,"commentCount":0,"publisher":{"@id":"https:\/\/brezice.eu\/festival\/hr\/#organization"},"image":{"@id":"https:\/\/brezice.eu\/festival\/hr\/poziv-za-medunarodni-djecji-pjevacki-festival-brezice-2022\/#primaryimage"},"thumbnailUrl":"https:\/\/brezice.eu\/festival\/wp-content\/uploads\/2022\/03\/Mopf-Brezice-2022-1.jpg","articleSection":["Najave"],"inLanguage":"hr-HR"},{"@type":"WebPage","@id":"https:\/\/brezice.eu\/festival\/hr\/poziv-za-medunarodni-djecji-pjevacki-festival-brezice-2022\/","url":"https:\/\/brezice.eu\/festival\/hr\/poziv-za-medunarodni-djecji-pjevacki-festival-brezice-2022\/","name":"POZIV ZA ME\u0110UNARODNI DJE\u010cJI PJEVA\u010cKI FESTIVAL BRE\u017dICE 2022 - Mednarodni otro\u0161ki pevski festival Bre\u017eice","isPartOf":{"@id":"https:\/\/brezice.eu\/festival\/hr\/#website"},"primaryImageOfPage":{"@id":"https:\/\/brezice.eu\/festival\/hr\/poziv-za-medunarodni-djecji-pjevacki-festival-brezice-2022\/#primaryimage"},"image":{"@id":"https:\/\/brezice.eu\/festival\/hr\/poziv-za-medunarodni-djecji-pjevacki-festival-brezice-2022\/#primaryimage"},"thumbnailUrl":"https:\/\/brezice.eu\/festival\/wp-content\/uploads\/2022\/03\/Mopf-Brezice-2022-1.jpg","datePublished":"2022-04-07T12:12:48+00:00","dateModified":"2022-04-07T12:15:53+00:00","breadcrumb":{"@id":"https:\/\/brezice.eu\/festival\/hr\/poziv-za-medunarodni-djecji-pjevacki-festival-brezice-2022\/#breadcrumb"},"inLanguage":"hr-HR","potentialAction":[{"@type":"ReadAction","target":["https:\/\/brezice.eu\/festival\/hr\/poziv-za-medunarodni-djecji-pjevacki-festival-brezice-2022\/"]}]},{"@type":"ImageObject","inLanguage":"hr-HR","@id":"https:\/\/brezice.eu\/festival\/hr\/poziv-za-medunarodni-djecji-pjevacki-festival-brezice-2022\/#primaryimage","url":"https:\/\/brezice.eu\/festival\/wp-content\/uploads\/2022\/03\/Mopf-Brezice-2022-1.jpg","contentUrl":"https:\/\/brezice.eu\/festival\/wp-content\/uploads\/2022\/03\/Mopf-Brezice-2022-1.jpg","width":1200,"height":675},{"@type":"BreadcrumbList","@id":"https:\/\/brezice.eu\/festival\/hr\/poziv-za-medunarodni-djecji-pjevacki-festival-brezice-2022\/#breadcrumb","itemListElement":[{"@type":"ListItem","position":1,"name":"Home","item":"https:\/\/brezice.eu\/festival\/hr\/"},{"@type":"ListItem","position":2,"name":"POZIV ZA ME\u0110UNARODNI DJE\u010cJI PJEVA\u010cKI FESTIVAL BRE\u017dICE 2022"}]},{"@type":"WebSite","@id":"https:\/\/brezice.eu\/festival\/hr\/#website","url":"https:\/\/brezice.eu\/festival\/hr\/","name":"Mednarodni otro\u0161ki pevski festival Bre\u017eice","description":"Predstavljamo vam najbolj\u0161e mlade evropske pevce od 6 do vklju\u010dno 17 let","publisher":{"@id":"https:\/\/brezice.eu\/festival\/hr\/#organization"},"potentialAction":[{"@type":"SearchAction","target":{"@type":"EntryPoint","urlTemplate":"https:\/\/brezice.eu\/festival\/hr\/?s={search_term_string}"},"query-input":{"@type":"PropertyValueSpecification","valueRequired":true,"valueName":"search_term_string"}}],"inLanguage":"hr-HR"},{"@type":"Organization","@id":"https:\/\/brezice.eu\/festival\/hr\/#organization","name":"Mednarodni otro\u0161ki pevski festival Bre\u017eice","url":"https:\/\/brezice.eu\/festival\/hr\/","logo":{"@type":"ImageObject","inLanguage":"hr-HR","@id":"https:\/\/brezice.eu\/festival\/hr\/#\/schema\/logo\/image\/","url":"https:\/\/brezice.eu\/festival\/wp-content\/uploads\/2020\/02\/cropped-MOPFBrezice-logo-z-belim-ozadjem-transparent-1.png","contentUrl":"https:\/\/brezice.eu\/festival\/wp-content\/uploads\/2020\/02\/cropped-MOPFBrezice-logo-z-belim-ozadjem-transparent-1.png","width":990,"height":250,"caption":"Mednarodni otro\u0161ki pevski festival Bre\u017eice"},"image":{"@id":"https:\/\/brezice.eu\/festival\/hr\/#\/schema\/logo\/image\/"}},{"@type":"Person","@id":"https:\/\/brezice.eu\/festival\/hr\/#\/schema\/person\/3d072c5f979e85b05a4ce581efa89f7f","name":"Maks","image":{"@type":"ImageObject","inLanguage":"hr-HR","@id":"https:\/\/secure.gravatar.com\/avatar\/0a63dd2b7395063206299376ba60cf09eb4aa0142b18376a136d022186d600a6?s=96&d=mm&r=g","url":"https:\/\/secure.gravatar.com\/avatar\/0a63dd2b7395063206299376ba60cf09eb4aa0142b18376a136d022186d600a6?s=96&d=mm&r=g","contentUrl":"https:\/\/secure.gravatar.com\/avatar\/0a63dd2b7395063206299376ba60cf09eb4aa0142b18376a136d022186d600a6?s=96&d=mm&r=g","caption":"Maks"},"url":"https:\/\/brezice.eu\/festival\/hr\/author\/maks\/"}]}},"rttpg_featured_image_url":{"full":["https:\/\/brezice.eu\/festival\/wp-content\/uploads\/2022\/03\/Mopf-Brezice-2022-1.jpg",1200,675,false],"landscape":["https:\/\/brezice.eu\/festival\/wp-content\/uploads\/2022\/03\/Mopf-Brezice-2022-1.jpg",1200,675,false],"portraits":["https:\/\/brezice.eu\/festival\/wp-content\/uploads\/2022\/03\/Mopf-Brezice-2022-1.jpg",1200,675,false],"thumbnail":["https:\/\/brezice.eu\/festival\/wp-content\/uploads\/2022\/03\/Mopf-Brezice-2022-1-150x150.jpg",150,150,true],"medium":["https:\/\/brezice.eu\/festival\/wp-content\/uploads\/2022\/03\/Mopf-Brezice-2022-1-300x169.jpg",300,169,true],"large":["https:\/\/brezice.eu\/festival\/wp-content\/uploads\/2022\/03\/Mopf-Brezice-2022-1-1024x576.jpg",525,295,true],"1536x1536":["https:\/\/brezice.eu\/festival\/wp-content\/uploads\/2022\/03\/Mopf-Brezice-2022-1.jpg",1200,675,false],"2048x2048":["https:\/\/brezice.eu\/festival\/wp-content\/uploads\/2022\/03\/Mopf-Brezice-2022-1.jpg",1200,675,false],"twentyseventeen-featured-image":["https:\/\/brezice.eu\/festival\/wp-content\/uploads\/2022\/03\/Mopf-Brezice-2022-1.jpg",1200,675,false],"twentyseventeen-thumbnail-avatar":["https:\/\/brezice.eu\/festival\/wp-content\/uploads\/2022\/03\/Mopf-Brezice-2022-1-100x100.jpg",100,100,true]},"rttpg_author":{"display_name":"Maks","author_link":"https:\/\/brezice.eu\/festival\/hr\/author\/maks\/"},"rttpg_comment":0,"rttpg_category":"<a href=\"https:\/\/brezice.eu\/festival\/hr\/category\/najave\/\" rel=\"category tag\">Najave<\/a>","rttpg_excerpt":"Objavljujemo natje\u010daj za Me\u0111unarodni dje\u010dji pjeva\u010dki festival Bre\u017eice 2022. Drage pjeva\u010dice i pjeva\u010di, mentori i roditelji, obavje\u0161tavamo vas da je objavljen poziv za prijavu na Me\u0111unarodni dje\u010dji pjeva\u010dki festival Bre\u017eice 2022. Audicije festivala ove godine, odr\u017eavat \u0107e se u\u017eivo, i to: 12. lipnja 2022. u Hrvatskoj (Klanjec) i 19. lipnja 2022. u Sloveniji ( Bre\u017eice).&hellip;","_links":{"self":[{"href":"https:\/\/brezice.eu\/festival\/hr\/wp-json\/wp\/v2\/posts\/1815","targetHints":{"allow":["GET"]}}],"collection":[{"href":"https:\/\/brezice.eu\/festival\/hr\/wp-json\/wp\/v2\/posts"}],"about":[{"href":"https:\/\/brezice.eu\/festival\/hr\/wp-json\/wp\/v2\/types\/post"}],"author":[{"embeddable":true,"href":"https:\/\/brezice.eu\/festival\/hr\/wp-json\/wp\/v2\/users\/1"}],"replies":[{"embeddable":true,"href":"https:\/\/brezice.eu\/festival\/hr\/wp-json\/wp\/v2\/comments?post=1815"}],"version-history":[{"count":4,"href":"https:\/\/brezice.eu\/festival\/hr\/wp-json\/wp\/v2\/posts\/1815\/revisions"}],"predecessor-version":[{"id":1820,"href":"https:\/\/brezice.eu\/festival\/hr\/wp-json\/wp\/v2\/posts\/1815\/revisions\/1820"}],"wp:featuredmedia":[{"embeddable":true,"href":"https:\/\/brezice.eu\/festival\/hr\/wp-json\/wp\/v2\/media\/1798"}],"wp:attachment":[{"href":"https:\/\/brezice.eu\/festival\/hr\/wp-json\/wp\/v2\/media?parent=1815"}],"wp:term":[{"taxonomy":"category","embeddable":true,"href":"https:\/\/brezice.eu\/festival\/hr\/wp-json\/wp\/v2\/categories?post=1815"},{"taxonomy":"post_tag","embeddable":true,"href":"https:\/\/brezice.eu\/festival\/hr\/wp-json\/wp\/v2\/tags?post=1815"}],"curies":[{"name":"wp","href":"https:\/\/api.w.org\/{rel}","templated":true}]}}