{"id":2542,"date":"2024-08-13T17:18:52","date_gmt":"2024-08-13T15:18:52","guid":{"rendered":"https:\/\/brezice.eu\/festival\/?p=2542"},"modified":"2024-08-13T17:20:15","modified_gmt":"2024-08-13T15:20:15","slug":"list-of-participants-of-the-8th-brezice-international-childrens-singing-festival","status":"publish","type":"post","link":"https:\/\/brezice.eu\/festival\/en\/list-of-participants-of-the-8th-brezice-international-childrens-singing-festival\/","title":{"rendered":"List of participants of the 8th Bre\u017eice International Children&#8217;s Singing Festival"},"content":{"rendered":"\n<p>This year&#8217;s 8th Bre\u017eice International Children&#8217;s Singing Festival hosted 141 young singers at auditions held in Slovenia, Croatia and online in June 2024. The expert jury had an extremely difficult task to select the semi-finalists.<\/p>\n\n\n\n<p>Male and female singers from Slovenia, Croatia, Serbia, Italy, Malta and Estonia were selected, classified into three age groups: 6-9 years, 10-13 years and 14-17 years. They will compete in two semi-final evenings, which will take place on August 23 and 24, 2024 at 6 p.m. in the Bre\u017eice Youth Center.<\/p>\n\n\n\n<figure class=\"wp-block-image size-large\"><a href=\"https:\/\/brezice.eu\/festival\/wp-content\/uploads\/2024\/08\/Plakat-MOPF-Brezice-2024.jpg\"><img loading=\"lazy\" decoding=\"async\" width=\"1024\" height=\"724\" src=\"https:\/\/brezice.eu\/festival\/wp-content\/uploads\/2024\/08\/Plakat-MOPF-Brezice-2024-1024x724.jpg\" alt=\"8. Mednarodni otro\u0161ki pevski festival Bre\u017eice 2024\" class=\"wp-image-2513\" srcset=\"https:\/\/brezice.eu\/festival\/wp-content\/uploads\/2024\/08\/Plakat-MOPF-Brezice-2024-1024x724.jpg 1024w, https:\/\/brezice.eu\/festival\/wp-content\/uploads\/2024\/08\/Plakat-MOPF-Brezice-2024-300x212.jpg 300w, https:\/\/brezice.eu\/festival\/wp-content\/uploads\/2024\/08\/Plakat-MOPF-Brezice-2024-768x543.jpg 768w, https:\/\/brezice.eu\/festival\/wp-content\/uploads\/2024\/08\/Plakat-MOPF-Brezice-2024-1536x1086.jpg 1536w, https:\/\/brezice.eu\/festival\/wp-content\/uploads\/2024\/08\/Plakat-MOPF-Brezice-2024-1320x934.jpg 1320w, https:\/\/brezice.eu\/festival\/wp-content\/uploads\/2024\/08\/Plakat-MOPF-Brezice-2024.jpg 1920w\" sizes=\"auto, (max-width: 767px) 89vw, (max-width: 1000px) 54vw, (max-width: 1071px) 543px, 580px\" \/><\/a><figcaption class=\"wp-element-caption\">Plakat 8. Mednarodni otro\u0161ki pevski festival Bre\u017eice 2024<\/figcaption><\/figure>\n\n\n\n<p>List of performers in the 1st part of the semi-finals: August 23, 2024 at 6 p.m., in the Bre\u017eice Youth Center:<\/p>\n\n\n\n<figure class=\"wp-block-image size-large\"><a href=\"https:\/\/brezice.eu\/festival\/wp-content\/uploads\/2024\/08\/MOPF-Brezice-2024-Semifinals-1-23.8.2024.pdf\"><img loading=\"lazy\" decoding=\"async\" width=\"1270\" height=\"715\" src=\"https:\/\/brezice.eu\/festival\/wp-content\/uploads\/2024\/08\/MOPF-Brezice-2024-Semifinals-1-23.8.2024-edited.jpg\" alt=\"\" class=\"wp-image-2532\" srcset=\"https:\/\/brezice.eu\/festival\/wp-content\/uploads\/2024\/08\/MOPF-Brezice-2024-Semifinals-1-23.8.2024-edited.jpg 1270w, https:\/\/brezice.eu\/festival\/wp-content\/uploads\/2024\/08\/MOPF-Brezice-2024-Semifinals-1-23.8.2024-edited-300x169.jpg 300w, https:\/\/brezice.eu\/festival\/wp-content\/uploads\/2024\/08\/MOPF-Brezice-2024-Semifinals-1-23.8.2024-edited-1024x577.jpg 1024w, https:\/\/brezice.eu\/festival\/wp-content\/uploads\/2024\/08\/MOPF-Brezice-2024-Semifinals-1-23.8.2024-edited-768x432.jpg 768w\" sizes=\"auto, (max-width: 767px) 89vw, (max-width: 1000px) 54vw, (max-width: 1071px) 543px, 580px\" \/><\/a><\/figure>\n\n\n\n<div class=\"wp-block-file\"><a id=\"wp-block-file--media-17fbdef2-81bc-419e-a76d-fa28eca0831f\" href=\"https:\/\/brezice.eu\/festival\/wp-content\/uploads\/2024\/08\/MOPF-Brezice-2024-Semifinals-1-23.8.2024.pdf\">MOPF-Brezice-2024-Semifinals-1-23.8.2024<\/a><a href=\"https:\/\/brezice.eu\/festival\/wp-content\/uploads\/2024\/08\/MOPF-Brezice-2024-Semifinals-1-23.8.2024.pdf\" class=\"wp-block-file__button wp-element-button\" download aria-describedby=\"wp-block-file--media-17fbdef2-81bc-419e-a76d-fa28eca0831f\">Prenos<\/a><\/div>\n\n\n\n<p><\/p>\n\n\n\n<p>List of performers in the 2nd part of the semi-finals: August 23, 2024 at 6 p.m., in the Bre\u017eice Youth Center:<\/p>\n\n\n\n<figure class=\"wp-block-image size-large\"><a href=\"https:\/\/brezice.eu\/festival\/wp-content\/uploads\/2024\/08\/MOPF-Brezice-2024-Semifinals-2-24.8.2024.pdf\"><img loading=\"lazy\" decoding=\"async\" width=\"1270\" height=\"847\" src=\"https:\/\/brezice.eu\/festival\/wp-content\/uploads\/2024\/08\/MOPF-Brezice-2024-Semifinals-2-24.8.2024-1-edited.jpg\" alt=\"\" class=\"wp-image-2535\" srcset=\"https:\/\/brezice.eu\/festival\/wp-content\/uploads\/2024\/08\/MOPF-Brezice-2024-Semifinals-2-24.8.2024-1-edited.jpg 1270w, https:\/\/brezice.eu\/festival\/wp-content\/uploads\/2024\/08\/MOPF-Brezice-2024-Semifinals-2-24.8.2024-1-edited-300x200.jpg 300w, https:\/\/brezice.eu\/festival\/wp-content\/uploads\/2024\/08\/MOPF-Brezice-2024-Semifinals-2-24.8.2024-1-edited-1024x683.jpg 1024w, https:\/\/brezice.eu\/festival\/wp-content\/uploads\/2024\/08\/MOPF-Brezice-2024-Semifinals-2-24.8.2024-1-edited-768x512.jpg 768w\" sizes=\"auto, (max-width: 767px) 89vw, (max-width: 1000px) 54vw, (max-width: 1071px) 543px, 580px\" \/><\/a><\/figure>\n\n\n\n<div class=\"wp-block-file\"><a id=\"wp-block-file--media-6db052cd-a68c-4c73-b1f9-21a06266ac74\" href=\"https:\/\/brezice.eu\/festival\/wp-content\/uploads\/2024\/08\/MOPF-Brezice-2024-Semifinals-2-24.8.2024.pdf\">MOPF-Brezice-2024-Semifinals-2-24.8.2024<\/a><a href=\"https:\/\/brezice.eu\/festival\/wp-content\/uploads\/2024\/08\/MOPF-Brezice-2024-Semifinals-2-24.8.2024.pdf\" class=\"wp-block-file__button wp-element-button\" download aria-describedby=\"wp-block-file--media-6db052cd-a68c-4c73-b1f9-21a06266ac74\">Prenos<\/a><\/div>\n\n\n\n<p><\/p>\n\n\n\n<p>In the first part of the semi-final, the jury consisting of three jurors and the audience in the hall as the fourth juror will select 12, and in the second part 13 finalists, who will present themselves at the grand final of the 8th International Children&#8217;s Singing Festival in Bre\u017eice on August 25.<br>The price of the ticket, which represents three ballots for each age group and a free bottle of water, is a symbolic 5 EUR and is sold at the entrance.<\/p>\n\n\n\n<p>Location for free parking:&nbsp;<a href=\"https:\/\/maps.app.goo.gl\/BMYTPrT31Dx5MUTx6?fbclid=IwZXh0bgNhZW0CMTAAAR1ex8PBwQgLKfOV_OHyhbCmdIlkYNPzrct_OyntTaVeTE4xscn0yS2Mmts_aem_YGMrMipLkfurIWN0bkgUPQ\" target=\"_blank\" rel=\"noreferrer noopener\">https:\/\/maps.app.goo.gl\/BMYTPrT31Dx5MUTx6<\/a><\/p>\n\n\n\n<p>Location of Youth Center Bre\u017eice (Semifinals Location on August 23rd and 24th, 2024 at 6pm):<br><a href=\"https:\/\/maps.app.goo.gl\/DM4TpSvJFj2FusPs8?fbclid=IwZXh0bgNhZW0CMTAAAR1S6hWugFJm22mc6KJ1odbMzsZsTxSUDJaKyCU54eGmp4ZqZNv7PgiDXcA_aem_kJGcphYF32hohXGVdfyhZA\" target=\"_blank\" rel=\"noreferrer noopener\">https:\/\/maps.app.goo.gl\/DM4TpSvJFj2FusPs8<\/a><\/p>\n\n\n\n<p>Castle Bre\u017eice &#8211; Posavski muzej Bre\u017eice (Grand Finals Location August 25th, 2024 at 7pm):<br><a href=\"https:\/\/l.facebook.com\/l.php?u=https%3A%2F%2Fmaps.app.goo.gl%2FHY1Q1o3AAeYN24nh6%3Ffbclid%3DIwZXh0bgNhZW0CMTAAAR1S6hWugFJm22mc6KJ1odbMzsZsTxSUDJaKyCU54eGmp4ZqZNv7PgiDXcA_aem_kJGcphYF32hohXGVdfyhZA&amp;h=AT19wMMuGysYMoMzx2tOrtWu1gzV_X-aTFzG7zMj5ODrf6VQzA0sH9jEI9nWgLQax12yBqYKFs6pY-VW2ju_bY1EE-p9cKyosu7NUCsgtN4btSLW_C6zPRRG1x7Fj7nTtA&amp;__tn__=q&amp;c[0]=AT2C_m4tYtok_vFo1vuWsZSg7cJKx_KwMez_4xi9_QaNqzdbBhW_Cenea3MsUyduCjWCSZsiQrhPQ94pYNMQcpTx0tGI5KWjOEXEylR50gmf2HFmYA49Pjy8rVM-h9dW5Nv9oQFkrngYZybLNb_CvqEm5W2WNS3IoFcCj8K-qielr83d8lTo\" target=\"_blank\" rel=\"noreferrer noopener\">https:\/\/maps.app.goo.gl\/HY1Q1o3AAeYN24nh6<\/a><\/p>\n\n\n\n<p>Come and conjure up the best audience in the world for our young talents!<\/p>\n","protected":false},"excerpt":{"rendered":"<p>This year&#8217;s 8th Bre\u017eice International Children&#8217;s Singing Festival hosted 141 young singers at auditions held in Slovenia, Croatia and online in June 2024. The expert jury had an extremely difficult task to select the semi-finalists. Male and female singers from Slovenia, Croatia, Serbia, Italy, Malta and Estonia were selected, classified into three age groups: 6-9 &hellip; <\/p>\n<p class=\"link-more\"><a href=\"https:\/\/brezice.eu\/festival\/en\/list-of-participants-of-the-8th-brezice-international-childrens-singing-festival\/\" class=\"more-link\">Continue reading<span class=\"screen-reader-text\"> &#8220;List of participants of the 8th Bre\u017eice International Children&#8217;s Singing Festival&#8221;<\/span><\/a><\/p>\n","protected":false},"author":1,"featured_media":2515,"comment_status":"open","ping_status":"open","sticky":false,"template":"","format":"standard","meta":{"footnotes":""},"categories":[2],"tags":[],"class_list":["post-2542","post","type-post","status-publish","format-standard","has-post-thumbnail","hentry","category-announcements"],"yoast_head":"<!-- This site is optimized with the Yoast SEO plugin v27.4 - https:\/\/yoast.com\/product\/yoast-seo-wordpress\/ -->\n<title>List of participants of the 8th Bre\u017eice International Children&#039;s Singing Festival - Mednarodni otro\u0161ki pevski festival Bre\u017eice<\/title>\n<meta name=\"robots\" content=\"index, follow, max-snippet:-1, max-image-preview:large, max-video-preview:-1\" \/>\n<link rel=\"canonical\" href=\"https:\/\/brezice.eu\/festival\/en\/list-of-participants-of-the-8th-brezice-international-childrens-singing-festival\/\" \/>\n<meta property=\"og:locale\" content=\"en_US\" \/>\n<meta property=\"og:type\" content=\"article\" \/>\n<meta property=\"og:title\" content=\"List of participants of the 8th Bre\u017eice International Children&#039;s Singing Festival - Mednarodni otro\u0161ki pevski festival Bre\u017eice\" \/>\n<meta property=\"og:description\" content=\"This year&#8217;s 8th Bre\u017eice International Children&#8217;s Singing Festival hosted 141 young singers at auditions held in Slovenia, Croatia and online in June 2024. The expert jury had an extremely difficult task to select the semi-finalists. Male and female singers from Slovenia, Croatia, Serbia, Italy, Malta and Estonia were selected, classified into three age groups: 6-9 &hellip; Continue reading &quot;List of participants of the 8th Bre\u017eice International Children&#8217;s Singing Festival&quot;\" \/>\n<meta property=\"og:url\" content=\"https:\/\/brezice.eu\/festival\/en\/list-of-participants-of-the-8th-brezice-international-childrens-singing-festival\/\" \/>\n<meta property=\"og:site_name\" content=\"Mednarodni otro\u0161ki pevski festival Bre\u017eice\" \/>\n<meta property=\"article:published_time\" content=\"2024-08-13T15:18:52+00:00\" \/>\n<meta property=\"article:modified_time\" content=\"2024-08-13T15:20:15+00:00\" \/>\n<meta property=\"og:image\" content=\"https:\/\/brezice.eu\/festival\/wp-content\/uploads\/2024\/08\/Plakat-MOPF-Brezice-2024.jpg\" \/>\n\t<meta property=\"og:image:width\" content=\"1920\" \/>\n\t<meta property=\"og:image:height\" content=\"1358\" \/>\n\t<meta property=\"og:image:type\" content=\"image\/jpeg\" \/>\n<meta name=\"author\" content=\"Maks\" \/>\n<meta name=\"twitter:card\" content=\"summary_large_image\" \/>\n<meta name=\"twitter:label1\" content=\"Written by\" \/>\n\t<meta name=\"twitter:data1\" content=\"Maks\" \/>\n\t<meta name=\"twitter:label2\" content=\"Est. reading time\" \/>\n\t<meta name=\"twitter:data2\" content=\"3 minutes\" \/>\n<script type=\"application\/ld+json\" class=\"yoast-schema-graph\">{\"@context\":\"https:\\\/\\\/schema.org\",\"@graph\":[{\"@type\":\"Article\",\"@id\":\"https:\\\/\\\/brezice.eu\\\/festival\\\/en\\\/list-of-participants-of-the-8th-brezice-international-childrens-singing-festival\\\/#article\",\"isPartOf\":{\"@id\":\"https:\\\/\\\/brezice.eu\\\/festival\\\/en\\\/list-of-participants-of-the-8th-brezice-international-childrens-singing-festival\\\/\"},\"author\":{\"name\":\"Maks\",\"@id\":\"https:\\\/\\\/brezice.eu\\\/festival\\\/en\\\/#\\\/schema\\\/person\\\/3d072c5f979e85b05a4ce581efa89f7f\"},\"headline\":\"List of participants of the 8th Bre\u017eice International Children&#8217;s Singing Festival\",\"datePublished\":\"2024-08-13T15:18:52+00:00\",\"dateModified\":\"2024-08-13T15:20:15+00:00\",\"mainEntityOfPage\":{\"@id\":\"https:\\\/\\\/brezice.eu\\\/festival\\\/en\\\/list-of-participants-of-the-8th-brezice-international-childrens-singing-festival\\\/\"},\"wordCount\":310,\"commentCount\":0,\"publisher\":{\"@id\":\"https:\\\/\\\/brezice.eu\\\/festival\\\/en\\\/#organization\"},\"image\":{\"@id\":\"https:\\\/\\\/brezice.eu\\\/festival\\\/en\\\/list-of-participants-of-the-8th-brezice-international-childrens-singing-festival\\\/#primaryimage\"},\"thumbnailUrl\":\"https:\\\/\\\/brezice.eu\\\/festival\\\/wp-content\\\/uploads\\\/2024\\\/08\\\/Plakat-MOPF-Brezice-2024.jpg\",\"articleSection\":[\"Announcements\"],\"inLanguage\":\"en-US\"},{\"@type\":\"WebPage\",\"@id\":\"https:\\\/\\\/brezice.eu\\\/festival\\\/en\\\/list-of-participants-of-the-8th-brezice-international-childrens-singing-festival\\\/\",\"url\":\"https:\\\/\\\/brezice.eu\\\/festival\\\/en\\\/list-of-participants-of-the-8th-brezice-international-childrens-singing-festival\\\/\",\"name\":\"List of participants of the 8th Bre\u017eice International Children's Singing Festival - Mednarodni otro\u0161ki pevski festival Bre\u017eice\",\"isPartOf\":{\"@id\":\"https:\\\/\\\/brezice.eu\\\/festival\\\/en\\\/#website\"},\"primaryImageOfPage\":{\"@id\":\"https:\\\/\\\/brezice.eu\\\/festival\\\/en\\\/list-of-participants-of-the-8th-brezice-international-childrens-singing-festival\\\/#primaryimage\"},\"image\":{\"@id\":\"https:\\\/\\\/brezice.eu\\\/festival\\\/en\\\/list-of-participants-of-the-8th-brezice-international-childrens-singing-festival\\\/#primaryimage\"},\"thumbnailUrl\":\"https:\\\/\\\/brezice.eu\\\/festival\\\/wp-content\\\/uploads\\\/2024\\\/08\\\/Plakat-MOPF-Brezice-2024.jpg\",\"datePublished\":\"2024-08-13T15:18:52+00:00\",\"dateModified\":\"2024-08-13T15:20:15+00:00\",\"breadcrumb\":{\"@id\":\"https:\\\/\\\/brezice.eu\\\/festival\\\/en\\\/list-of-participants-of-the-8th-brezice-international-childrens-singing-festival\\\/#breadcrumb\"},\"inLanguage\":\"en-US\",\"potentialAction\":[{\"@type\":\"ReadAction\",\"target\":[\"https:\\\/\\\/brezice.eu\\\/festival\\\/en\\\/list-of-participants-of-the-8th-brezice-international-childrens-singing-festival\\\/\"]}]},{\"@type\":\"ImageObject\",\"inLanguage\":\"en-US\",\"@id\":\"https:\\\/\\\/brezice.eu\\\/festival\\\/en\\\/list-of-participants-of-the-8th-brezice-international-childrens-singing-festival\\\/#primaryimage\",\"url\":\"https:\\\/\\\/brezice.eu\\\/festival\\\/wp-content\\\/uploads\\\/2024\\\/08\\\/Plakat-MOPF-Brezice-2024.jpg\",\"contentUrl\":\"https:\\\/\\\/brezice.eu\\\/festival\\\/wp-content\\\/uploads\\\/2024\\\/08\\\/Plakat-MOPF-Brezice-2024.jpg\",\"width\":1920,\"height\":1358},{\"@type\":\"BreadcrumbList\",\"@id\":\"https:\\\/\\\/brezice.eu\\\/festival\\\/en\\\/list-of-participants-of-the-8th-brezice-international-childrens-singing-festival\\\/#breadcrumb\",\"itemListElement\":[{\"@type\":\"ListItem\",\"position\":1,\"name\":\"Home\",\"item\":\"https:\\\/\\\/brezice.eu\\\/festival\\\/en\\\/\"},{\"@type\":\"ListItem\",\"position\":2,\"name\":\"List of participants of the 8th Bre\u017eice International Children&#8217;s Singing Festival\"}]},{\"@type\":\"WebSite\",\"@id\":\"https:\\\/\\\/brezice.eu\\\/festival\\\/en\\\/#website\",\"url\":\"https:\\\/\\\/brezice.eu\\\/festival\\\/en\\\/\",\"name\":\"Mednarodni otro\u0161ki pevski festival Bre\u017eice\",\"description\":\"Predstavljamo vam najbolj\u0161e mlade evropske pevce od 6 do vklju\u010dno 17 let\",\"publisher\":{\"@id\":\"https:\\\/\\\/brezice.eu\\\/festival\\\/en\\\/#organization\"},\"potentialAction\":[{\"@type\":\"SearchAction\",\"target\":{\"@type\":\"EntryPoint\",\"urlTemplate\":\"https:\\\/\\\/brezice.eu\\\/festival\\\/en\\\/?s={search_term_string}\"},\"query-input\":{\"@type\":\"PropertyValueSpecification\",\"valueRequired\":true,\"valueName\":\"search_term_string\"}}],\"inLanguage\":\"en-US\"},{\"@type\":\"Organization\",\"@id\":\"https:\\\/\\\/brezice.eu\\\/festival\\\/en\\\/#organization\",\"name\":\"Mednarodni otro\u0161ki pevski festival Bre\u017eice\",\"url\":\"https:\\\/\\\/brezice.eu\\\/festival\\\/en\\\/\",\"logo\":{\"@type\":\"ImageObject\",\"inLanguage\":\"en-US\",\"@id\":\"https:\\\/\\\/brezice.eu\\\/festival\\\/en\\\/#\\\/schema\\\/logo\\\/image\\\/\",\"url\":\"https:\\\/\\\/brezice.eu\\\/festival\\\/wp-content\\\/uploads\\\/2020\\\/02\\\/cropped-MOPFBrezice-logo-z-belim-ozadjem-transparent-1.png\",\"contentUrl\":\"https:\\\/\\\/brezice.eu\\\/festival\\\/wp-content\\\/uploads\\\/2020\\\/02\\\/cropped-MOPFBrezice-logo-z-belim-ozadjem-transparent-1.png\",\"width\":990,\"height\":250,\"caption\":\"Mednarodni otro\u0161ki pevski festival Bre\u017eice\"},\"image\":{\"@id\":\"https:\\\/\\\/brezice.eu\\\/festival\\\/en\\\/#\\\/schema\\\/logo\\\/image\\\/\"}},{\"@type\":\"Person\",\"@id\":\"https:\\\/\\\/brezice.eu\\\/festival\\\/en\\\/#\\\/schema\\\/person\\\/3d072c5f979e85b05a4ce581efa89f7f\",\"name\":\"Maks\",\"image\":{\"@type\":\"ImageObject\",\"inLanguage\":\"en-US\",\"@id\":\"https:\\\/\\\/secure.gravatar.com\\\/avatar\\\/0a63dd2b7395063206299376ba60cf09eb4aa0142b18376a136d022186d600a6?s=96&d=mm&r=g\",\"url\":\"https:\\\/\\\/secure.gravatar.com\\\/avatar\\\/0a63dd2b7395063206299376ba60cf09eb4aa0142b18376a136d022186d600a6?s=96&d=mm&r=g\",\"contentUrl\":\"https:\\\/\\\/secure.gravatar.com\\\/avatar\\\/0a63dd2b7395063206299376ba60cf09eb4aa0142b18376a136d022186d600a6?s=96&d=mm&r=g\",\"caption\":\"Maks\"},\"url\":\"https:\\\/\\\/brezice.eu\\\/festival\\\/en\\\/author\\\/maks\\\/\"}]}<\/script>\n<!-- \/ Yoast SEO plugin. -->","yoast_head_json":{"title":"List of participants of the 8th Bre\u017eice International Children's Singing Festival - Mednarodni otro\u0161ki pevski festival Bre\u017eice","robots":{"index":"index","follow":"follow","max-snippet":"max-snippet:-1","max-image-preview":"max-image-preview:large","max-video-preview":"max-video-preview:-1"},"canonical":"https:\/\/brezice.eu\/festival\/en\/list-of-participants-of-the-8th-brezice-international-childrens-singing-festival\/","og_locale":"en_US","og_type":"article","og_title":"List of participants of the 8th Bre\u017eice International Children's Singing Festival - Mednarodni otro\u0161ki pevski festival Bre\u017eice","og_description":"This year&#8217;s 8th Bre\u017eice International Children&#8217;s Singing Festival hosted 141 young singers at auditions held in Slovenia, Croatia and online in June 2024. The expert jury had an extremely difficult task to select the semi-finalists. Male and female singers from Slovenia, Croatia, Serbia, Italy, Malta and Estonia were selected, classified into three age groups: 6-9 &hellip; Continue reading \"List of participants of the 8th Bre\u017eice International Children&#8217;s Singing Festival\"","og_url":"https:\/\/brezice.eu\/festival\/en\/list-of-participants-of-the-8th-brezice-international-childrens-singing-festival\/","og_site_name":"Mednarodni otro\u0161ki pevski festival Bre\u017eice","article_published_time":"2024-08-13T15:18:52+00:00","article_modified_time":"2024-08-13T15:20:15+00:00","og_image":[{"width":1920,"height":1358,"url":"https:\/\/brezice.eu\/festival\/wp-content\/uploads\/2024\/08\/Plakat-MOPF-Brezice-2024.jpg","type":"image\/jpeg"}],"author":"Maks","twitter_card":"summary_large_image","twitter_misc":{"Written by":"Maks","Est. reading time":"3 minutes"},"schema":{"@context":"https:\/\/schema.org","@graph":[{"@type":"Article","@id":"https:\/\/brezice.eu\/festival\/en\/list-of-participants-of-the-8th-brezice-international-childrens-singing-festival\/#article","isPartOf":{"@id":"https:\/\/brezice.eu\/festival\/en\/list-of-participants-of-the-8th-brezice-international-childrens-singing-festival\/"},"author":{"name":"Maks","@id":"https:\/\/brezice.eu\/festival\/en\/#\/schema\/person\/3d072c5f979e85b05a4ce581efa89f7f"},"headline":"List of participants of the 8th Bre\u017eice International Children&#8217;s Singing Festival","datePublished":"2024-08-13T15:18:52+00:00","dateModified":"2024-08-13T15:20:15+00:00","mainEntityOfPage":{"@id":"https:\/\/brezice.eu\/festival\/en\/list-of-participants-of-the-8th-brezice-international-childrens-singing-festival\/"},"wordCount":310,"commentCount":0,"publisher":{"@id":"https:\/\/brezice.eu\/festival\/en\/#organization"},"image":{"@id":"https:\/\/brezice.eu\/festival\/en\/list-of-participants-of-the-8th-brezice-international-childrens-singing-festival\/#primaryimage"},"thumbnailUrl":"https:\/\/brezice.eu\/festival\/wp-content\/uploads\/2024\/08\/Plakat-MOPF-Brezice-2024.jpg","articleSection":["Announcements"],"inLanguage":"en-US"},{"@type":"WebPage","@id":"https:\/\/brezice.eu\/festival\/en\/list-of-participants-of-the-8th-brezice-international-childrens-singing-festival\/","url":"https:\/\/brezice.eu\/festival\/en\/list-of-participants-of-the-8th-brezice-international-childrens-singing-festival\/","name":"List of participants of the 8th Bre\u017eice International Children's Singing Festival - Mednarodni otro\u0161ki pevski festival Bre\u017eice","isPartOf":{"@id":"https:\/\/brezice.eu\/festival\/en\/#website"},"primaryImageOfPage":{"@id":"https:\/\/brezice.eu\/festival\/en\/list-of-participants-of-the-8th-brezice-international-childrens-singing-festival\/#primaryimage"},"image":{"@id":"https:\/\/brezice.eu\/festival\/en\/list-of-participants-of-the-8th-brezice-international-childrens-singing-festival\/#primaryimage"},"thumbnailUrl":"https:\/\/brezice.eu\/festival\/wp-content\/uploads\/2024\/08\/Plakat-MOPF-Brezice-2024.jpg","datePublished":"2024-08-13T15:18:52+00:00","dateModified":"2024-08-13T15:20:15+00:00","breadcrumb":{"@id":"https:\/\/brezice.eu\/festival\/en\/list-of-participants-of-the-8th-brezice-international-childrens-singing-festival\/#breadcrumb"},"inLanguage":"en-US","potentialAction":[{"@type":"ReadAction","target":["https:\/\/brezice.eu\/festival\/en\/list-of-participants-of-the-8th-brezice-international-childrens-singing-festival\/"]}]},{"@type":"ImageObject","inLanguage":"en-US","@id":"https:\/\/brezice.eu\/festival\/en\/list-of-participants-of-the-8th-brezice-international-childrens-singing-festival\/#primaryimage","url":"https:\/\/brezice.eu\/festival\/wp-content\/uploads\/2024\/08\/Plakat-MOPF-Brezice-2024.jpg","contentUrl":"https:\/\/brezice.eu\/festival\/wp-content\/uploads\/2024\/08\/Plakat-MOPF-Brezice-2024.jpg","width":1920,"height":1358},{"@type":"BreadcrumbList","@id":"https:\/\/brezice.eu\/festival\/en\/list-of-participants-of-the-8th-brezice-international-childrens-singing-festival\/#breadcrumb","itemListElement":[{"@type":"ListItem","position":1,"name":"Home","item":"https:\/\/brezice.eu\/festival\/en\/"},{"@type":"ListItem","position":2,"name":"List of participants of the 8th Bre\u017eice International Children&#8217;s Singing Festival"}]},{"@type":"WebSite","@id":"https:\/\/brezice.eu\/festival\/en\/#website","url":"https:\/\/brezice.eu\/festival\/en\/","name":"Mednarodni otro\u0161ki pevski festival Bre\u017eice","description":"Predstavljamo vam najbolj\u0161e mlade evropske pevce od 6 do vklju\u010dno 17 let","publisher":{"@id":"https:\/\/brezice.eu\/festival\/en\/#organization"},"potentialAction":[{"@type":"SearchAction","target":{"@type":"EntryPoint","urlTemplate":"https:\/\/brezice.eu\/festival\/en\/?s={search_term_string}"},"query-input":{"@type":"PropertyValueSpecification","valueRequired":true,"valueName":"search_term_string"}}],"inLanguage":"en-US"},{"@type":"Organization","@id":"https:\/\/brezice.eu\/festival\/en\/#organization","name":"Mednarodni otro\u0161ki pevski festival Bre\u017eice","url":"https:\/\/brezice.eu\/festival\/en\/","logo":{"@type":"ImageObject","inLanguage":"en-US","@id":"https:\/\/brezice.eu\/festival\/en\/#\/schema\/logo\/image\/","url":"https:\/\/brezice.eu\/festival\/wp-content\/uploads\/2020\/02\/cropped-MOPFBrezice-logo-z-belim-ozadjem-transparent-1.png","contentUrl":"https:\/\/brezice.eu\/festival\/wp-content\/uploads\/2020\/02\/cropped-MOPFBrezice-logo-z-belim-ozadjem-transparent-1.png","width":990,"height":250,"caption":"Mednarodni otro\u0161ki pevski festival Bre\u017eice"},"image":{"@id":"https:\/\/brezice.eu\/festival\/en\/#\/schema\/logo\/image\/"}},{"@type":"Person","@id":"https:\/\/brezice.eu\/festival\/en\/#\/schema\/person\/3d072c5f979e85b05a4ce581efa89f7f","name":"Maks","image":{"@type":"ImageObject","inLanguage":"en-US","@id":"https:\/\/secure.gravatar.com\/avatar\/0a63dd2b7395063206299376ba60cf09eb4aa0142b18376a136d022186d600a6?s=96&d=mm&r=g","url":"https:\/\/secure.gravatar.com\/avatar\/0a63dd2b7395063206299376ba60cf09eb4aa0142b18376a136d022186d600a6?s=96&d=mm&r=g","contentUrl":"https:\/\/secure.gravatar.com\/avatar\/0a63dd2b7395063206299376ba60cf09eb4aa0142b18376a136d022186d600a6?s=96&d=mm&r=g","caption":"Maks"},"url":"https:\/\/brezice.eu\/festival\/en\/author\/maks\/"}]}},"rttpg_featured_image_url":{"full":["https:\/\/brezice.eu\/festival\/wp-content\/uploads\/2024\/08\/Plakat-MOPF-Brezice-2024.jpg",1920,1358,false],"landscape":["https:\/\/brezice.eu\/festival\/wp-content\/uploads\/2024\/08\/Plakat-MOPF-Brezice-2024.jpg",1920,1358,false],"portraits":["https:\/\/brezice.eu\/festival\/wp-content\/uploads\/2024\/08\/Plakat-MOPF-Brezice-2024.jpg",1920,1358,false],"thumbnail":["https:\/\/brezice.eu\/festival\/wp-content\/uploads\/2024\/08\/Plakat-MOPF-Brezice-2024-150x150.jpg",150,150,true],"medium":["https:\/\/brezice.eu\/festival\/wp-content\/uploads\/2024\/08\/Plakat-MOPF-Brezice-2024-300x212.jpg",300,212,true],"large":["https:\/\/brezice.eu\/festival\/wp-content\/uploads\/2024\/08\/Plakat-MOPF-Brezice-2024-1024x724.jpg",525,371,true],"1536x1536":["https:\/\/brezice.eu\/festival\/wp-content\/uploads\/2024\/08\/Plakat-MOPF-Brezice-2024-1536x1086.jpg",1536,1086,true],"2048x2048":["https:\/\/brezice.eu\/festival\/wp-content\/uploads\/2024\/08\/Plakat-MOPF-Brezice-2024.jpg",1920,1358,false],"twentyseventeen-featured-image":["https:\/\/brezice.eu\/festival\/wp-content\/uploads\/2024\/08\/Plakat-MOPF-Brezice-2024-1920x1200.jpg",1920,1200,true],"twentyseventeen-thumbnail-avatar":["https:\/\/brezice.eu\/festival\/wp-content\/uploads\/2024\/08\/Plakat-MOPF-Brezice-2024-100x100.jpg",100,100,true]},"rttpg_author":{"display_name":"Maks","author_link":"https:\/\/brezice.eu\/festival\/en\/author\/maks\/"},"rttpg_comment":0,"rttpg_category":"<a href=\"https:\/\/brezice.eu\/festival\/en\/category\/announcements\/\" rel=\"category tag\">Announcements<\/a>","rttpg_excerpt":"This year&#8217;s 8th Bre\u017eice International Children&#8217;s Singing Festival hosted 141 young singers at auditions held in Slovenia, Croatia and online in June 2024. The expert jury had an extremely difficult task to select the semi-finalists. Male and female singers from Slovenia, Croatia, Serbia, Italy, Malta and Estonia were selected, classified into three age groups: 6-9&hellip;","_links":{"self":[{"href":"https:\/\/brezice.eu\/festival\/en\/wp-json\/wp\/v2\/posts\/2542","targetHints":{"allow":["GET"]}}],"collection":[{"href":"https:\/\/brezice.eu\/festival\/en\/wp-json\/wp\/v2\/posts"}],"about":[{"href":"https:\/\/brezice.eu\/festival\/en\/wp-json\/wp\/v2\/types\/post"}],"author":[{"embeddable":true,"href":"https:\/\/brezice.eu\/festival\/en\/wp-json\/wp\/v2\/users\/1"}],"replies":[{"embeddable":true,"href":"https:\/\/brezice.eu\/festival\/en\/wp-json\/wp\/v2\/comments?post=2542"}],"version-history":[{"count":2,"href":"https:\/\/brezice.eu\/festival\/en\/wp-json\/wp\/v2\/posts\/2542\/revisions"}],"predecessor-version":[{"id":2544,"href":"https:\/\/brezice.eu\/festival\/en\/wp-json\/wp\/v2\/posts\/2542\/revisions\/2544"}],"wp:featuredmedia":[{"embeddable":true,"href":"https:\/\/brezice.eu\/festival\/en\/wp-json\/wp\/v2\/media\/2515"}],"wp:attachment":[{"href":"https:\/\/brezice.eu\/festival\/en\/wp-json\/wp\/v2\/media?parent=2542"}],"wp:term":[{"taxonomy":"category","embeddable":true,"href":"https:\/\/brezice.eu\/festival\/en\/wp-json\/wp\/v2\/categories?post=2542"},{"taxonomy":"post_tag","embeddable":true,"href":"https:\/\/brezice.eu\/festival\/en\/wp-json\/wp\/v2\/tags?post=2542"}],"curies":[{"name":"wp","href":"https:\/\/api.w.org\/{rel}","templated":true}]}}