{"id":2468,"date":"2024-05-21T11:13:13","date_gmt":"2024-05-21T09:13:13","guid":{"rendered":"https:\/\/brezice.eu\/festival\/?p=2468"},"modified":"2024-05-21T11:13:15","modified_gmt":"2024-05-21T09:13:15","slug":"accommodation-offer-for-festival-participants-in-terme-catez","status":"publish","type":"post","link":"https:\/\/brezice.eu\/festival\/en\/accommodation-offer-for-festival-participants-in-terme-catez\/","title":{"rendered":"Accommodation offer for festival participants in Terme \u010cate\u017e"},"content":{"rendered":"\n<h1 class=\"wp-block-heading\"><strong>Hotel \u010cATE\u017d<\/strong><\/h1>\n\n\n\n<p>** price per person \/ day in a double room with breakfast: \u20ac55<\/p>\n\n\n\n<p>The price also includes: 2 entrances per day \/ person to the summer or winter Thermal Riviera (the hotel is connected to the latter by an internal corridor), unlimited swimming in the outdoor and indoor pools of the \u010cate\u017e hotel;<\/p>\n\n\n\n<p>* children:<br><strong>*<\/strong>&nbsp;up to 11.99 years: 50% discount on the price of an extra bed (in a room with two adults)<br><strong>*<\/strong>&nbsp;up to 5.99 years: free stay without a bed (in a room with two adults)<\/p>\n\n\n\n<p>** supplement for a single room per person\/day: \u20ac22<br>** supplement for an additional meal (lunch or dinner \u2013 buffet): \u20ac17 (per meal)<\/p>\n\n\n\n<p>** tax: \u20ac2.5 \/ person \/ night<br>** registration fee: \u20ac1.5 \/ person<\/p>\n\n\n\n<p><a href=\"https:\/\/www.terme-catez.si\/en\/catez\/accommodations\/hotel-catez\">https:\/\/www.terme-catez.si\/en\/catez\/accommodations\/hotel-cate<\/a><a href=\"https:\/\/www.terme-catez.si\/en\/catez\/accommodations\/hotel-catez\" target=\"_blank\" rel=\"noreferrer noopener\">z<\/a><\/p>\n\n\n\n<figure class=\"wp-block-image size-large\"><a href=\"https:\/\/www.terme-catez.si\/en\/catez\/accommodations\/hotel-catez\" target=\"_blank\" rel=\"noreferrer noopener\"><img loading=\"lazy\" decoding=\"async\" width=\"1024\" height=\"444\" src=\"https:\/\/brezice.eu\/festival\/wp-content\/uploads\/2024\/05\/Hotel-Catez-1024x444.jpg\" alt=\"\" class=\"wp-image-2457\" srcset=\"https:\/\/brezice.eu\/festival\/wp-content\/uploads\/2024\/05\/Hotel-Catez-1024x444.jpg 1024w, https:\/\/brezice.eu\/festival\/wp-content\/uploads\/2024\/05\/Hotel-Catez-300x130.jpg 300w, https:\/\/brezice.eu\/festival\/wp-content\/uploads\/2024\/05\/Hotel-Catez-768x333.jpg 768w, https:\/\/brezice.eu\/festival\/wp-content\/uploads\/2024\/05\/Hotel-Catez-1536x666.jpg 1536w, https:\/\/brezice.eu\/festival\/wp-content\/uploads\/2024\/05\/Hotel-Catez-2048x888.jpg 2048w, https:\/\/brezice.eu\/festival\/wp-content\/uploads\/2024\/05\/Hotel-Catez-1320x572.jpg 1320w\" sizes=\"auto, (max-width: 767px) 89vw, (max-width: 1000px) 54vw, (max-width: 1071px) 543px, 580px\" \/><\/a><\/figure>\n\n\n\n<h1 class=\"wp-block-heading\"><strong><strong>LUX APARTMENTS \/ TERME VILLAGE<\/strong><\/strong><\/h1>\n\n\n\n<p>** apartment rental price \/ day (max up to 5 persons): \u20ac130<\/p>\n\n\n\n<p>The price includes: renting an apartment and the possibility of staying for up to 5 people (2 bedrooms + an additional bed in the living room), tickets to the Thermal Riviera for up to 5 people (each person has 2 entries per day to the summer or winter Thermal Riviera), use of bed and bathroom linen , cleaning the facility upon departure;<\/p>\n\n\n\n<p>** possibility of an additional meal (lunch and\/or dinner) in the restaurant of the \u010cate\u017e hotel: \u20ac17 (per meal)<\/p>\n\n\n\n<p>** fee: \u20ac2.5 \/ person \/ night<\/p>\n\n\n\n<p>** registration fee: \u20ac1.5\/person<\/p>\n\n\n\n<p>For guests who would like to stay in the remaining capacities of Terme \u010cate\u017e, we grant a 20% discount on all offers found on the website of Terme \u010cate\u017e.<\/p>\n\n\n\n<p>To apply the discount or for a special price, guests are asked to send an inquiry &amp; reservation to info@terme-catez.si with the obligatory note FESTIVAL;<\/p>\n\n\n\n<p>Each guest will then receive a confirmation of the discounted stay, all additional information regarding the content of the services and payment terms from the booking department of Terme \u010cate\u017e.<\/p>\n\n\n\n<p><a href=\"https:\/\/www.terme-catez.si\/en\/catez\/namestitve\/apartmaji\" target=\"_blank\" rel=\"noreferrer noopener\">https:\/\/www.terme-catez.si\/en\/catez\/namestitve\/apartma<\/a><a href=\"https:\/\/www.terme-catez.si\/en\/catez\/accommodations\/apartments\" target=\"_blank\" rel=\"noreferrer noopener\">ji<\/a><\/p>\n\n\n\n<figure class=\"wp-block-image size-large\"><a href=\"https:\/\/www.terme-catez.si\/en\/catez\/accommodations\/apartments\" target=\"_blank\" rel=\"noreferrer noopener\"><img loading=\"lazy\" decoding=\"async\" width=\"1024\" height=\"438\" src=\"https:\/\/brezice.eu\/festival\/wp-content\/uploads\/2024\/05\/Apartmaji-Lux-1024x438.jpg\" alt=\"\" class=\"wp-image-2460\" srcset=\"https:\/\/brezice.eu\/festival\/wp-content\/uploads\/2024\/05\/Apartmaji-Lux-1024x438.jpg 1024w, https:\/\/brezice.eu\/festival\/wp-content\/uploads\/2024\/05\/Apartmaji-Lux-300x128.jpg 300w, https:\/\/brezice.eu\/festival\/wp-content\/uploads\/2024\/05\/Apartmaji-Lux-768x328.jpg 768w, https:\/\/brezice.eu\/festival\/wp-content\/uploads\/2024\/05\/Apartmaji-Lux-1536x657.jpg 1536w, https:\/\/brezice.eu\/festival\/wp-content\/uploads\/2024\/05\/Apartmaji-Lux-2048x876.jpg 2048w, https:\/\/brezice.eu\/festival\/wp-content\/uploads\/2024\/05\/Apartmaji-Lux-1320x564.jpg 1320w\" sizes=\"auto, (max-width: 767px) 89vw, (max-width: 1000px) 54vw, (max-width: 1071px) 543px, 580px\" \/><\/a><\/figure>\n\n\n\n<p><\/p>\n\n\n\n<p>Make reservations as soon as possible, as the capacities are not reserved or blocked by the provider of Terme \u010cate\u017e and of course they can also be filled \ud83d\ude0a.<\/p>\n","protected":false},"excerpt":{"rendered":"<p>Hotel \u010cATE\u017d ** price per person \/ day in a double room with breakfast: \u20ac55 The price also includes: 2 entrances per day \/ person to the summer or winter Thermal Riviera (the hotel is connected to the latter by an internal corridor), unlimited swimming in the outdoor and indoor pools of the \u010cate\u017e hotel; &hellip; <\/p>\n<p class=\"link-more\"><a href=\"https:\/\/brezice.eu\/festival\/en\/accommodation-offer-for-festival-participants-in-terme-catez\/\" class=\"more-link\">Continue reading<span class=\"screen-reader-text\"> &#8220;Accommodation offer for festival participants in Terme \u010cate\u017e&#8221;<\/span><\/a><\/p>\n","protected":false},"author":1,"featured_media":2462,"comment_status":"open","ping_status":"open","sticky":false,"template":"","format":"standard","meta":{"footnotes":""},"categories":[2],"tags":[],"class_list":["post-2468","post","type-post","status-publish","format-standard","has-post-thumbnail","hentry","category-announcements"],"yoast_head":"<!-- This site is optimized with the Yoast SEO plugin v27.4 - https:\/\/yoast.com\/product\/yoast-seo-wordpress\/ -->\n<title>Accommodation offer for festival participants in Terme \u010cate\u017e - Mednarodni otro\u0161ki pevski festival Bre\u017eice<\/title>\n<meta name=\"robots\" content=\"index, follow, max-snippet:-1, max-image-preview:large, max-video-preview:-1\" \/>\n<link rel=\"canonical\" href=\"https:\/\/brezice.eu\/festival\/en\/accommodation-offer-for-festival-participants-in-terme-catez\/\" \/>\n<meta property=\"og:locale\" content=\"en_US\" \/>\n<meta property=\"og:type\" content=\"article\" \/>\n<meta property=\"og:title\" content=\"Accommodation offer for festival participants in Terme \u010cate\u017e - Mednarodni otro\u0161ki pevski festival Bre\u017eice\" \/>\n<meta property=\"og:description\" content=\"Hotel \u010cATE\u017d ** price per person \/ day in a double room with breakfast: \u20ac55 The price also includes: 2 entrances per day \/ person to the summer or winter Thermal Riviera (the hotel is connected to the latter by an internal corridor), unlimited swimming in the outdoor and indoor pools of the \u010cate\u017e hotel; &hellip; Continue reading &quot;Accommodation offer for festival participants in Terme \u010cate\u017e&quot;\" \/>\n<meta property=\"og:url\" content=\"https:\/\/brezice.eu\/festival\/en\/accommodation-offer-for-festival-participants-in-terme-catez\/\" \/>\n<meta property=\"og:site_name\" content=\"Mednarodni otro\u0161ki pevski festival Bre\u017eice\" \/>\n<meta property=\"article:published_time\" content=\"2024-05-21T09:13:13+00:00\" \/>\n<meta property=\"article:modified_time\" content=\"2024-05-21T09:13:15+00:00\" \/>\n<meta property=\"og:image\" content=\"https:\/\/brezice.eu\/festival\/wp-content\/uploads\/2024\/05\/Apartmaji-Lux-scaled.jpg\" \/>\n\t<meta property=\"og:image:width\" content=\"2560\" \/>\n\t<meta property=\"og:image:height\" content=\"1095\" \/>\n\t<meta property=\"og:image:type\" content=\"image\/jpeg\" \/>\n<meta name=\"author\" content=\"Maks\" \/>\n<meta name=\"twitter:card\" content=\"summary_large_image\" \/>\n<meta name=\"twitter:label1\" content=\"Written by\" \/>\n\t<meta name=\"twitter:data1\" content=\"Maks\" \/>\n\t<meta name=\"twitter:label2\" content=\"Est. reading time\" \/>\n\t<meta name=\"twitter:data2\" content=\"3 minutes\" \/>\n<script type=\"application\/ld+json\" class=\"yoast-schema-graph\">{\"@context\":\"https:\\\/\\\/schema.org\",\"@graph\":[{\"@type\":\"Article\",\"@id\":\"https:\\\/\\\/brezice.eu\\\/festival\\\/en\\\/accommodation-offer-for-festival-participants-in-terme-catez\\\/#article\",\"isPartOf\":{\"@id\":\"https:\\\/\\\/brezice.eu\\\/festival\\\/en\\\/accommodation-offer-for-festival-participants-in-terme-catez\\\/\"},\"author\":{\"name\":\"Maks\",\"@id\":\"https:\\\/\\\/brezice.eu\\\/festival\\\/en\\\/#\\\/schema\\\/person\\\/3d072c5f979e85b05a4ce581efa89f7f\"},\"headline\":\"Accommodation offer for festival participants in Terme \u010cate\u017e\",\"datePublished\":\"2024-05-21T09:13:13+00:00\",\"dateModified\":\"2024-05-21T09:13:15+00:00\",\"mainEntityOfPage\":{\"@id\":\"https:\\\/\\\/brezice.eu\\\/festival\\\/en\\\/accommodation-offer-for-festival-participants-in-terme-catez\\\/\"},\"wordCount\":340,\"commentCount\":0,\"publisher\":{\"@id\":\"https:\\\/\\\/brezice.eu\\\/festival\\\/en\\\/#organization\"},\"image\":{\"@id\":\"https:\\\/\\\/brezice.eu\\\/festival\\\/en\\\/accommodation-offer-for-festival-participants-in-terme-catez\\\/#primaryimage\"},\"thumbnailUrl\":\"https:\\\/\\\/brezice.eu\\\/festival\\\/wp-content\\\/uploads\\\/2024\\\/05\\\/Apartmaji-Lux-scaled.jpg\",\"articleSection\":[\"Announcements\"],\"inLanguage\":\"en-US\"},{\"@type\":\"WebPage\",\"@id\":\"https:\\\/\\\/brezice.eu\\\/festival\\\/en\\\/accommodation-offer-for-festival-participants-in-terme-catez\\\/\",\"url\":\"https:\\\/\\\/brezice.eu\\\/festival\\\/en\\\/accommodation-offer-for-festival-participants-in-terme-catez\\\/\",\"name\":\"Accommodation offer for festival participants in Terme \u010cate\u017e - Mednarodni otro\u0161ki pevski festival Bre\u017eice\",\"isPartOf\":{\"@id\":\"https:\\\/\\\/brezice.eu\\\/festival\\\/en\\\/#website\"},\"primaryImageOfPage\":{\"@id\":\"https:\\\/\\\/brezice.eu\\\/festival\\\/en\\\/accommodation-offer-for-festival-participants-in-terme-catez\\\/#primaryimage\"},\"image\":{\"@id\":\"https:\\\/\\\/brezice.eu\\\/festival\\\/en\\\/accommodation-offer-for-festival-participants-in-terme-catez\\\/#primaryimage\"},\"thumbnailUrl\":\"https:\\\/\\\/brezice.eu\\\/festival\\\/wp-content\\\/uploads\\\/2024\\\/05\\\/Apartmaji-Lux-scaled.jpg\",\"datePublished\":\"2024-05-21T09:13:13+00:00\",\"dateModified\":\"2024-05-21T09:13:15+00:00\",\"breadcrumb\":{\"@id\":\"https:\\\/\\\/brezice.eu\\\/festival\\\/en\\\/accommodation-offer-for-festival-participants-in-terme-catez\\\/#breadcrumb\"},\"inLanguage\":\"en-US\",\"potentialAction\":[{\"@type\":\"ReadAction\",\"target\":[\"https:\\\/\\\/brezice.eu\\\/festival\\\/en\\\/accommodation-offer-for-festival-participants-in-terme-catez\\\/\"]}]},{\"@type\":\"ImageObject\",\"inLanguage\":\"en-US\",\"@id\":\"https:\\\/\\\/brezice.eu\\\/festival\\\/en\\\/accommodation-offer-for-festival-participants-in-terme-catez\\\/#primaryimage\",\"url\":\"https:\\\/\\\/brezice.eu\\\/festival\\\/wp-content\\\/uploads\\\/2024\\\/05\\\/Apartmaji-Lux-scaled.jpg\",\"contentUrl\":\"https:\\\/\\\/brezice.eu\\\/festival\\\/wp-content\\\/uploads\\\/2024\\\/05\\\/Apartmaji-Lux-scaled.jpg\",\"width\":2560,\"height\":1095,\"caption\":\"Screenshot\"},{\"@type\":\"BreadcrumbList\",\"@id\":\"https:\\\/\\\/brezice.eu\\\/festival\\\/en\\\/accommodation-offer-for-festival-participants-in-terme-catez\\\/#breadcrumb\",\"itemListElement\":[{\"@type\":\"ListItem\",\"position\":1,\"name\":\"Home\",\"item\":\"https:\\\/\\\/brezice.eu\\\/festival\\\/en\\\/\"},{\"@type\":\"ListItem\",\"position\":2,\"name\":\"Accommodation offer for festival participants in Terme \u010cate\u017e\"}]},{\"@type\":\"WebSite\",\"@id\":\"https:\\\/\\\/brezice.eu\\\/festival\\\/en\\\/#website\",\"url\":\"https:\\\/\\\/brezice.eu\\\/festival\\\/en\\\/\",\"name\":\"Mednarodni otro\u0161ki pevski festival Bre\u017eice\",\"description\":\"Predstavljamo vam najbolj\u0161e mlade evropske pevce od 6 do vklju\u010dno 17 let\",\"publisher\":{\"@id\":\"https:\\\/\\\/brezice.eu\\\/festival\\\/en\\\/#organization\"},\"potentialAction\":[{\"@type\":\"SearchAction\",\"target\":{\"@type\":\"EntryPoint\",\"urlTemplate\":\"https:\\\/\\\/brezice.eu\\\/festival\\\/en\\\/?s={search_term_string}\"},\"query-input\":{\"@type\":\"PropertyValueSpecification\",\"valueRequired\":true,\"valueName\":\"search_term_string\"}}],\"inLanguage\":\"en-US\"},{\"@type\":\"Organization\",\"@id\":\"https:\\\/\\\/brezice.eu\\\/festival\\\/en\\\/#organization\",\"name\":\"Mednarodni otro\u0161ki pevski festival Bre\u017eice\",\"url\":\"https:\\\/\\\/brezice.eu\\\/festival\\\/en\\\/\",\"logo\":{\"@type\":\"ImageObject\",\"inLanguage\":\"en-US\",\"@id\":\"https:\\\/\\\/brezice.eu\\\/festival\\\/en\\\/#\\\/schema\\\/logo\\\/image\\\/\",\"url\":\"https:\\\/\\\/brezice.eu\\\/festival\\\/wp-content\\\/uploads\\\/2020\\\/02\\\/cropped-MOPFBrezice-logo-z-belim-ozadjem-transparent-1.png\",\"contentUrl\":\"https:\\\/\\\/brezice.eu\\\/festival\\\/wp-content\\\/uploads\\\/2020\\\/02\\\/cropped-MOPFBrezice-logo-z-belim-ozadjem-transparent-1.png\",\"width\":990,\"height\":250,\"caption\":\"Mednarodni otro\u0161ki pevski festival Bre\u017eice\"},\"image\":{\"@id\":\"https:\\\/\\\/brezice.eu\\\/festival\\\/en\\\/#\\\/schema\\\/logo\\\/image\\\/\"}},{\"@type\":\"Person\",\"@id\":\"https:\\\/\\\/brezice.eu\\\/festival\\\/en\\\/#\\\/schema\\\/person\\\/3d072c5f979e85b05a4ce581efa89f7f\",\"name\":\"Maks\",\"image\":{\"@type\":\"ImageObject\",\"inLanguage\":\"en-US\",\"@id\":\"https:\\\/\\\/secure.gravatar.com\\\/avatar\\\/0a63dd2b7395063206299376ba60cf09eb4aa0142b18376a136d022186d600a6?s=96&d=mm&r=g\",\"url\":\"https:\\\/\\\/secure.gravatar.com\\\/avatar\\\/0a63dd2b7395063206299376ba60cf09eb4aa0142b18376a136d022186d600a6?s=96&d=mm&r=g\",\"contentUrl\":\"https:\\\/\\\/secure.gravatar.com\\\/avatar\\\/0a63dd2b7395063206299376ba60cf09eb4aa0142b18376a136d022186d600a6?s=96&d=mm&r=g\",\"caption\":\"Maks\"},\"url\":\"https:\\\/\\\/brezice.eu\\\/festival\\\/en\\\/author\\\/maks\\\/\"}]}<\/script>\n<!-- \/ Yoast SEO plugin. -->","yoast_head_json":{"title":"Accommodation offer for festival participants in Terme \u010cate\u017e - Mednarodni otro\u0161ki pevski festival Bre\u017eice","robots":{"index":"index","follow":"follow","max-snippet":"max-snippet:-1","max-image-preview":"max-image-preview:large","max-video-preview":"max-video-preview:-1"},"canonical":"https:\/\/brezice.eu\/festival\/en\/accommodation-offer-for-festival-participants-in-terme-catez\/","og_locale":"en_US","og_type":"article","og_title":"Accommodation offer for festival participants in Terme \u010cate\u017e - Mednarodni otro\u0161ki pevski festival Bre\u017eice","og_description":"Hotel \u010cATE\u017d ** price per person \/ day in a double room with breakfast: \u20ac55 The price also includes: 2 entrances per day \/ person to the summer or winter Thermal Riviera (the hotel is connected to the latter by an internal corridor), unlimited swimming in the outdoor and indoor pools of the \u010cate\u017e hotel; &hellip; Continue reading \"Accommodation offer for festival participants in Terme \u010cate\u017e\"","og_url":"https:\/\/brezice.eu\/festival\/en\/accommodation-offer-for-festival-participants-in-terme-catez\/","og_site_name":"Mednarodni otro\u0161ki pevski festival Bre\u017eice","article_published_time":"2024-05-21T09:13:13+00:00","article_modified_time":"2024-05-21T09:13:15+00:00","og_image":[{"width":2560,"height":1095,"url":"https:\/\/brezice.eu\/festival\/wp-content\/uploads\/2024\/05\/Apartmaji-Lux-scaled.jpg","type":"image\/jpeg"}],"author":"Maks","twitter_card":"summary_large_image","twitter_misc":{"Written by":"Maks","Est. reading time":"3 minutes"},"schema":{"@context":"https:\/\/schema.org","@graph":[{"@type":"Article","@id":"https:\/\/brezice.eu\/festival\/en\/accommodation-offer-for-festival-participants-in-terme-catez\/#article","isPartOf":{"@id":"https:\/\/brezice.eu\/festival\/en\/accommodation-offer-for-festival-participants-in-terme-catez\/"},"author":{"name":"Maks","@id":"https:\/\/brezice.eu\/festival\/en\/#\/schema\/person\/3d072c5f979e85b05a4ce581efa89f7f"},"headline":"Accommodation offer for festival participants in Terme \u010cate\u017e","datePublished":"2024-05-21T09:13:13+00:00","dateModified":"2024-05-21T09:13:15+00:00","mainEntityOfPage":{"@id":"https:\/\/brezice.eu\/festival\/en\/accommodation-offer-for-festival-participants-in-terme-catez\/"},"wordCount":340,"commentCount":0,"publisher":{"@id":"https:\/\/brezice.eu\/festival\/en\/#organization"},"image":{"@id":"https:\/\/brezice.eu\/festival\/en\/accommodation-offer-for-festival-participants-in-terme-catez\/#primaryimage"},"thumbnailUrl":"https:\/\/brezice.eu\/festival\/wp-content\/uploads\/2024\/05\/Apartmaji-Lux-scaled.jpg","articleSection":["Announcements"],"inLanguage":"en-US"},{"@type":"WebPage","@id":"https:\/\/brezice.eu\/festival\/en\/accommodation-offer-for-festival-participants-in-terme-catez\/","url":"https:\/\/brezice.eu\/festival\/en\/accommodation-offer-for-festival-participants-in-terme-catez\/","name":"Accommodation offer for festival participants in Terme \u010cate\u017e - Mednarodni otro\u0161ki pevski festival Bre\u017eice","isPartOf":{"@id":"https:\/\/brezice.eu\/festival\/en\/#website"},"primaryImageOfPage":{"@id":"https:\/\/brezice.eu\/festival\/en\/accommodation-offer-for-festival-participants-in-terme-catez\/#primaryimage"},"image":{"@id":"https:\/\/brezice.eu\/festival\/en\/accommodation-offer-for-festival-participants-in-terme-catez\/#primaryimage"},"thumbnailUrl":"https:\/\/brezice.eu\/festival\/wp-content\/uploads\/2024\/05\/Apartmaji-Lux-scaled.jpg","datePublished":"2024-05-21T09:13:13+00:00","dateModified":"2024-05-21T09:13:15+00:00","breadcrumb":{"@id":"https:\/\/brezice.eu\/festival\/en\/accommodation-offer-for-festival-participants-in-terme-catez\/#breadcrumb"},"inLanguage":"en-US","potentialAction":[{"@type":"ReadAction","target":["https:\/\/brezice.eu\/festival\/en\/accommodation-offer-for-festival-participants-in-terme-catez\/"]}]},{"@type":"ImageObject","inLanguage":"en-US","@id":"https:\/\/brezice.eu\/festival\/en\/accommodation-offer-for-festival-participants-in-terme-catez\/#primaryimage","url":"https:\/\/brezice.eu\/festival\/wp-content\/uploads\/2024\/05\/Apartmaji-Lux-scaled.jpg","contentUrl":"https:\/\/brezice.eu\/festival\/wp-content\/uploads\/2024\/05\/Apartmaji-Lux-scaled.jpg","width":2560,"height":1095,"caption":"Screenshot"},{"@type":"BreadcrumbList","@id":"https:\/\/brezice.eu\/festival\/en\/accommodation-offer-for-festival-participants-in-terme-catez\/#breadcrumb","itemListElement":[{"@type":"ListItem","position":1,"name":"Home","item":"https:\/\/brezice.eu\/festival\/en\/"},{"@type":"ListItem","position":2,"name":"Accommodation offer for festival participants in Terme \u010cate\u017e"}]},{"@type":"WebSite","@id":"https:\/\/brezice.eu\/festival\/en\/#website","url":"https:\/\/brezice.eu\/festival\/en\/","name":"Mednarodni otro\u0161ki pevski festival Bre\u017eice","description":"Predstavljamo vam najbolj\u0161e mlade evropske pevce od 6 do vklju\u010dno 17 let","publisher":{"@id":"https:\/\/brezice.eu\/festival\/en\/#organization"},"potentialAction":[{"@type":"SearchAction","target":{"@type":"EntryPoint","urlTemplate":"https:\/\/brezice.eu\/festival\/en\/?s={search_term_string}"},"query-input":{"@type":"PropertyValueSpecification","valueRequired":true,"valueName":"search_term_string"}}],"inLanguage":"en-US"},{"@type":"Organization","@id":"https:\/\/brezice.eu\/festival\/en\/#organization","name":"Mednarodni otro\u0161ki pevski festival Bre\u017eice","url":"https:\/\/brezice.eu\/festival\/en\/","logo":{"@type":"ImageObject","inLanguage":"en-US","@id":"https:\/\/brezice.eu\/festival\/en\/#\/schema\/logo\/image\/","url":"https:\/\/brezice.eu\/festival\/wp-content\/uploads\/2020\/02\/cropped-MOPFBrezice-logo-z-belim-ozadjem-transparent-1.png","contentUrl":"https:\/\/brezice.eu\/festival\/wp-content\/uploads\/2020\/02\/cropped-MOPFBrezice-logo-z-belim-ozadjem-transparent-1.png","width":990,"height":250,"caption":"Mednarodni otro\u0161ki pevski festival Bre\u017eice"},"image":{"@id":"https:\/\/brezice.eu\/festival\/en\/#\/schema\/logo\/image\/"}},{"@type":"Person","@id":"https:\/\/brezice.eu\/festival\/en\/#\/schema\/person\/3d072c5f979e85b05a4ce581efa89f7f","name":"Maks","image":{"@type":"ImageObject","inLanguage":"en-US","@id":"https:\/\/secure.gravatar.com\/avatar\/0a63dd2b7395063206299376ba60cf09eb4aa0142b18376a136d022186d600a6?s=96&d=mm&r=g","url":"https:\/\/secure.gravatar.com\/avatar\/0a63dd2b7395063206299376ba60cf09eb4aa0142b18376a136d022186d600a6?s=96&d=mm&r=g","contentUrl":"https:\/\/secure.gravatar.com\/avatar\/0a63dd2b7395063206299376ba60cf09eb4aa0142b18376a136d022186d600a6?s=96&d=mm&r=g","caption":"Maks"},"url":"https:\/\/brezice.eu\/festival\/en\/author\/maks\/"}]}},"rttpg_featured_image_url":{"full":["https:\/\/brezice.eu\/festival\/wp-content\/uploads\/2024\/05\/Apartmaji-Lux-scaled.jpg",2560,1095,false],"landscape":["https:\/\/brezice.eu\/festival\/wp-content\/uploads\/2024\/05\/Apartmaji-Lux-scaled.jpg",2560,1095,false],"portraits":["https:\/\/brezice.eu\/festival\/wp-content\/uploads\/2024\/05\/Apartmaji-Lux-scaled.jpg",2560,1095,false],"thumbnail":["https:\/\/brezice.eu\/festival\/wp-content\/uploads\/2024\/05\/Apartmaji-Lux-150x150.jpg",150,150,true],"medium":["https:\/\/brezice.eu\/festival\/wp-content\/uploads\/2024\/05\/Apartmaji-Lux-300x128.jpg",300,128,true],"large":["https:\/\/brezice.eu\/festival\/wp-content\/uploads\/2024\/05\/Apartmaji-Lux-1024x438.jpg",525,225,true],"1536x1536":["https:\/\/brezice.eu\/festival\/wp-content\/uploads\/2024\/05\/Apartmaji-Lux-1536x657.jpg",1536,657,true],"2048x2048":["https:\/\/brezice.eu\/festival\/wp-content\/uploads\/2024\/05\/Apartmaji-Lux-2048x876.jpg",2048,876,true],"twentyseventeen-featured-image":["https:\/\/brezice.eu\/festival\/wp-content\/uploads\/2024\/05\/Apartmaji-Lux-2000x1200.jpg",2000,1200,true],"twentyseventeen-thumbnail-avatar":["https:\/\/brezice.eu\/festival\/wp-content\/uploads\/2024\/05\/Apartmaji-Lux-100x100.jpg",100,100,true]},"rttpg_author":{"display_name":"Maks","author_link":"https:\/\/brezice.eu\/festival\/en\/author\/maks\/"},"rttpg_comment":0,"rttpg_category":"<a href=\"https:\/\/brezice.eu\/festival\/en\/category\/announcements\/\" rel=\"category tag\">Announcements<\/a>","rttpg_excerpt":"Hotel \u010cATE\u017d ** price per person \/ day in a double room with breakfast: \u20ac55 The price also includes: 2 entrances per day \/ person to the summer or winter Thermal Riviera (the hotel is connected to the latter by an internal corridor), unlimited swimming in the outdoor and indoor pools of the \u010cate\u017e hotel;&hellip;","_links":{"self":[{"href":"https:\/\/brezice.eu\/festival\/en\/wp-json\/wp\/v2\/posts\/2468","targetHints":{"allow":["GET"]}}],"collection":[{"href":"https:\/\/brezice.eu\/festival\/en\/wp-json\/wp\/v2\/posts"}],"about":[{"href":"https:\/\/brezice.eu\/festival\/en\/wp-json\/wp\/v2\/types\/post"}],"author":[{"embeddable":true,"href":"https:\/\/brezice.eu\/festival\/en\/wp-json\/wp\/v2\/users\/1"}],"replies":[{"embeddable":true,"href":"https:\/\/brezice.eu\/festival\/en\/wp-json\/wp\/v2\/comments?post=2468"}],"version-history":[{"count":1,"href":"https:\/\/brezice.eu\/festival\/en\/wp-json\/wp\/v2\/posts\/2468\/revisions"}],"predecessor-version":[{"id":2469,"href":"https:\/\/brezice.eu\/festival\/en\/wp-json\/wp\/v2\/posts\/2468\/revisions\/2469"}],"wp:featuredmedia":[{"embeddable":true,"href":"https:\/\/brezice.eu\/festival\/en\/wp-json\/wp\/v2\/media\/2462"}],"wp:attachment":[{"href":"https:\/\/brezice.eu\/festival\/en\/wp-json\/wp\/v2\/media?parent=2468"}],"wp:term":[{"taxonomy":"category","embeddable":true,"href":"https:\/\/brezice.eu\/festival\/en\/wp-json\/wp\/v2\/categories?post=2468"},{"taxonomy":"post_tag","embeddable":true,"href":"https:\/\/brezice.eu\/festival\/en\/wp-json\/wp\/v2\/tags?post=2468"}],"curies":[{"name":"wp","href":"https:\/\/api.w.org\/{rel}","templated":true}]}}